{"id":43294,"date":"2009-10-28T06:15:10","date_gmt":"2009-10-28T05:15:10","guid":{"rendered":"http:\/\/www.schoene-nachrichten.de\/?p=43294"},"modified":"2009-10-28T07:47:42","modified_gmt":"2009-10-28T06:47:42","slug":"das-sonderkonjunkturprogramm-machts-moeglich-neuer-kunstrasenplatz-am-sportgelaende-der-sg-sickels","status":"publish","type":"post","link":"https:\/\/www.fuldaernachrichten.de\/?p=43294","title":{"rendered":"Das Sonderkonjunkturprogramm macht&#8217;s m\u00f6glich: Neuer Kunstrasenplatz am Sportgel\u00e4nde der SG Sickels"},"content":{"rendered":"<p><strong><a href=\"http:\/\/www.schoene-nachrichten.de\/wp-content\/uploads\/2009\/10\/091027_Sickels.jpg\"><img decoding=\"async\" class=\"alignleft size-thumbnail wp-image-43295\" title=\"091027_Sickels\" src=\"http:\/\/www.schoene-nachrichten.de\/wp-content\/uploads\/2009\/10\/091027_Sickels-265x176.jpg\" alt=\"091027_Sickels\" width=\"265\" height=\"176\" srcset=\"https:\/\/www.fuldaernachrichten.de\/wp-content\/uploads\/2009\/10\/091027_Sickels-265x176.jpg 265w, https:\/\/www.fuldaernachrichten.de\/wp-content\/uploads\/2009\/10\/091027_Sickels.jpg 592w\" sizes=\"(max-width: 265px) 100vw, 265px\" \/><\/a>Fulda.<\/strong> \u201eDer Breiten- und der Spitzensport \u2013 beide liegen uns besonders am Herzen\u201c, so Oberb\u00fcrgermeister Gerhard M\u00f6ller bei der Vorstellung des Projektes \u201eKunstrasenplatz am Gel\u00e4nde der SG Sickels\u201c. \u201eWir wollen hier am bereits durch die SG Sickels genutzten Gel\u00e4nde gegen\u00fcber des Messegel\u00e4ndes Fulda ein neues Kleinspielfeld errichten\u201c, gibt M\u00f6ller bekannt. Dieses Kleinspielfeld mit Kunstrasenplatz und Trainingsbeleuchtung steht allen Fuldaer Vereinen offen. Neben Jugend- und Seniorenspielen soll es dem Trainingssport dienen. <!--more--><\/p>\n<p><strong>Mittel f\u00fcr den Fuldaer Breiten- und Spitzensport<\/strong><\/p>\n<p>\u201eWir glauben hier eine L\u00fccke zu schlie\u00dfen, die in den letzten Jahren immer markanter zu sehen war\u201c, gibt Fuldas Sportdezernent und B\u00fcrgermeister Dr. Wolfgang Dippel zu bedenken. Am westlichen Rand der Stadt fehlte eine solche Trainingsanlage, die zentral gelegen und gute Spielm\u00f6glichkeiten bietet. Die Stadt ist sich sicher, dass hier aus den Mitteln des hessischen Sonderkonjunkturprogramms eine Anlage f\u00fcr den Breiten wie den Spitzensport entsteht, die ihrer Bestimmung ge-n\u00fcgt und die angenommen wird.<\/p>\n<p><a href=\"http:\/\/www.schoene-nachrichten.de\/wp-content\/uploads\/2009\/10\/091027_Sickels2.jpg\"><img decoding=\"async\" class=\"alignleft size-thumbnail wp-image-43296\" title=\"091027_Sickels2\" src=\"http:\/\/www.schoene-nachrichten.de\/wp-content\/uploads\/2009\/10\/091027_Sickels2-265x176.jpg\" alt=\"091027_Sickels2\" width=\"265\" height=\"176\" srcset=\"https:\/\/www.fuldaernachrichten.de\/wp-content\/uploads\/2009\/10\/091027_Sickels2-265x176.jpg 265w, https:\/\/www.fuldaernachrichten.de\/wp-content\/uploads\/2009\/10\/091027_Sickels2.jpg 592w\" sizes=\"(max-width: 265px) 100vw, 265px\" \/><\/a>Das Kunstrasenfeld wird zur Zeit bereits neben dem Kreisel zur Messe Fulda errichtet. Das Feld wird landschaftlich in das vorhandene Gel\u00e4nde vertieft eingebaut und mit einem hohen Fangzaun versehen. Somit ist gew\u00e4hrleistet, dass die Sicherheitsbestimmungen eingehalten werden und keine Sportger\u00e4te auf die nahe gelegene Stra\u00dfe auftreffen k\u00f6nnen. Die Ma\u00dfnahme hat ein Auftragsvolumen von ca. 431.000 EUR. (hm)<\/p>\n","protected":false},"excerpt":{"rendered":"<div class=\"tmnf_excerpt\"><p>Fulda. \u201eDer Breiten- und der Spitzensport \u2013 beide liegen uns besonders am Herzen\u201c, so Oberb\u00fcrgermeister Gerhard M\u00f6ller bei der Vorstellung des Projektes \u201eKunstrasenplatz am Gel\u00e4nde der SG Sickels\u201c. \u201eWir wollen hier am bereits durch die SG Sickels genutzten Gel\u00e4nde gegen\u00fcber des Messegel\u00e4ndes Fulda ein neues Kleinspielfeld errichten\u201c, gibt M\u00f6ller bekannt. Dieses Kleinspielfeld mit Kunstrasenplatz und &hellip;<\/p>\n<\/div>","protected":false},"author":1,"featured_media":0,"comment_status":"closed","ping_status":"closed","sticky":false,"template":"","format":"standard","meta":{"footnotes":""},"categories":[1,46],"tags":[],"class_list":["post-43294","post","type-post","status-publish","format-standard","hentry","category-startseite","category-sport"],"_links":{"self":[{"href":"https:\/\/www.fuldaernachrichten.de\/index.php?rest_route=\/wp\/v2\/posts\/43294","targetHints":{"allow":["GET"]}}],"collection":[{"href":"https:\/\/www.fuldaernachrichten.de\/index.php?rest_route=\/wp\/v2\/posts"}],"about":[{"href":"https:\/\/www.fuldaernachrichten.de\/index.php?rest_route=\/wp\/v2\/types\/post"}],"author":[{"embeddable":true,"href":"https:\/\/www.fuldaernachrichten.de\/index.php?rest_route=\/wp\/v2\/users\/1"}],"replies":[{"embeddable":true,"href":"https:\/\/www.fuldaernachrichten.de\/index.php?rest_route=%2Fwp%2Fv2%2Fcomments&post=43294"}],"version-history":[{"count":3,"href":"https:\/\/www.fuldaernachrichten.de\/index.php?rest_route=\/wp\/v2\/posts\/43294\/revisions"}],"predecessor-version":[{"id":43328,"href":"https:\/\/www.fuldaernachrichten.de\/index.php?rest_route=\/wp\/v2\/posts\/43294\/revisions\/43328"}],"wp:attachment":[{"href":"https:\/\/www.fuldaernachrichten.de\/index.php?rest_route=%2Fwp%2Fv2%2Fmedia&parent=43294"}],"wp:term":[{"taxonomy":"category","embeddable":true,"href":"https:\/\/www.fuldaernachrichten.de\/index.php?rest_route=%2Fwp%2Fv2%2Fcategories&post=43294"},{"taxonomy":"post_tag","embeddable":true,"href":"https:\/\/www.fuldaernachrichten.de\/index.php?rest_route=%2Fwp%2Fv2%2Ftags&post=43294"}],"curies":[{"name":"wp","href":"https:\/\/api.w.org\/{rel}","templated":true}]}}