{"id":43180,"date":"2009-10-29T06:10:28","date_gmt":"2009-10-29T05:10:28","guid":{"rendered":"http:\/\/www.schoene-nachrichten.de\/?p=43180"},"modified":"2009-10-29T09:10:40","modified_gmt":"2009-10-29T08:10:40","slug":"das-sonderkonjunkturprogramm-schulen-macht-es-moeglich-astrid-lindgren-schule-wird-erweitert","status":"publish","type":"post","link":"https:\/\/www.fuldaernachrichten.de\/?p=43180","title":{"rendered":"Das Sonderkonjunkturprogramm \u201eSchulen\u201c macht es m\u00f6glich: Astrid-Lindgren-Schule wird erweitert"},"content":{"rendered":"<p><strong><a href=\"http:\/\/www.schoene-nachrichten.de\/wp-content\/uploads\/2009\/10\/091027_Schule.jpg\"><img decoding=\"async\" class=\"alignleft size-thumbnail wp-image-43181\" title=\"091027_Schule\" src=\"http:\/\/www.schoene-nachrichten.de\/wp-content\/uploads\/2009\/10\/091027_Schule-265x176.jpg\" alt=\"091027_Schule\" width=\"265\" height=\"176\" srcset=\"https:\/\/www.fuldaernachrichten.de\/wp-content\/uploads\/2009\/10\/091027_Schule-265x176.jpg 265w, https:\/\/www.fuldaernachrichten.de\/wp-content\/uploads\/2009\/10\/091027_Schule.jpg 592w\" sizes=\"(max-width: 265px) 100vw, 265px\" \/><\/a>Fulda.<\/strong> \u201eDie Kinderzahlen sprechen f\u00fcr sich\u201c, so Oberb\u00fcrgermeister Gerhard M\u00f6ller bei der Vorstellung des Erweiterungskonzepts f\u00fcr die Astrid-Lindgren-Schule auf der Fulda Galerie. Vier neue Klassenr\u00e4ume werden an das bestehende Schulgeb\u00e4ude angebaut, so dass sich das Raumangebot f\u00fcr die beachtliche Sch\u00fclerzahl verbessert. Die Astrid-Lindgren-Schule ist die Grundschule f\u00fcr den jungen Stadtteil Fulda Galerie sowie f\u00fcr Sickels. Auf der Fulda Galerie leben viele junge Familien, die Einschulungszahlen sind daher stetig steigend. \u201eDies rechtfertigt den Anbau\u201c, versichert M\u00f6ller. M\u00f6ller bedankt sich in diesem Zusammenhang bei den Lehrkr\u00e4ften der Schule und vor allem bei Rektorin Gabrielis Steinberger, die neben dem normalen Schulbetrieb auch noch die p\u00e4dagogische Mittagsbetreuung in der Schule schultert.<!--more--><\/p>\n<p><strong><a href=\"http:\/\/www.schoene-nachrichten.de\/wp-content\/uploads\/2009\/10\/091027_Schule2.jpg\"><img decoding=\"async\" class=\"alignleft size-thumbnail wp-image-43182\" title=\"091027_Schule2\" src=\"http:\/\/www.schoene-nachrichten.de\/wp-content\/uploads\/2009\/10\/091027_Schule2-265x176.jpg\" alt=\"091027_Schule2\" width=\"265\" height=\"176\" srcset=\"https:\/\/www.fuldaernachrichten.de\/wp-content\/uploads\/2009\/10\/091027_Schule2-265x176.jpg 265w, https:\/\/www.fuldaernachrichten.de\/wp-content\/uploads\/2009\/10\/091027_Schule2.jpg 592w\" sizes=\"(max-width: 265px) 100vw, 265px\" \/><\/a>Lernen in neuen R\u00e4umen<\/strong><br \/>\n\u201eWir wollen, dass die Kinder der Fulda Galerie sowie des Stadtteils Sickels nicht in beengten Verh\u00e4ltnissen lernen m\u00fcssen. Die Mittel des Sonderkonjunkturpaket sind hier zielf\u00fchrend und in unsere Zukunft investiert\u201c, erl\u00e4utert B\u00fcrgermeister und Schuldezernent Dr. Wolfgang Dippel die Arbeiten. Die Roharbeiten kosten ca. 115.000 EUR mit denen man die Schule betr\u00e4chtlich erweitert. Dippel: \u201eUnsere Kleinsten verzeihen kein langes Warten, aus diesem Grunde laufen die Arbeiten bereits heu-te\u201c. Die Firma G\u00fcnther aus Fulda ist bereits tatkr\u00e4ftig am errichten des Erweiterungstraktes.<\/p>\n<p>\u201eIm n\u00e4chsten Jahr k\u00f6nnen wir die Klassen den Kindern \u00fcbergeben, so dass hier Mathematik, Deutsch und auch Kunst gelehrt werden kann\u201c, freut sich Oberb\u00fcrgermeister M\u00f6ller. (hm)<\/p>\n","protected":false},"excerpt":{"rendered":"<div class=\"tmnf_excerpt\"><p>Fulda. \u201eDie Kinderzahlen sprechen f\u00fcr sich\u201c, so Oberb\u00fcrgermeister Gerhard M\u00f6ller bei der Vorstellung des Erweiterungskonzepts f\u00fcr die Astrid-Lindgren-Schule auf der Fulda Galerie. Vier neue Klassenr\u00e4ume werden an das bestehende Schulgeb\u00e4ude angebaut, so dass sich das Raumangebot f\u00fcr die beachtliche Sch\u00fclerzahl verbessert. Die Astrid-Lindgren-Schule ist die Grundschule f\u00fcr den jungen Stadtteil Fulda Galerie sowie f\u00fcr Sickels. &hellip;<\/p>\n<\/div>","protected":false},"author":1,"featured_media":0,"comment_status":"closed","ping_status":"closed","sticky":false,"template":"","format":"standard","meta":{"footnotes":""},"categories":[1,72],"tags":[],"class_list":["post-43180","post","type-post","status-publish","format-standard","hentry","category-startseite","category-jugend"],"_links":{"self":[{"href":"https:\/\/www.fuldaernachrichten.de\/index.php?rest_route=\/wp\/v2\/posts\/43180","targetHints":{"allow":["GET"]}}],"collection":[{"href":"https:\/\/www.fuldaernachrichten.de\/index.php?rest_route=\/wp\/v2\/posts"}],"about":[{"href":"https:\/\/www.fuldaernachrichten.de\/index.php?rest_route=\/wp\/v2\/types\/post"}],"author":[{"embeddable":true,"href":"https:\/\/www.fuldaernachrichten.de\/index.php?rest_route=\/wp\/v2\/users\/1"}],"replies":[{"embeddable":true,"href":"https:\/\/www.fuldaernachrichten.de\/index.php?rest_route=%2Fwp%2Fv2%2Fcomments&post=43180"}],"version-history":[{"count":3,"href":"https:\/\/www.fuldaernachrichten.de\/index.php?rest_route=\/wp\/v2\/posts\/43180\/revisions"}],"predecessor-version":[{"id":43457,"href":"https:\/\/www.fuldaernachrichten.de\/index.php?rest_route=\/wp\/v2\/posts\/43180\/revisions\/43457"}],"wp:attachment":[{"href":"https:\/\/www.fuldaernachrichten.de\/index.php?rest_route=%2Fwp%2Fv2%2Fmedia&parent=43180"}],"wp:term":[{"taxonomy":"category","embeddable":true,"href":"https:\/\/www.fuldaernachrichten.de\/index.php?rest_route=%2Fwp%2Fv2%2Fcategories&post=43180"},{"taxonomy":"post_tag","embeddable":true,"href":"https:\/\/www.fuldaernachrichten.de\/index.php?rest_route=%2Fwp%2Fv2%2Ftags&post=43180"}],"curies":[{"name":"wp","href":"https:\/\/api.w.org\/{rel}","templated":true}]}}