{"id":43171,"date":"2009-11-02T07:00:21","date_gmt":"2009-11-02T06:00:21","guid":{"rendered":"http:\/\/www.schoene-nachrichten.de\/?p=43171"},"modified":"2009-11-02T07:35:38","modified_gmt":"2009-11-02T06:35:38","slug":"ab-12-november-gotisches-messbuch-liefert-motive-fuer-weihnachtsmarken-2009","status":"publish","type":"post","link":"https:\/\/www.fuldaernachrichten.de\/?p=43171","title":{"rendered":"Gotisches Messbuch liefert Motive f\u00fcr Weihnachtsmarken 2009"},"content":{"rendered":"<p><strong><a href=\"http:\/\/www.schoene-nachrichten.de\/wp-content\/uploads\/2009\/10\/091027_Weihnachtsmarke.jpg\"><img decoding=\"async\" class=\"alignleft size-thumbnail wp-image-43172\" title=\"091027_Weihnachtsmarke\" src=\"http:\/\/www.schoene-nachrichten.de\/wp-content\/uploads\/2009\/10\/091027_Weihnachtsmarke-265x157.jpg\" alt=\"091027_Weihnachtsmarke\" width=\"265\" height=\"157\" srcset=\"https:\/\/www.fuldaernachrichten.de\/wp-content\/uploads\/2009\/10\/091027_Weihnachtsmarke-265x157.jpg 265w, https:\/\/www.fuldaernachrichten.de\/wp-content\/uploads\/2009\/10\/091027_Weihnachtsmarke.jpg 592w\" sizes=\"(max-width: 265px) 100vw, 265px\" \/><\/a>Fulda<\/strong>.\u00c2\u00a0 Am Donnerstag, dem 12. November, ist der Erstausgabetag der diesj\u00e4hrigen Weihnachtsmarken 2009 mit Zuschlag f\u00fcr die Wohlfahrt. Die beiden Marken zeigen Darstellungen der Geburt Christi und die Anbetung durch die Heiligen Drei K\u00f6nige aus einer der sch\u00f6nsten sp\u00e4tmittelalterlichen Handschriften. Das sogenannte Hoya-Missale, ein prachtvolles gotisches Messbuch mit 56 Bildinitialen und einer reichen Initial- und Randornamentik, z\u00e4hlt zu den Meisterwerken des goldenen Zeitalters der holl\u00e4ndischen Buchmalerei. Es wird stilistisch den Handschriften aus der Schule der sogenannten \u201eMeistern des Zweder van Culemborg\u201c zugerechnet und in das Jahrzehnt zwischen 1420 und 1430 datiert.<!--more--><\/p>\n<p><a href=\"http:\/\/www.schoene-nachrichten.de\/wp-content\/uploads\/2009\/10\/091027_Weihnachtsmarke2.jpg\"><img decoding=\"async\" class=\"alignleft size-thumbnail wp-image-43173\" title=\"091027_Weihnachtsmarke2\" src=\"http:\/\/www.schoene-nachrichten.de\/wp-content\/uploads\/2009\/10\/091027_Weihnachtsmarke2-265x157.jpg\" alt=\"091027_Weihnachtsmarke2\" width=\"265\" height=\"157\" srcset=\"https:\/\/www.fuldaernachrichten.de\/wp-content\/uploads\/2009\/10\/091027_Weihnachtsmarke2-265x157.jpg 265w, https:\/\/www.fuldaernachrichten.de\/wp-content\/uploads\/2009\/10\/091027_Weihnachtsmarke2.jpg 592w\" sizes=\"(max-width: 265px) 100vw, 265px\" \/><\/a>Die Sonderbriefmarke mit dem Wertzeichen \u201e45+20 Cent\u201c zeigt als Initiale die Anbetung der K\u00f6nige. Links sitzt Maria, die das Kind auf ihrem Scho\u00df h\u00e4lt. Auf der Sonderbriefmarke mit dem Wertzeichen \u201e55+25 Cent\u201c ist eine Initiale mit der Anbetung des Kindes im Stall abgebildet. Der Caritasverband f\u00fcr die Di\u00f6zese Fulda sowie die Regional-Caritasverb\u00e4nde in Fulda, Hanau, Kassel und Marburg sowie ihren nachgeordneten Gesch\u00e4ftsstellen bieten unmittelbar ab dem Erstausgabetag 12. November die neuen Weihnachtsmarken zum Verkauf an. Die Zuschl\u00e4ge von 20 bzw. 25 Cent der beim Caritasverband erworbenen Sonderbriefmarken kommen in vollem Umfange der vielf\u00e4ltigen Arbeit der Caritas direkt zu Gute. Weihnachts- und die derzeit noch erh\u00e4ltlichen Wohlfahrtsmarken mit den Himmelserscheinungen als Motiven sind einzeln, als 10er-Markenheftchen und als Pockets mit f\u00fcnf Exemplaren erh\u00e4ltlich.<\/p>\n<p>Ausgegeben werden sie zum Beispiel beim Caritasverband in der Di\u00f6zese Fulda e. V., Wilhelmstra\u00dfe 2, 36037 Fulda, Tel. 0661\/2428-111, E-Mail kathrin.mihm@caritas-fulda.de.\u00c2\u00a0 hier k\u00f6nnen Interessierte auch eine Verkaufsadresse in ihrer N\u00e4he erfragen. Erh\u00e4ltlich sind die Briefmarken zudem problemlos via Internet unter <a href=\"http:\/\/www.caritas-fulda.de\" target=\"_blank\">www.caritas-fulda.de<\/a> im Online-Shop. (cif)<\/p>\n","protected":false},"excerpt":{"rendered":"<div class=\"tmnf_excerpt\"><p>Fulda.\u00c2\u00a0 Am Donnerstag, dem 12. November, ist der Erstausgabetag der diesj\u00e4hrigen Weihnachtsmarken 2009 mit Zuschlag f\u00fcr die Wohlfahrt. Die beiden Marken zeigen Darstellungen der Geburt Christi und die Anbetung durch die Heiligen Drei K\u00f6nige aus einer der sch\u00f6nsten sp\u00e4tmittelalterlichen Handschriften. Das sogenannte Hoya-Missale, ein prachtvolles gotisches Messbuch mit 56 Bildinitialen und einer reichen Initial- und &hellip;<\/p>\n<\/div>","protected":false},"author":1,"featured_media":0,"comment_status":"closed","ping_status":"closed","sticky":false,"template":"","format":"standard","meta":{"footnotes":""},"categories":[1],"tags":[],"class_list":["post-43171","post","type-post","status-publish","format-standard","hentry","category-startseite"],"_links":{"self":[{"href":"https:\/\/www.fuldaernachrichten.de\/index.php?rest_route=\/wp\/v2\/posts\/43171","targetHints":{"allow":["GET"]}}],"collection":[{"href":"https:\/\/www.fuldaernachrichten.de\/index.php?rest_route=\/wp\/v2\/posts"}],"about":[{"href":"https:\/\/www.fuldaernachrichten.de\/index.php?rest_route=\/wp\/v2\/types\/post"}],"author":[{"embeddable":true,"href":"https:\/\/www.fuldaernachrichten.de\/index.php?rest_route=\/wp\/v2\/users\/1"}],"replies":[{"embeddable":true,"href":"https:\/\/www.fuldaernachrichten.de\/index.php?rest_route=%2Fwp%2Fv2%2Fcomments&post=43171"}],"version-history":[{"count":8,"href":"https:\/\/www.fuldaernachrichten.de\/index.php?rest_route=\/wp\/v2\/posts\/43171\/revisions"}],"predecessor-version":[{"id":43739,"href":"https:\/\/www.fuldaernachrichten.de\/index.php?rest_route=\/wp\/v2\/posts\/43171\/revisions\/43739"}],"wp:attachment":[{"href":"https:\/\/www.fuldaernachrichten.de\/index.php?rest_route=%2Fwp%2Fv2%2Fmedia&parent=43171"}],"wp:term":[{"taxonomy":"category","embeddable":true,"href":"https:\/\/www.fuldaernachrichten.de\/index.php?rest_route=%2Fwp%2Fv2%2Fcategories&post=43171"},{"taxonomy":"post_tag","embeddable":true,"href":"https:\/\/www.fuldaernachrichten.de\/index.php?rest_route=%2Fwp%2Fv2%2Ftags&post=43171"}],"curies":[{"name":"wp","href":"https:\/\/api.w.org\/{rel}","templated":true}]}}