{"id":43098,"date":"2009-10-28T06:00:40","date_gmt":"2009-10-28T05:00:40","guid":{"rendered":"http:\/\/www.schoene-nachrichten.de\/?p=43098"},"modified":"2009-10-28T09:04:53","modified_gmt":"2009-10-28T08:04:53","slug":"britta-glaser-farbklaenge-malerei-ausstellung-in-der-kunststation","status":"publish","type":"post","link":"https:\/\/www.fuldaernachrichten.de\/?p=43098","title":{"rendered":"Britta Glaser &#8211; Farbkl\u00e4nge Malerei &#8211; Ausstellung in der Kunststation"},"content":{"rendered":"<p><strong>Kleinsassen. <\/strong>Britta Glaser ist ein durchweg musischer Mensch. Sie spielt Querfl\u00f6te und Klavier und studiert mittlerweile klassischen Gesang an der Royal Academy of Music in London, nachdem sie bereits ein Studium in Kunstp\u00e4dagogik an der Universit\u00e4t Leipzig abgeschlossen hat. Antriebskraft f\u00fcr ihre Musik aber auch f\u00fcr ihre Malerei ist dabei ihre Suche nach perfekten Kl\u00e4ngen, wobei sie \u201eperfekt\u201c mit den Worten \u201evielschichtig\u201c und \u201erund\u201c definiert. Facettenreiche und dabei harmonische Strukturen wecken ihr Interesse. Das gilt f\u00fcr die Malerei ebenso wie f\u00fcr die Musik und die Architektur, der dritten Kunstform, von der sie sich beeinflusst sieht.<!--more--><\/p>\n<p>Im Bild ist ihr die Farbe am Wichtigsten. Sie spielt die Hauptrolle. Struktur und dargestellte Form haben sich ihr unterzuordnen. Vorbilder f\u00fcr eine solche reduzierte, abstrakte Formgebung findet sie in der modernen Schweizer Architektur, die sich durch eine besondere Klarheit in Form und Material auszeichnet und dadurch einen zeitlosen, fast archaischen Reiz aus\u00fcbt. Einzig die gerade Linie, die in der Architektur eine so tragende Rolle spielt, lehnt Britta Glaser ab. Ihr scheint es lohnender, dem Auge, das ohnehin schon mit so vielen geraden Linien konfrontiert ist, einen Gegenpol und eine visuelle Entlastung zu verschaffen.<\/p>\n<p>So legt sie in ihren Bildern zahlreiche, stark strukturierte Farbschichten \u00fcbereinander, die sich gegenseitig nie ganz \u00fcberdecken, so dass eine komplex vibrierende Farbwirkung entsteht, die durch das gro\u00dfe Format ihrer Gem\u00e4lde noch verst\u00e4rkt wird und den Betrachter \u00e4hnlich vereinnahmt wie der Klang einer Stimme im Raum. Die Farbe umh\u00fcllt einen nahezu. Und ebenso wie sich ein Lied niemals eins zu eins wiederholen l\u00e4sst, sind ihre Bilder nicht reproduzierbar. Jedes Gem\u00e4lde ist eine Momentaufnahme ihres Seelenzustandes und ihres bildnerischen Wollens.<\/p>\n<p><strong>In Kleinsassen zeigt die junge K\u00fcnstlerin Arbeiten aus den letzten zwei Jahren. Die Ausstellung im Atelier der Kunststation wird am Sonntag, den 1. November 2009, 11 Uhr in der Kunststation durch Elmar Hegmann er\u00f6ffnet und dauert bis zum 17. Januar 2010.<\/strong><\/p>\n<p>Text: Marianne Blum<\/p>\n","protected":false},"excerpt":{"rendered":"<div class=\"tmnf_excerpt\"><p>Kleinsassen. Britta Glaser ist ein durchweg musischer Mensch. Sie spielt Querfl\u00f6te und Klavier und studiert mittlerweile klassischen Gesang an der Royal Academy of Music in London, nachdem sie bereits ein Studium in Kunstp\u00e4dagogik an der Universit\u00e4t Leipzig abgeschlossen hat. Antriebskraft f\u00fcr ihre Musik aber auch f\u00fcr ihre Malerei ist dabei ihre Suche nach perfekten Kl\u00e4ngen, &hellip;<\/p>\n<\/div>","protected":false},"author":1,"featured_media":0,"comment_status":"closed","ping_status":"closed","sticky":false,"template":"","format":"standard","meta":{"footnotes":""},"categories":[1,44],"tags":[],"class_list":["post-43098","post","type-post","status-publish","format-standard","hentry","category-startseite","category-kultur"],"_links":{"self":[{"href":"https:\/\/www.fuldaernachrichten.de\/index.php?rest_route=\/wp\/v2\/posts\/43098","targetHints":{"allow":["GET"]}}],"collection":[{"href":"https:\/\/www.fuldaernachrichten.de\/index.php?rest_route=\/wp\/v2\/posts"}],"about":[{"href":"https:\/\/www.fuldaernachrichten.de\/index.php?rest_route=\/wp\/v2\/types\/post"}],"author":[{"embeddable":true,"href":"https:\/\/www.fuldaernachrichten.de\/index.php?rest_route=\/wp\/v2\/users\/1"}],"replies":[{"embeddable":true,"href":"https:\/\/www.fuldaernachrichten.de\/index.php?rest_route=%2Fwp%2Fv2%2Fcomments&post=43098"}],"version-history":[{"count":4,"href":"https:\/\/www.fuldaernachrichten.de\/index.php?rest_route=\/wp\/v2\/posts\/43098\/revisions"}],"predecessor-version":[{"id":43337,"href":"https:\/\/www.fuldaernachrichten.de\/index.php?rest_route=\/wp\/v2\/posts\/43098\/revisions\/43337"}],"wp:attachment":[{"href":"https:\/\/www.fuldaernachrichten.de\/index.php?rest_route=%2Fwp%2Fv2%2Fmedia&parent=43098"}],"wp:term":[{"taxonomy":"category","embeddable":true,"href":"https:\/\/www.fuldaernachrichten.de\/index.php?rest_route=%2Fwp%2Fv2%2Fcategories&post=43098"},{"taxonomy":"post_tag","embeddable":true,"href":"https:\/\/www.fuldaernachrichten.de\/index.php?rest_route=%2Fwp%2Fv2%2Ftags&post=43098"}],"curies":[{"name":"wp","href":"https:\/\/api.w.org\/{rel}","templated":true}]}}