{"id":43073,"date":"2009-10-27T05:45:51","date_gmt":"2009-10-27T04:45:51","guid":{"rendered":"http:\/\/www.schoene-nachrichten.de\/?p=43073"},"modified":"2009-10-27T07:28:18","modified_gmt":"2009-10-27T06:28:18","slug":"bundespraesident-horst-koehler-bleibt-schirmherr-des-deutschen-wanderverbandes","status":"publish","type":"post","link":"https:\/\/www.fuldaernachrichten.de\/?p=43073","title":{"rendered":"Bundespr\u00e4sident Horst K\u00f6hler bleibt Schirmherr des Deutschen Wanderverbandes"},"content":{"rendered":"<p><a title=\"Foto: Max Colin Heydenreich\" rel=\"lightbox[roadtrip]\" href=\"..\/wp-content\/uploads\/2008\/06\/080628_Koehler_024.jpg\" target=\"_blank\"><img decoding=\"async\" src=\"..\/wp-content\/uploads\/2008\/06\/080628_Koehler_024.jpg\" alt=\"080628_Koehler_024.jpg\" width=\"560\" \/><\/a><\/p>\n<p>Der neue Vorstand des Deutschen Wanderverbandes traf sich zu seiner konstituierenden Sitzung am 17. Oktober 2009 in Frankfurt. Pr\u00e4sidium und Vorstand freuten sich \u00fcber die Nachricht, dass der Bundespr\u00e4sident auch in seiner zweiten Amtszeit die Schirmherrschaft f\u00fcr den Deutschen Wanderverband (DWV) \u00fcbernimmt.<\/p>\n<p><strong>Fotos (7): <\/strong>Max Colin Heydenreich<!--more--><\/p>\n<p>Verbandspr\u00e4sident Dr. Hans-Ulrich Rauchfu\u00df sagte: \u201eWir danken unserem Bundespr\u00e4sidenten f\u00fcr die Unterst\u00fctzung der deutschen Gebirgs- und Wandervereine durch seine Schirmherrschaft.\u201c Dr. Rauchfu\u00df erinnerte an die gemeinsame Wanderung mit dem Bundespr\u00e4sidenten im Juni 2008 und dessen Worte beim 108. Deutschen Wandertag in Fulda zum 125-j\u00e4hrigen Jubil\u00e4um des DWV. Dabei sprach Horst K\u00f6hler den Aktiven in den Gebirgs- und Wandervereinen seine Anerkennung aus: \u201eMehr als eine halbe Million Menschen sind Mitglieder in einem Wanderverein. Viele von ihnen wandern nicht nur, sondern helfen ehrenamtlich mit, die mehr als 200.000 Kilometer deutscher Wanderwege zu pflegen und zu gestalten; sie verfassen Wanderliteratur, geben Wanderkarten heraus und f\u00fchren Wanderungen. F\u00fcr dieses Engagement gilt ihnen mein besonderer Dank.\u201c<\/p>\n<p><a title=\"Foto: Max Colin Heydenreich\" rel=\"lightbox[roadtrip]\" href=\"http:\/\/www.schoene-nachrichten.de\/wp-content\/uploads\/2008\/06\/080628_Koehler_019.jpg\" target=\"_blank\"><img decoding=\"async\" src=\"http:\/\/www.schoene-nachrichten.de\/wp-content\/uploads\/2008\/06\/080628_Koehler_019.thumbnail.jpg\" alt=\"080628_Koehler_019.jpg\" width=\"128\" \/><\/a> <a title=\"Foto: Max Colin Heydenreich\" rel=\"lightbox[roadtrip]\" href=\"http:\/\/www.schoene-nachrichten.de\/wp-content\/uploads\/2008\/06\/080628_Koehler_020.jpg\" target=\"_blank\"><img decoding=\"async\" src=\"http:\/\/www.schoene-nachrichten.de\/wp-content\/uploads\/2008\/06\/080628_Koehler_020.thumbnail.jpg\" alt=\"080628_Koehler_020.jpg\" width=\"128\" \/><\/a> <a title=\"Foto: Max Colin Heydenreich\" rel=\"lightbox[roadtrip]\" href=\"http:\/\/www.schoene-nachrichten.de\/wp-content\/uploads\/2008\/06\/080628_Koehler_021.jpg\" target=\"_blank\"><img decoding=\"async\" src=\"http:\/\/www.schoene-nachrichten.de\/wp-content\/uploads\/2008\/06\/080628_Koehler_021.thumbnail.jpg\" alt=\"080628_Koehler_021.jpg\" width=\"128\" \/><\/a><\/p>\n<p><a title=\"Foto: Max Colin Heydenreich\" rel=\"lightbox[roadtrip]\" href=\"http:\/\/www.schoene-nachrichten.de\/wp-content\/uploads\/2008\/06\/080628_Koehler_022.jpg\" target=\"_blank\"><img decoding=\"async\" src=\"http:\/\/www.schoene-nachrichten.de\/wp-content\/uploads\/2008\/06\/080628_Koehler_022.thumbnail.jpg\" alt=\"080628_Koehler_022.jpg\" width=\"128\" \/><\/a> <a title=\"Foto: Max Colin Heydenreich\" rel=\"lightbox[roadtrip]\" href=\"http:\/\/www.schoene-nachrichten.de\/wp-content\/uploads\/2008\/06\/080628_Koehler_014.jpg\" target=\"_blank\"><img decoding=\"async\" src=\"http:\/\/www.schoene-nachrichten.de\/wp-content\/uploads\/2008\/06\/080628_Koehler_014.thumbnail.jpg\" alt=\"080628_Koehler_014.jpg\" width=\"128\" \/><\/a> <a title=\"Foto: Max Colin Heydenreich\" rel=\"lightbox[roadtrip]\" href=\"http:\/\/www.schoene-nachrichten.de\/wp-content\/uploads\/2008\/06\/080628_Koehler_023.jpg\" target=\"_blank\"><img decoding=\"async\" src=\"http:\/\/www.schoene-nachrichten.de\/wp-content\/uploads\/2008\/06\/080628_Koehler_023.thumbnail.jpg\" alt=\"080628_Koehler_023.jpg\" width=\"128\" \/><\/a><\/p>\n<p>Der auf dem 109. Deutschen Wandertag in Willingen gew\u00e4hlte Vorstand des Deutschen Wanderverbandes setzt sich wie folgt zusammen: Verbandspr\u00e4sident: Dr. Hans-Ulrich Rauchfu\u00df, 1. Vizepr\u00e4sident: Werner Mohr, 2. Vizepr\u00e4sident: J\u00f6rg Haase, 3. Vizepr\u00e4sidentin: Heidrun Hiemer, Schatzmeister: Robert Strobel.<\/p>\n<p><strong>Beisitzer\/innen: <\/strong>Tony Alt, Eugen Dieterle, Dr. Erich Krau\u00df, Claudia M\u00fcller, Gebhard Pape.<\/p>\n<p><strong>Verbandsfachwarte: <\/strong>Tobias Guckuck (Jugend), J\u00f6rg Haase (\u00d6ffentlichkeitsarbeit), Peter Holota (Familie), Dr. Peter Kracht (Kultur), Gunter Sch\u00f6n (Wandern), Heidrun Schuck (Wege), Helmut Seitel (Naturschutz).<\/p>\n","protected":false},"excerpt":{"rendered":"<div class=\"tmnf_excerpt\"><p>Der neue Vorstand des Deutschen Wanderverbandes traf sich zu seiner konstituierenden Sitzung am 17. Oktober 2009 in Frankfurt. Pr\u00e4sidium und Vorstand freuten sich \u00fcber die Nachricht, dass der Bundespr\u00e4sident auch in seiner zweiten Amtszeit die Schirmherrschaft f\u00fcr den Deutschen Wanderverband (DWV) \u00fcbernimmt. Fotos (7): Max Colin Heydenreich<\/p>\n<\/div>","protected":false},"author":1,"featured_media":0,"comment_status":"closed","ping_status":"closed","sticky":false,"template":"","format":"standard","meta":{"footnotes":""},"categories":[1,52],"tags":[],"class_list":["post-43073","post","type-post","status-publish","format-standard","hentry","category-startseite","category-umwelt"],"_links":{"self":[{"href":"https:\/\/www.fuldaernachrichten.de\/index.php?rest_route=\/wp\/v2\/posts\/43073","targetHints":{"allow":["GET"]}}],"collection":[{"href":"https:\/\/www.fuldaernachrichten.de\/index.php?rest_route=\/wp\/v2\/posts"}],"about":[{"href":"https:\/\/www.fuldaernachrichten.de\/index.php?rest_route=\/wp\/v2\/types\/post"}],"author":[{"embeddable":true,"href":"https:\/\/www.fuldaernachrichten.de\/index.php?rest_route=\/wp\/v2\/users\/1"}],"replies":[{"embeddable":true,"href":"https:\/\/www.fuldaernachrichten.de\/index.php?rest_route=%2Fwp%2Fv2%2Fcomments&post=43073"}],"version-history":[{"count":3,"href":"https:\/\/www.fuldaernachrichten.de\/index.php?rest_route=\/wp\/v2\/posts\/43073\/revisions"}],"predecessor-version":[{"id":43083,"href":"https:\/\/www.fuldaernachrichten.de\/index.php?rest_route=\/wp\/v2\/posts\/43073\/revisions\/43083"}],"wp:attachment":[{"href":"https:\/\/www.fuldaernachrichten.de\/index.php?rest_route=%2Fwp%2Fv2%2Fmedia&parent=43073"}],"wp:term":[{"taxonomy":"category","embeddable":true,"href":"https:\/\/www.fuldaernachrichten.de\/index.php?rest_route=%2Fwp%2Fv2%2Fcategories&post=43073"},{"taxonomy":"post_tag","embeddable":true,"href":"https:\/\/www.fuldaernachrichten.de\/index.php?rest_route=%2Fwp%2Fv2%2Ftags&post=43073"}],"curies":[{"name":"wp","href":"https:\/\/api.w.org\/{rel}","templated":true}]}}