{"id":43044,"date":"2009-10-27T07:05:51","date_gmt":"2009-10-27T06:05:51","guid":{"rendered":"http:\/\/www.schoene-nachrichten.de\/?p=43044"},"modified":"2009-10-27T07:33:21","modified_gmt":"2009-10-27T06:33:21","slug":"nach-otterbein-jubilaeum-spenden-in-hoehe-von-5-000-euro-ueberreicht","status":"publish","type":"post","link":"https:\/\/www.fuldaernachrichten.de\/?p=43044","title":{"rendered":"Nach Otterbein-Jubil\u00e4um: Spenden in H\u00f6he von 5 000 Euro \u00fcberreicht"},"content":{"rendered":"<p><strong><a href=\"http:\/\/www.schoene-nachrichten.de\/wp-content\/uploads\/2009\/10\/091026_Otterbein.jpg\"><img decoding=\"async\" class=\"alignleft size-medium wp-image-43045\" title=\"091026_Otterbein\" src=\"http:\/\/www.schoene-nachrichten.de\/wp-content\/uploads\/2009\/10\/091026_Otterbein-265x177.jpg\" alt=\"091026_Otterbein\" width=\"265\" height=\"177\" srcset=\"https:\/\/www.fuldaernachrichten.de\/wp-content\/uploads\/2009\/10\/091026_Otterbein-265x177.jpg 265w, https:\/\/www.fuldaernachrichten.de\/wp-content\/uploads\/2009\/10\/091026_Otterbein.jpg 592w\" sizes=\"(max-width: 265px) 100vw, 265px\" \/><\/a>Gro\u00dfenl\u00fcder\/M\u00fcs<\/strong>. Die \u00dcberraschung war gelungen, die Freude dementsprechend gro\u00df: \u201eMit so viel Geld haben wir \u00fcberhaupt nicht gerechnet\u201c freuten sich Susanna Wei\u00df, Leiterin des Kindergartens in M\u00fcs ebenso wie ihre Kollegin Gisela Picker vom Kindergarten in Stockhausen und Anja Ostrowski von der Grundschule M\u00fcs, die einen gro\u00dfz\u00fcgigen Spendenscheck f\u00fcr die Kinder entgegennehmen konnten. Rund 100 Kindern hatte das Unternehmen Otterbein mit Gesch\u00e4ftsf\u00fchrer Winfried M\u00fcller an der Spitze damit eine Freude bereitet.<!--more--><\/p>\n<p>Zusammengekommen war der stolze Betrag von 5 000 Euro anl\u00e4sslich des Tages der offenen T\u00fcr zum 120-j\u00e4hrigen Jubil\u00e4um. Weit \u00fcber 2 000 Besucher hatte das Team von Otterbein w\u00e4hrend des Tages begr\u00fc\u00dft und mit zahlreichen Aktivit\u00e4ten unterhalten. Der Erl\u00f6s aus Speisen und Getr\u00e4nken w\u00e4hrend des Festtages ging mit je 2 000 Euro an den Kindergarten und die Grundschule am Langenberg in M\u00fcs, 1000 Euro erhielten die 22 Jungen und M\u00e4dchen in Stockhausen.<\/p>\n<p>In seiner Ansprache erl\u00e4uterte Winfried M\u00fcller, dass die Familie schon seit vielen Jahren eng verbunden sei mit dem \u00f6rtlichen Kindergarten und der Grundschule, denn \u201eimmerhin habe ich selber eine sch\u00f6ne Zeit in meiner Kindheit hier verbracht und unsere drei Kinder ebenfalls.\u201c Daher steht das Engagement des Unternehmens, Einrichtungen der Kleinsten zu unterst\u00fctzen, nicht zum ersten Mal im Fokus. \u00c2\u00a0Mit den aktuellen Betr\u00e4gen soll unter anderem der Aufbau der Schulb\u00fccherei in M\u00fcs forciert werden, der Nachwuchs des Kindergartens in M\u00fcs und Stockhausen freut sich auf eine erweiterte Ausstattung f\u00fcr den Turnraum und neue Ger\u00e4te f\u00fcr den Spielplatz.<\/p>\n<p>Pr\u00e4sentierten stolz die Spendenschecks: Die Jungen und M\u00e4dchen des Grundschule und des Kindergartens in M\u00fcs mit Otterbein-Gesch\u00e4ftsf\u00fchrer Winfried M\u00fcller (letzte Reihe mitte) und den Leiterinnen der Einrichtungen.<\/p>\n","protected":false},"excerpt":{"rendered":"<div class=\"tmnf_excerpt\"><p>Gro\u00dfenl\u00fcder\/M\u00fcs. Die \u00dcberraschung war gelungen, die Freude dementsprechend gro\u00df: \u201eMit so viel Geld haben wir \u00fcberhaupt nicht gerechnet\u201c freuten sich Susanna Wei\u00df, Leiterin des Kindergartens in M\u00fcs ebenso wie ihre Kollegin Gisela Picker vom Kindergarten in Stockhausen und Anja Ostrowski von der Grundschule M\u00fcs, die einen gro\u00dfz\u00fcgigen Spendenscheck f\u00fcr die Kinder entgegennehmen konnten. Rund 100 &hellip;<\/p>\n<\/div>","protected":false},"author":1,"featured_media":0,"comment_status":"closed","ping_status":"closed","sticky":false,"template":"","format":"standard","meta":{"footnotes":""},"categories":[1,29],"tags":[],"class_list":["post-43044","post","type-post","status-publish","format-standard","hentry","category-startseite","category-politik"],"_links":{"self":[{"href":"https:\/\/www.fuldaernachrichten.de\/index.php?rest_route=\/wp\/v2\/posts\/43044","targetHints":{"allow":["GET"]}}],"collection":[{"href":"https:\/\/www.fuldaernachrichten.de\/index.php?rest_route=\/wp\/v2\/posts"}],"about":[{"href":"https:\/\/www.fuldaernachrichten.de\/index.php?rest_route=\/wp\/v2\/types\/post"}],"author":[{"embeddable":true,"href":"https:\/\/www.fuldaernachrichten.de\/index.php?rest_route=\/wp\/v2\/users\/1"}],"replies":[{"embeddable":true,"href":"https:\/\/www.fuldaernachrichten.de\/index.php?rest_route=%2Fwp%2Fv2%2Fcomments&post=43044"}],"version-history":[{"count":2,"href":"https:\/\/www.fuldaernachrichten.de\/index.php?rest_route=\/wp\/v2\/posts\/43044\/revisions"}],"predecessor-version":[{"id":43088,"href":"https:\/\/www.fuldaernachrichten.de\/index.php?rest_route=\/wp\/v2\/posts\/43044\/revisions\/43088"}],"wp:attachment":[{"href":"https:\/\/www.fuldaernachrichten.de\/index.php?rest_route=%2Fwp%2Fv2%2Fmedia&parent=43044"}],"wp:term":[{"taxonomy":"category","embeddable":true,"href":"https:\/\/www.fuldaernachrichten.de\/index.php?rest_route=%2Fwp%2Fv2%2Fcategories&post=43044"},{"taxonomy":"post_tag","embeddable":true,"href":"https:\/\/www.fuldaernachrichten.de\/index.php?rest_route=%2Fwp%2Fv2%2Ftags&post=43044"}],"curies":[{"name":"wp","href":"https:\/\/api.w.org\/{rel}","templated":true}]}}