{"id":43003,"date":"2009-10-24T06:30:54","date_gmt":"2009-10-24T04:30:54","guid":{"rendered":"http:\/\/www.schoene-nachrichten.de\/?p=43003"},"modified":"2009-10-24T10:16:09","modified_gmt":"2009-10-24T08:16:09","slug":"kirchenmusik-am-reformationstag-31-10-in-tann-mit-urauffuehrung","status":"publish","type":"post","link":"https:\/\/www.fuldaernachrichten.de\/?p=43003","title":{"rendered":"Kirchenmusik am Reformationstag (31.10.) in Tann mit Urauff\u00fchrung"},"content":{"rendered":"<p><strong><a href=\"http:\/\/www.schoene-nachrichten.de\/wp-content\/uploads\/2009\/10\/091023_Orgel.jpg\"><img fetchpriority=\"high\" decoding=\"async\" class=\"alignleft size-thumbnail wp-image-43004\" title=\"091023_Orgel\" src=\"http:\/\/www.schoene-nachrichten.de\/wp-content\/uploads\/2009\/10\/091023_Orgel-265x373.jpg\" alt=\"091023_Orgel\" width=\"265\" height=\"373\" srcset=\"https:\/\/www.fuldaernachrichten.de\/wp-content\/uploads\/2009\/10\/091023_Orgel-265x373.jpg 265w, https:\/\/www.fuldaernachrichten.de\/wp-content\/uploads\/2009\/10\/091023_Orgel.jpg 399w\" sizes=\"(max-width: 265px) 100vw, 265px\" \/><\/a>Tann. <\/strong>Musik am Reformationstag mit Urauff\u00fchrung. Als H\u00f6hepunkt der Feierlichkeiten zum Jubil\u00e4um \u201e475 Jahre Reformation in Tann\u201c findet am Reformationstag -\u00c2\u00a0 Samstag, 31. Oktober 2009, um 14 Uhr ein Festgottesdienst mit Bischof Martin Hein in der Tanner Stadtkirche statt. Aus diesem Anlass hat Thomas N\u00fcdling eine Kantate \u00fcber \u201eLobe den Herren, den m\u00e4chtigen K\u00f6nig der Ehren\u201c komponiert, die im Gottesdienst ihre Urauff\u00fchrung finden wird. Das Werk basiert auf dem gleichnamigen Kirchenlied Joachim Neanders und vereint Chor, Orchester und Gemeinde zu einem gro\u00dfen und freudigen Gotteslob. Ebenso erklingen im Gottesdienst Kantaten-, Choral- und Orgelwerke Johann Sebastian Bachs und Felix Mendelssohn Bartholdys, die die protestantische Kirchenmusik \u00fcber Jahrhunderte hinweg entscheidend gepr\u00e4gt haben. Ausf\u00fchrende sind das \u201eH\u00fcnfelder Kammerorchester an der Wigbertschule\u201c und der Tanner Kirchenchor unter Leitung von Thomas N\u00fcdling. Die Kantate \u201eLobe den Herren, den m\u00e4chtigen K\u00f6nig der Ehren\u201c ist im Hayo-Musikverlag im Druck erschienen: <a href=\"http:\/\/www.hayo-music.de\" target=\"_blank\">www.hayo-music.de<\/a>.<\/p>\n","protected":false},"excerpt":{"rendered":"<div class=\"tmnf_excerpt\"><p>Tann. Musik am Reformationstag mit Urauff\u00fchrung. Als H\u00f6hepunkt der Feierlichkeiten zum Jubil\u00e4um \u201e475 Jahre Reformation in Tann\u201c findet am Reformationstag -\u00c2\u00a0 Samstag, 31. Oktober 2009, um 14 Uhr ein Festgottesdienst mit Bischof Martin Hein in der Tanner Stadtkirche statt. Aus diesem Anlass hat Thomas N\u00fcdling eine Kantate \u00fcber \u201eLobe den Herren, den m\u00e4chtigen K\u00f6nig der &hellip;<\/p>\n<\/div>","protected":false},"author":1,"featured_media":0,"comment_status":"closed","ping_status":"closed","sticky":false,"template":"","format":"standard","meta":{"footnotes":""},"categories":[1,50],"tags":[],"class_list":["post-43003","post","type-post","status-publish","format-standard","hentry","category-startseite","category-kirche"],"_links":{"self":[{"href":"https:\/\/www.fuldaernachrichten.de\/index.php?rest_route=\/wp\/v2\/posts\/43003","targetHints":{"allow":["GET"]}}],"collection":[{"href":"https:\/\/www.fuldaernachrichten.de\/index.php?rest_route=\/wp\/v2\/posts"}],"about":[{"href":"https:\/\/www.fuldaernachrichten.de\/index.php?rest_route=\/wp\/v2\/types\/post"}],"author":[{"embeddable":true,"href":"https:\/\/www.fuldaernachrichten.de\/index.php?rest_route=\/wp\/v2\/users\/1"}],"replies":[{"embeddable":true,"href":"https:\/\/www.fuldaernachrichten.de\/index.php?rest_route=%2Fwp%2Fv2%2Fcomments&post=43003"}],"version-history":[{"count":3,"href":"https:\/\/www.fuldaernachrichten.de\/index.php?rest_route=\/wp\/v2\/posts\/43003\/revisions"}],"predecessor-version":[{"id":43012,"href":"https:\/\/www.fuldaernachrichten.de\/index.php?rest_route=\/wp\/v2\/posts\/43003\/revisions\/43012"}],"wp:attachment":[{"href":"https:\/\/www.fuldaernachrichten.de\/index.php?rest_route=%2Fwp%2Fv2%2Fmedia&parent=43003"}],"wp:term":[{"taxonomy":"category","embeddable":true,"href":"https:\/\/www.fuldaernachrichten.de\/index.php?rest_route=%2Fwp%2Fv2%2Fcategories&post=43003"},{"taxonomy":"post_tag","embeddable":true,"href":"https:\/\/www.fuldaernachrichten.de\/index.php?rest_route=%2Fwp%2Fv2%2Ftags&post=43003"}],"curies":[{"name":"wp","href":"https:\/\/api.w.org\/{rel}","templated":true}]}}