{"id":4295,"date":"2007-07-21T01:03:48","date_gmt":"2007-07-20T23:03:48","guid":{"rendered":"http:\/\/www.schoene-nachrichten.de\/?p=4295"},"modified":"2007-07-21T01:03:48","modified_gmt":"2007-07-20T23:03:48","slug":"beten-im-katholikenrat-mit-bistumsheiligen","status":"publish","type":"post","link":"https:\/\/www.fuldaernachrichten.de\/?p=4295","title":{"rendered":"Beten im Katholikenrat mit Bistumsheiligen"},"content":{"rendered":"<p><strong>Sch\u00f6nes aus Fulda.<\/strong> K\u00fcrzlich trafen sich Mitglieder des Katholikenrates in der Bonifatiusgruft im Dom zu Fulda zu einem Gebet vor der Sommerpause. Die Vesper wurde gefeiert mit Domdechant Prof. Dr. Werner Kathrein. Die Andacht stand unter dem Thema: &#8220;Warum und wof\u00fcr beten wir im Katholikenrat?&#8221;<\/p>\n<p><strong>Fotos (9):<\/strong> Elisabeth Miller<\/p>\n<p><a rel=\"lightbox[roadtrip]\" target=\"_blank\" href=\"http:\/\/www.schoene-nachrichten.de\/wp-content\/uploads\/2007\/07\/070720_Rat_01.jpg\" title=\"Foto: Elisabeth Miller\"><img decoding=\"async\" width=\"128\" src=\"http:\/\/www.schoene-nachrichten.de\/wp-content\/uploads\/2007\/07\/070720_Rat_01.thumbnail.jpg\" alt=\"070720_Rat_01.jpg\" \/><\/a> <a rel=\"lightbox[roadtrip]\" target=\"_blank\" href=\"http:\/\/www.schoene-nachrichten.de\/wp-content\/uploads\/2007\/07\/070720_Rat_02.jpg\" title=\"Foto: Elisabeth Miller\"><img decoding=\"async\" width=\"128\" src=\"http:\/\/www.schoene-nachrichten.de\/wp-content\/uploads\/2007\/07\/070720_Rat_02.thumbnail.jpg\" alt=\"070720_Rat_02.jpg\" \/><\/a> <a rel=\"lightbox[roadtrip]\" target=\"_blank\" href=\"http:\/\/www.schoene-nachrichten.de\/wp-content\/uploads\/2007\/07\/070720_Rat_03.jpg\" title=\"Foto: Elisabeth Miller\"><img decoding=\"async\" width=\"128\" src=\"http:\/\/www.schoene-nachrichten.de\/wp-content\/uploads\/2007\/07\/070720_Rat_03.thumbnail.jpg\" alt=\"070720_Rat_03.jpg\" \/><\/a><\/p>\n<p><!--more-->Die Antwort: F\u00fcr die Arbeit der Foren und Gremien, f\u00fcr begleitendes Gebet wichtiger Bistumsanliegen, f\u00fcr die Einheit im Katholikenrat, f\u00fcr die Mitglieder des Katholikenrates bei Krankheit und Sorgen, f\u00fcr alle Unterst\u00fctzer des Katholikenrates. Mit den F\u00fcrbitten und dem sakramentalen Segen ging die Gebetsstunde zu Ende. Im Anschluss traf man sich zu einem gem\u00fctlichen Beisammensein im Garten des Stift Wallenstein.<\/p>\n<p><a rel=\"lightbox[roadtrip]\" target=\"_blank\" href=\"http:\/\/www.schoene-nachrichten.de\/wp-content\/uploads\/2007\/07\/070720_Rat_04.jpg\" title=\"Foto: Elisabeth Miller\"><img decoding=\"async\" width=\"128\" src=\"http:\/\/www.schoene-nachrichten.de\/wp-content\/uploads\/2007\/07\/070720_Rat_04.thumbnail.jpg\" alt=\"070720_Rat_04.jpg\" \/><\/a> <a rel=\"lightbox[roadtrip]\" target=\"_blank\" href=\"http:\/\/www.schoene-nachrichten.de\/wp-content\/uploads\/2007\/07\/070720_Rat_05.jpg\" title=\"Foto: Elisabeth Miller\"><img decoding=\"async\" width=\"128\" src=\"http:\/\/www.schoene-nachrichten.de\/wp-content\/uploads\/2007\/07\/070720_Rat_05.thumbnail.jpg\" alt=\"070720_Rat_05.jpg\" \/><\/a> <a rel=\"lightbox[roadtrip]\" target=\"_blank\" href=\"http:\/\/www.schoene-nachrichten.de\/wp-content\/uploads\/2007\/07\/070720_Rat_06.jpg\" title=\"Foto: Elisabeth Miller\"><img decoding=\"async\" width=\"128\" src=\"http:\/\/www.schoene-nachrichten.de\/wp-content\/uploads\/2007\/07\/070720_Rat_06.thumbnail.jpg\" alt=\"070720_Rat_06.jpg\" \/><\/a><\/p>\n<p>Der Katholikenrat im Bistum Fulda repr\u00e4sentiert als gew\u00e4hltes Gremium die katholischen Laien im Bistum Fulda. Er ist ein Zusammenschluss der Delegierten der Pfarrgemeinder\u00e4te, der katholischen Verb\u00e4nde und weiterer Pers\u00f6nlichkeiten aus Kirche, Gesellschaft und Institutionen des Laienapostolates.<\/p>\n<p><a rel=\"lightbox[roadtrip]\" target=\"_blank\" href=\"http:\/\/www.schoene-nachrichten.de\/wp-content\/uploads\/2007\/07\/070720_Rat_07.jpg\" title=\"Foto: Elisabeth Miller\"><img decoding=\"async\" width=\"128\" src=\"http:\/\/www.schoene-nachrichten.de\/wp-content\/uploads\/2007\/07\/070720_Rat_07.thumbnail.jpg\" alt=\"070720_Rat_07.jpg\" \/><\/a> <a rel=\"lightbox[roadtrip]\" target=\"_blank\" href=\"http:\/\/www.schoene-nachrichten.de\/wp-content\/uploads\/2007\/07\/070720_Rat_08.jpg\" title=\"Foto: Elisabeth Miller\"><img decoding=\"async\" width=\"128\" src=\"http:\/\/www.schoene-nachrichten.de\/wp-content\/uploads\/2007\/07\/070720_Rat_08.thumbnail.jpg\" alt=\"070720_Rat_08.jpg\" \/><\/a> <a rel=\"lightbox[roadtrip]\" target=\"_blank\" href=\"http:\/\/www.schoene-nachrichten.de\/wp-content\/uploads\/2007\/07\/070720_Rat_09.jpg\" title=\"Foto: Elisabeth Miller\"><img decoding=\"async\" width=\"128\" src=\"http:\/\/www.schoene-nachrichten.de\/wp-content\/uploads\/2007\/07\/070720_Rat_09.thumbnail.jpg\" alt=\"070720_Rat_09.jpg\" \/><\/a><\/p>\n<p>Die Mitglieder des Katholikenrates werden von den Pfarrgemeinder\u00e4ten in Wahlbezirken und von den katholischen Verb\u00e4nden auf Bistumsebene f\u00fcr die Dauer von jeweils vier Jahren gew\u00e4hlt. Zurzeit geh\u00f6ren dem Katholikenrat 54 Frauen und M\u00e4nner aus allen Teilen des Bistums an. Er vertritt die ca. 435.000 Katholiken des Bistums in 253 Pfarreien.<\/p>\n","protected":false},"excerpt":{"rendered":"<div class=\"tmnf_excerpt\"><p>Sch\u00f6nes aus Fulda. K\u00fcrzlich trafen sich Mitglieder des Katholikenrates in der Bonifatiusgruft im Dom zu Fulda zu einem Gebet vor der Sommerpause. Die Vesper wurde gefeiert mit Domdechant Prof. Dr. Werner Kathrein. Die Andacht stand unter dem Thema: &#8220;Warum und wof\u00fcr beten wir im Katholikenrat?&#8221; Fotos (9): Elisabeth Miller<\/p>\n<\/div>","protected":false},"author":1,"featured_media":0,"comment_status":"closed","ping_status":"closed","sticky":false,"template":"","format":"standard","meta":{"footnotes":""},"categories":[1,50],"tags":[],"class_list":["post-4295","post","type-post","status-publish","format-standard","hentry","category-startseite","category-kirche"],"_links":{"self":[{"href":"https:\/\/www.fuldaernachrichten.de\/index.php?rest_route=\/wp\/v2\/posts\/4295","targetHints":{"allow":["GET"]}}],"collection":[{"href":"https:\/\/www.fuldaernachrichten.de\/index.php?rest_route=\/wp\/v2\/posts"}],"about":[{"href":"https:\/\/www.fuldaernachrichten.de\/index.php?rest_route=\/wp\/v2\/types\/post"}],"author":[{"embeddable":true,"href":"https:\/\/www.fuldaernachrichten.de\/index.php?rest_route=\/wp\/v2\/users\/1"}],"replies":[{"embeddable":true,"href":"https:\/\/www.fuldaernachrichten.de\/index.php?rest_route=%2Fwp%2Fv2%2Fcomments&post=4295"}],"version-history":[{"count":0,"href":"https:\/\/www.fuldaernachrichten.de\/index.php?rest_route=\/wp\/v2\/posts\/4295\/revisions"}],"wp:attachment":[{"href":"https:\/\/www.fuldaernachrichten.de\/index.php?rest_route=%2Fwp%2Fv2%2Fmedia&parent=4295"}],"wp:term":[{"taxonomy":"category","embeddable":true,"href":"https:\/\/www.fuldaernachrichten.de\/index.php?rest_route=%2Fwp%2Fv2%2Fcategories&post=4295"},{"taxonomy":"post_tag","embeddable":true,"href":"https:\/\/www.fuldaernachrichten.de\/index.php?rest_route=%2Fwp%2Fv2%2Ftags&post=4295"}],"curies":[{"name":"wp","href":"https:\/\/api.w.org\/{rel}","templated":true}]}}