{"id":429,"date":"2006-12-20T09:49:47","date_gmt":"2006-12-20T08:49:47","guid":{"rendered":"http:\/\/www.schoene-nachrichten.de\/?p=429"},"modified":"2006-12-20T09:49:47","modified_gmt":"2006-12-20T08:49:47","slug":"mercedes-niederlassung-unterstutzt-malteser-sprinter-ubergeben","status":"publish","type":"post","link":"https:\/\/www.fuldaernachrichten.de\/?p=429","title":{"rendered":"Mercedes Niederlassung unterst\u00fctzt Malteser &#8211; Sprinter \u00fcbergeben"},"content":{"rendered":"<p><strong>Sch\u00f6nes aus Fulda.<\/strong> Vertreter des Malteser Hilfsdienstes e. V. Fulda haben in der vergangenen Woche in der Mercedes-Benz Niederlassung Fulda einen Mercedes-Benz Sprinter \u00fcbernommen. Die Anschaffung dieses Fahrzeuges wurde durch eine Spende der Mercedes-Benz Niederlassung Fulda unterst\u00fctzt.<\/p>\n<p>\u00c2\u00a0<\/p>\n<p>Foto: Mercedes-Benz Fulda<\/p>\n<p>\u00c2\u00a0<\/p>\n<p><a title=\"Foto: Mercedes-Benz Fulda - Schl\u00fcssel\u00fcbergabe in der Niederlassung\" href=\"http:\/\/www.schoene-nachrichten.de\/wp-content\/uploads\/2006\/12\/061220-malteser_mercedes.jpg\" target=\"_blank\"><img decoding=\"async\" id=\"image430\" height=\"87\" alt=\"061220-malteser_mercedes.jpg\" src=\"http:\/\/www.schoene-nachrichten.de\/wp-content\/uploads\/2006\/12\/061220-malteser_mercedes.thumbnail.jpg\" \/><\/a><\/p>\n<p>\u00c2\u00a0<\/p>\n<p><!--more--><\/p>\n<p>Das Fahrzeug wird Notfallpsychologen, Krisenhelfern und Notfallseelsorgern des Malteser Hilfsdienstes als Einsatzfahrzeug dienen, damit diese bei komplexeren Schadenslagen als Gruppe ihren ehrenamtlichen, 24-st\u00fcndigen Einsatzdienst im Rahmen der Notfallseelsorge erf\u00fcllen k\u00f6nnen. Michael Kr\u00f6nung (2. v. links) dankte Niederlassungsleiter Andreas von Wallfeld (1. v. links) f\u00fcr die Unterst\u00fctzung bei der Anschaffung des Einsatzfahrzeuges.<\/p>\n","protected":false},"excerpt":{"rendered":"<div class=\"tmnf_excerpt\"><p>Sch\u00f6nes aus Fulda. Vertreter des Malteser Hilfsdienstes e. V. Fulda haben in der vergangenen Woche in der Mercedes-Benz Niederlassung Fulda einen Mercedes-Benz Sprinter \u00fcbernommen. Die Anschaffung dieses Fahrzeuges wurde durch eine Spende der Mercedes-Benz Niederlassung Fulda unterst\u00fctzt. \u00c2\u00a0 Foto: Mercedes-Benz Fulda \u00c2\u00a0 \u00c2\u00a0<\/p>\n<\/div>","protected":false},"author":1,"featured_media":0,"comment_status":"closed","ping_status":"closed","sticky":false,"template":"","format":"standard","meta":{"footnotes":""},"categories":[1],"tags":[],"class_list":["post-429","post","type-post","status-publish","format-standard","hentry","category-startseite"],"_links":{"self":[{"href":"https:\/\/www.fuldaernachrichten.de\/index.php?rest_route=\/wp\/v2\/posts\/429","targetHints":{"allow":["GET"]}}],"collection":[{"href":"https:\/\/www.fuldaernachrichten.de\/index.php?rest_route=\/wp\/v2\/posts"}],"about":[{"href":"https:\/\/www.fuldaernachrichten.de\/index.php?rest_route=\/wp\/v2\/types\/post"}],"author":[{"embeddable":true,"href":"https:\/\/www.fuldaernachrichten.de\/index.php?rest_route=\/wp\/v2\/users\/1"}],"replies":[{"embeddable":true,"href":"https:\/\/www.fuldaernachrichten.de\/index.php?rest_route=%2Fwp%2Fv2%2Fcomments&post=429"}],"version-history":[{"count":0,"href":"https:\/\/www.fuldaernachrichten.de\/index.php?rest_route=\/wp\/v2\/posts\/429\/revisions"}],"wp:attachment":[{"href":"https:\/\/www.fuldaernachrichten.de\/index.php?rest_route=%2Fwp%2Fv2%2Fmedia&parent=429"}],"wp:term":[{"taxonomy":"category","embeddable":true,"href":"https:\/\/www.fuldaernachrichten.de\/index.php?rest_route=%2Fwp%2Fv2%2Fcategories&post=429"},{"taxonomy":"post_tag","embeddable":true,"href":"https:\/\/www.fuldaernachrichten.de\/index.php?rest_route=%2Fwp%2Fv2%2Ftags&post=429"}],"curies":[{"name":"wp","href":"https:\/\/api.w.org\/{rel}","templated":true}]}}