{"id":42867,"date":"2009-11-23T05:17:15","date_gmt":"2009-11-23T04:17:15","guid":{"rendered":"http:\/\/www.schoene-nachrichten.de\/?p=42867"},"modified":"2009-11-23T07:34:58","modified_gmt":"2009-11-23T06:34:58","slug":"kinostart-10-12-2009-neu-im-kino-der-solist","status":"publish","type":"post","link":"https:\/\/www.fuldaernachrichten.de\/?p=42867","title":{"rendered":"Neu im Kino: &#8220;Der Solist&#8221; &#8211; Kinostart am 10.12.2009"},"content":{"rendered":"<p><strong><a href=\"http:\/\/www.schoene-nachrichten.de\/wp-content\/uploads\/2009\/10\/091023_Solist.jpg\"><img fetchpriority=\"high\" decoding=\"async\" class=\"alignleft size-thumbnail wp-image-42868\" title=\"091023_Solist\" src=\"http:\/\/www.schoene-nachrichten.de\/wp-content\/uploads\/2009\/10\/091023_Solist-265x378.jpg\" alt=\"091023_Solist\" width=\"265\" height=\"378\" srcset=\"https:\/\/www.fuldaernachrichten.de\/wp-content\/uploads\/2009\/10\/091023_Solist-265x378.jpg 265w, https:\/\/www.fuldaernachrichten.de\/wp-content\/uploads\/2009\/10\/091023_Solist.jpg 399w\" sizes=\"(max-width: 265px) 100vw, 265px\" \/><\/a>Kino.<\/strong> Steve Lopez (Robert Downey Jr.), Zeitungskolumnist der LA Times, triff t in den Stra\u00dfen von Los Angeles durch einen Zufall das ehemalige Wunderkind der klassischen Musik Nathaniel Anthony Ayers (Jamie Foxx). Mit viel Verst\u00e4ndnis, Geduld und durch die Kraft der Musik versucht Lopez, dem schizophrenen, obdachlosen Cellisten wieder eine Perspektive zu geben und ihn auf den richtigen Weg zur\u00fcckzubringen. Dabei entwickelt sich eine einzigartige Freundschaft, die das Leben der beiden M\u00e4nner vollkommen ver\u00e4ndert.<\/p>\n<p><strong>Kinostart: 10.12.2009<\/strong><\/p>\n","protected":false},"excerpt":{"rendered":"<div class=\"tmnf_excerpt\"><p>Kino. Steve Lopez (Robert Downey Jr.), Zeitungskolumnist der LA Times, triff t in den Stra\u00dfen von Los Angeles durch einen Zufall das ehemalige Wunderkind der klassischen Musik Nathaniel Anthony Ayers (Jamie Foxx). Mit viel Verst\u00e4ndnis, Geduld und durch die Kraft der Musik versucht Lopez, dem schizophrenen, obdachlosen Cellisten wieder eine Perspektive zu geben und ihn &hellip;<\/p>\n<\/div>","protected":false},"author":1,"featured_media":0,"comment_status":"closed","ping_status":"closed","sticky":false,"template":"","format":"standard","meta":{"footnotes":""},"categories":[1,79],"tags":[],"class_list":["post-42867","post","type-post","status-publish","format-standard","hentry","category-startseite","category-kino"],"_links":{"self":[{"href":"https:\/\/www.fuldaernachrichten.de\/index.php?rest_route=\/wp\/v2\/posts\/42867","targetHints":{"allow":["GET"]}}],"collection":[{"href":"https:\/\/www.fuldaernachrichten.de\/index.php?rest_route=\/wp\/v2\/posts"}],"about":[{"href":"https:\/\/www.fuldaernachrichten.de\/index.php?rest_route=\/wp\/v2\/types\/post"}],"author":[{"embeddable":true,"href":"https:\/\/www.fuldaernachrichten.de\/index.php?rest_route=\/wp\/v2\/users\/1"}],"replies":[{"embeddable":true,"href":"https:\/\/www.fuldaernachrichten.de\/index.php?rest_route=%2Fwp%2Fv2%2Fcomments&post=42867"}],"version-history":[{"count":7,"href":"https:\/\/www.fuldaernachrichten.de\/index.php?rest_route=\/wp\/v2\/posts\/42867\/revisions"}],"predecessor-version":[{"id":45643,"href":"https:\/\/www.fuldaernachrichten.de\/index.php?rest_route=\/wp\/v2\/posts\/42867\/revisions\/45643"}],"wp:attachment":[{"href":"https:\/\/www.fuldaernachrichten.de\/index.php?rest_route=%2Fwp%2Fv2%2Fmedia&parent=42867"}],"wp:term":[{"taxonomy":"category","embeddable":true,"href":"https:\/\/www.fuldaernachrichten.de\/index.php?rest_route=%2Fwp%2Fv2%2Fcategories&post=42867"},{"taxonomy":"post_tag","embeddable":true,"href":"https:\/\/www.fuldaernachrichten.de\/index.php?rest_route=%2Fwp%2Fv2%2Ftags&post=42867"}],"curies":[{"name":"wp","href":"https:\/\/api.w.org\/{rel}","templated":true}]}}