{"id":4284,"date":"2007-07-19T00:49:28","date_gmt":"2007-07-18T22:49:28","guid":{"rendered":"http:\/\/www.schoene-nachrichten.de\/?p=4284"},"modified":"2007-07-19T00:49:38","modified_gmt":"2007-07-18T22:49:38","slug":"bewerbungsfrist-fuer-landesweiten-klimaschutzwettbewerb-verlaengert","status":"publish","type":"post","link":"https:\/\/www.fuldaernachrichten.de\/?p=4284","title":{"rendered":"Bewerbungsfrist f\u00fcr landesweiten Klimaschutzwettbewerb verl\u00e4ngert"},"content":{"rendered":"<p><strong>Sch\u00f6nes aus Wiesbaden.<\/strong> Die Bewerbungsfrist des Klimaschutzwettbewerbes \u201eIndustrie, Gewerbe, Handwerk\u201c ist bis zum 15. September 2007 verl\u00e4ngert worden. Dies teilte der Staatssekret\u00e4r des Hessischen Ministeriums f\u00fcr Umwelt, l\u00e4ndlichen Raum und Verbraucherschutz, Karl-Winfried Seif, in Wiesbaden mit.<!--more--><\/p>\n<p>Unter dem Dach der Umweltallianz Hessen hat das Hessische Ministerium f\u00fcr Umwelt, l\u00e4ndlichen Raum und Verbraucherschutz im Rahmen des Hessischen Klimapaktes im Februar 2007 den Klimaschutzwettbewerb ausgelobt. Bewerben k\u00f6nnen sich alle Betriebe mit Sitz oder Niederlassung in Hessen mit Anlagen, die nicht dem Emissionshandel unterliegen.<\/p>\n<p>\u201eDie am Wettbewerb teilnehmenden hessischen Betriebe k\u00f6nnen hier demonstrieren, wie mit Klimaschutzma\u00dfnahmen, die m\u00f6glichst \u00fcber den Stand der Technik hinausgehen, Klimaeffizienz mit Energie- und Materialoptimierung sowie Kostensenkung betrieben werden kann. Klimaschutz braucht intelligente L\u00f6sungen\u201c, betonte Seif.<\/p>\n<p>Neben Kohlendioxid (CO2) k\u00f6nnen auch CO2 \u00e4quivalente (CO2eq) Treibhausgase wie Methan, Lachgas oder Schwefelhexafluorid klimaeffizient und wirtschaftlich reduziert werden. Von besonderem Interesse sind das technologische Innovationspotential und niedrige CO2eq-Vermeidungskosten.<\/p>\n<p>Der Anmeldeschluss ist nun bis zum 15. September 2007 verl\u00e4ngert worden. Die Preisverleihung findet im Rahmen des Hessischen Klimaschutzforums am 29. November 2007 in Kassel statt.\u00c2\u00a0 Weitere Informationen zum Hessischen Klimaschutzwettbewerb finden Sie unter <a target=\"_blank\" href=\"http:\/\/www.umweltallianz.de\">www.umweltallianz.de<\/a><\/p>\n","protected":false},"excerpt":{"rendered":"<div class=\"tmnf_excerpt\"><p>Sch\u00f6nes aus Wiesbaden. Die Bewerbungsfrist des Klimaschutzwettbewerbes \u201eIndustrie, Gewerbe, Handwerk\u201c ist bis zum 15. September 2007 verl\u00e4ngert worden. Dies teilte der Staatssekret\u00e4r des Hessischen Ministeriums f\u00fcr Umwelt, l\u00e4ndlichen Raum und Verbraucherschutz, Karl-Winfried Seif, in Wiesbaden mit.<\/p>\n<\/div>","protected":false},"author":1,"featured_media":0,"comment_status":"closed","ping_status":"closed","sticky":false,"template":"","format":"standard","meta":{"footnotes":""},"categories":[1,52],"tags":[],"class_list":["post-4284","post","type-post","status-publish","format-standard","hentry","category-startseite","category-umwelt"],"_links":{"self":[{"href":"https:\/\/www.fuldaernachrichten.de\/index.php?rest_route=\/wp\/v2\/posts\/4284","targetHints":{"allow":["GET"]}}],"collection":[{"href":"https:\/\/www.fuldaernachrichten.de\/index.php?rest_route=\/wp\/v2\/posts"}],"about":[{"href":"https:\/\/www.fuldaernachrichten.de\/index.php?rest_route=\/wp\/v2\/types\/post"}],"author":[{"embeddable":true,"href":"https:\/\/www.fuldaernachrichten.de\/index.php?rest_route=\/wp\/v2\/users\/1"}],"replies":[{"embeddable":true,"href":"https:\/\/www.fuldaernachrichten.de\/index.php?rest_route=%2Fwp%2Fv2%2Fcomments&post=4284"}],"version-history":[{"count":0,"href":"https:\/\/www.fuldaernachrichten.de\/index.php?rest_route=\/wp\/v2\/posts\/4284\/revisions"}],"wp:attachment":[{"href":"https:\/\/www.fuldaernachrichten.de\/index.php?rest_route=%2Fwp%2Fv2%2Fmedia&parent=4284"}],"wp:term":[{"taxonomy":"category","embeddable":true,"href":"https:\/\/www.fuldaernachrichten.de\/index.php?rest_route=%2Fwp%2Fv2%2Fcategories&post=4284"},{"taxonomy":"post_tag","embeddable":true,"href":"https:\/\/www.fuldaernachrichten.de\/index.php?rest_route=%2Fwp%2Fv2%2Ftags&post=4284"}],"curies":[{"name":"wp","href":"https:\/\/api.w.org\/{rel}","templated":true}]}}