{"id":42809,"date":"2010-02-05T12:24:09","date_gmt":"2010-02-05T11:24:09","guid":{"rendered":"http:\/\/www.schoene-nachrichten.de\/?p=42809"},"modified":"2010-02-06T10:08:02","modified_gmt":"2010-02-06T09:08:02","slug":"kinostart-04-02-2010-neu-im-kino-wir-sollten-das-ganze-wiederholen","status":"publish","type":"post","link":"https:\/\/www.fuldaernachrichten.de\/?p=42809","title":{"rendered":"Neu im Kino: Up in the Air &#8211; Kinostart 04.02.2010"},"content":{"rendered":"<p><strong><a href=\"http:\/\/www.schoene-nachrichten.de\/wp-content\/uploads\/2009\/10\/091022_Wiederholen.jpg\"><img fetchpriority=\"high\" decoding=\"async\" class=\"alignleft size-thumbnail wp-image-42811\" title=\"091022_Wiederholen\" src=\"http:\/\/www.schoene-nachrichten.de\/wp-content\/uploads\/2009\/10\/091022_Wiederholen-265x378.jpg\" alt=\"091022_Wiederholen\" width=\"265\" height=\"378\" srcset=\"https:\/\/www.fuldaernachrichten.de\/wp-content\/uploads\/2009\/10\/091022_Wiederholen-265x378.jpg 265w, https:\/\/www.fuldaernachrichten.de\/wp-content\/uploads\/2009\/10\/091022_Wiederholen.jpg 399w\" sizes=\"(max-width: 265px) 100vw, 265px\" \/><\/a>Kino.<\/strong> \u00dcber den Wolken ist die Freiheit grenzenlos f\u00fcr Ryan Bingham (George Clooney). 322 Tage im Jahr ist der passionierte Vielflieger in der Luft oder in Airport-Hotels, ununterbrochen unterwegs zu Firmen irgendwo in den USA. Dort \u00fcbernimmt er die unliebsame Aufgabe, Mitarbeiter m\u00f6glichst schmerzfrei \u00fcber ihre Entlassung zu informieren. Ryan selbst hat nur ein Ziel: Er will der siebte Mensch werden, der als Frequent Flyer die sagenumwobene 10.000.000-Meilen-Schallmauer durchbricht. Doch dann lernt er auf einer seiner Reisen am Flughafen eine verwandte Seele kennen, die Gesch\u00e4ftsfrau Alex (Vera Farmiga), die eine menschliche Seite in ihm weckt, die er l\u00e4ngst vergessen glaubte. Gleichzeitig droht sein Berufsleben aus den perfekt organisierten Bahnen zu geraten, als die ehrgeizige junge Harvard Absolventin Natalie (Anna Kendrick) seinen Chef Craig (Jason Bateman) davon \u00fcberzeugen kann, in der Firma Modernisierungen durchzusetzen, die Ryan k\u00fcnftig an den Schreibtisch fesseln w\u00fcrden. Sein erf\u00fclltes Nomadenleben, in dem Statussymbole den Platz traditioneller Werte eingenommen haben, scheint komplett au\u00dfer Kontrolle zu geraten: Wo soll ein Mann hin, der kein Zuhause hat?<\/p>\n<p><strong>Kinostart: 04.02.2010<\/strong><\/p>\n","protected":false},"excerpt":{"rendered":"<div class=\"tmnf_excerpt\"><p>Kino. \u00dcber den Wolken ist die Freiheit grenzenlos f\u00fcr Ryan Bingham (George Clooney). 322 Tage im Jahr ist der passionierte Vielflieger in der Luft oder in Airport-Hotels, ununterbrochen unterwegs zu Firmen irgendwo in den USA. Dort \u00fcbernimmt er die unliebsame Aufgabe, Mitarbeiter m\u00f6glichst schmerzfrei \u00fcber ihre Entlassung zu informieren. Ryan selbst hat nur ein Ziel: &hellip;<\/p>\n<\/div>","protected":false},"author":1,"featured_media":0,"comment_status":"closed","ping_status":"closed","sticky":false,"template":"","format":"standard","meta":{"footnotes":""},"categories":[1,79],"tags":[],"class_list":["post-42809","post","type-post","status-publish","format-standard","hentry","category-startseite","category-kino"],"_links":{"self":[{"href":"https:\/\/www.fuldaernachrichten.de\/index.php?rest_route=\/wp\/v2\/posts\/42809","targetHints":{"allow":["GET"]}}],"collection":[{"href":"https:\/\/www.fuldaernachrichten.de\/index.php?rest_route=\/wp\/v2\/posts"}],"about":[{"href":"https:\/\/www.fuldaernachrichten.de\/index.php?rest_route=\/wp\/v2\/types\/post"}],"author":[{"embeddable":true,"href":"https:\/\/www.fuldaernachrichten.de\/index.php?rest_route=\/wp\/v2\/users\/1"}],"replies":[{"embeddable":true,"href":"https:\/\/www.fuldaernachrichten.de\/index.php?rest_route=%2Fwp%2Fv2%2Fcomments&post=42809"}],"version-history":[{"count":16,"href":"https:\/\/www.fuldaernachrichten.de\/index.php?rest_route=\/wp\/v2\/posts\/42809\/revisions"}],"predecessor-version":[{"id":51647,"href":"https:\/\/www.fuldaernachrichten.de\/index.php?rest_route=\/wp\/v2\/posts\/42809\/revisions\/51647"}],"wp:attachment":[{"href":"https:\/\/www.fuldaernachrichten.de\/index.php?rest_route=%2Fwp%2Fv2%2Fmedia&parent=42809"}],"wp:term":[{"taxonomy":"category","embeddable":true,"href":"https:\/\/www.fuldaernachrichten.de\/index.php?rest_route=%2Fwp%2Fv2%2Fcategories&post=42809"},{"taxonomy":"post_tag","embeddable":true,"href":"https:\/\/www.fuldaernachrichten.de\/index.php?rest_route=%2Fwp%2Fv2%2Ftags&post=42809"}],"curies":[{"name":"wp","href":"https:\/\/api.w.org\/{rel}","templated":true}]}}