{"id":4265,"date":"2007-07-18T00:20:46","date_gmt":"2007-07-17T22:20:46","guid":{"rendered":"http:\/\/www.schoene-nachrichten.de\/?p=4265"},"modified":"2007-07-18T00:23:58","modified_gmt":"2007-07-17T22:23:58","slug":"rekord-fachbereich-angewandte-informatik-verabschiedet-62-informatik-absolventen","status":"publish","type":"post","link":"https:\/\/www.fuldaernachrichten.de\/?p=4265","title":{"rendered":"Rekord: Fachbereich Angewandte Informatik verabschiedet 62 Informatik-Absolventen"},"content":{"rendered":"<p><strong><a rel=\"lightbox[roadtrip]\" target=\"_blank\" href=\"http:\/\/www.schoene-nachrichten.de\/wp-content\/uploads\/2007\/07\/070717_absolventen.jpg\" title=\"070717_absolventen.jpg\"><img decoding=\"async\" align=\"left\" src=\"http:\/\/www.schoene-nachrichten.de\/wp-content\/uploads\/2007\/07\/070717_absolventen.thumbnail.jpg\" hspace=\"5\" alt=\"070717_absolventen.jpg\" \/><\/a>Sch\u00f6nes aus Fulda.<\/strong> Auch die \u00e4lteren Professoren konnten sich am Freitag, dem 13. Juli 2007, nicht mehr daran erinnern, schon einmal so viele Absolventinnen und Absolventen in einem Semester verabschiedet zu haben. F\u00fcr die 62 jungen Studierenden war es trotz des eigentlich Ungl\u00fcck verhei\u00dfenden Datums ein Tag der Freude. Sie wurden nach den Strapazen der vorangegangenen Pr\u00fcfungstage feierlich in der Aula der Alten Universit\u00e4t Fulda verabschiedet.<!--more--><\/p>\n<p>Die Feierstunde wurde musikalisch begleitet von Olga Zarytovska und Thomas H\u00f6hl, die den Abend mit einer Darbietung am Klavier er\u00f6ffneten. Nach einer Begr\u00fc\u00dfung und Ansprache durch den Dekan des Fachbereichs Angewandte Informatik, Prof. Dr. Werner Winzerling, richtete dann der Vizepr\u00e4sident der Hochschule Fulda, Prof. Dr. Karim Khakzar, einige Worte an das Auditorium. Zun\u00e4chst gratulierte er allen Absolventinnen und Absolventen f\u00fcr die erbrachte Leistung.<\/p>\n<p>Er sagte den Absolventinnen und Absolventen aufgrund ihrer hervorragenden Ausbildung gute Chancen f\u00fcr einen erfolgreichen Berufseinstieg voraus. Unter anderem kam er auf die Entwicklung der Hochschule Fulda zu sprechen, so z. B. auch auf das Auslaufen der Diplomstudieng\u00e4nge und die Einf\u00fchrung der neuen Bachelor- und Masterabschl\u00fcsse. Er betonte, dass die Diplom-Informatikerinnen und Diplom-Informatiker trotz der Umstellung auf Bachelor und Master mit Zuversicht auf den vor ihnen liegenden Berufsweg blicken k\u00f6nnen.<\/p>\n<p>Zum Abschluss dankten Prof. Dr. Winzerling und Prof. Dr. Khakzar auch den Fachbereichsangeh\u00f6rigen f\u00fcr die Unterst\u00fctzung und das Engagement gegen\u00fcber der Studierenden auf dem Weg zum Diplom. Anschlie\u00dfend hob Prof. Dr. Meinholz, Pr\u00fcfungsausschussvorsitzender des Fachbereichs Angewandte Informatik, hob die gute Durchschnittsnote der m\u00fcndlichen Diplompr\u00fcfungen von 2,2 hervor und dankte den Absolventinnen und Absolventen f\u00fcr den reibungslosen Ablauf der Diplompr\u00fcfungen, die nur durch das aufgebrachte Verst\u00e4ndnis und das Entgegenkommen der Studierenden bis in die sp\u00e4ten Abendstunden durchgef\u00fchrt werden konnten.<\/p>\n<p>Dies war notwendig, da die gro\u00dfe Zahl an Diplomandinnen und Diplomanden vorher nat\u00fcrlich auch eine gro\u00dfe Zahl an Pr\u00fcfungen erforderlich gemacht hat. F\u00fcr die Absolventinnen und Absolventen blickte Diplom-Informatiker Stephan Jacob mit einem heiteren, aber auch an manchen Stellen melancholischen R\u00fcckblick auf das Studium zur\u00fcck. F\u00fcr die Studierenden geht ein wichtiger Lebensabschnitt mit dem Tag der Diplom\u00fcbergabe zu Ende.<\/p>\n<p>Zum Schluss und H\u00f6hepunkt des Abends richtete Peter Heil von der Ewald Vollmer-Stiftung das Wort an die Zuh\u00f6rerschaft. Erstmals wurde am Ende dieses Semesters der Ewald Vollmer-Preis 2007 der Stiftung verliehen. Dieser richtet sich an die beste Absolventin\/den besten Absolventen mit dem Studienabschluss Diplom-Informatiker\/-in (FH) und zeichnet besondere Leistung w\u00e4hrend des Studiums aus. Der mit 500,00 \u00e2\u201a\u00ac dotierte Preis ging an Mehmet Akin, der mit durchweg sehr guten Leistungen das Informatikstudium absolvierte. Gemeinsam mit dem Dekan und dem Vizepr\u00e4sidenten \u00fcberreichte er anschlie\u00dfend die Urkunden an die 62 Diplomandinnen und Diplomanden.<\/p>\n<p><strong>Diplomiert wurden:<\/strong><br \/>\nMehmet Akin, Engin Atmaca, Irina Bering, Ralf Borneis, Mario Br\u00e4hler, Markus Braun, Haldun Can, Samuel Drechsel, S\u00f6ren Eckel, Martin Etzel, Dirk Euler, J\u00f6rn Freudenberg, Natalie Geiger, Gruya Lambert Gouane Bi, Yvonne Hahn, Markus Haspecker, Sebastian Heinemann, Gregor-Michael Heppa, Markus Hering, Tobias Hofmann, Christian Hohmann, Stephan Jacob, Timo Jahn, Christoph Karon, Frank Katzenberger, Stefan Keller, Thorsten Kiel, Markus Klein, Zoran Kljajic-H\u00f6ck, Stefan Kund Kraus, Dirk Lamsfu\u00df, Johanna Loza, Dennis L\u00fcddecke, Patrick Merz, Julia Noll, Markus Pfohl, Julia Presman, Sabrina Quell, Ringo Rausche, Michael Ritz, Mark Roach, Holger Rohde, Markus Rolfes, Ronny R\u00f6sler, Florian Rost, Axel Sch\u00e4fer, Thomas Schlemmer, Benedikt Schl\u00fcter, Sebastian Schmitt, Beate Schnoor, Monika Schraub, Daniel Schr\u00f6der, Uwe Schr\u00f6ter, Florian Sch\u00fcssel, Daniel Schwalm, Christian Sorg, Alexander Starke, Janine St\u00fcbing, Eyere Bessem Takem, Clemens Tietze, Ronny Trommer, Nico Wollenzin.<\/p>\n","protected":false},"excerpt":{"rendered":"<div class=\"tmnf_excerpt\"><p>Sch\u00f6nes aus Fulda. Auch die \u00e4lteren Professoren konnten sich am Freitag, dem 13. Juli 2007, nicht mehr daran erinnern, schon einmal so viele Absolventinnen und Absolventen in einem Semester verabschiedet zu haben. F\u00fcr die 62 jungen Studierenden war es trotz des eigentlich Ungl\u00fcck verhei\u00dfenden Datums ein Tag der Freude. Sie wurden nach den Strapazen der &hellip;<\/p>\n<\/div>","protected":false},"author":1,"featured_media":0,"comment_status":"closed","ping_status":"closed","sticky":false,"template":"","format":"standard","meta":{"footnotes":""},"categories":[1,53,48],"tags":[],"class_list":["post-4265","post","type-post","status-publish","format-standard","hentry","category-startseite","category-bildung","category-forschung"],"_links":{"self":[{"href":"https:\/\/www.fuldaernachrichten.de\/index.php?rest_route=\/wp\/v2\/posts\/4265","targetHints":{"allow":["GET"]}}],"collection":[{"href":"https:\/\/www.fuldaernachrichten.de\/index.php?rest_route=\/wp\/v2\/posts"}],"about":[{"href":"https:\/\/www.fuldaernachrichten.de\/index.php?rest_route=\/wp\/v2\/types\/post"}],"author":[{"embeddable":true,"href":"https:\/\/www.fuldaernachrichten.de\/index.php?rest_route=\/wp\/v2\/users\/1"}],"replies":[{"embeddable":true,"href":"https:\/\/www.fuldaernachrichten.de\/index.php?rest_route=%2Fwp%2Fv2%2Fcomments&post=4265"}],"version-history":[{"count":0,"href":"https:\/\/www.fuldaernachrichten.de\/index.php?rest_route=\/wp\/v2\/posts\/4265\/revisions"}],"wp:attachment":[{"href":"https:\/\/www.fuldaernachrichten.de\/index.php?rest_route=%2Fwp%2Fv2%2Fmedia&parent=4265"}],"wp:term":[{"taxonomy":"category","embeddable":true,"href":"https:\/\/www.fuldaernachrichten.de\/index.php?rest_route=%2Fwp%2Fv2%2Fcategories&post=4265"},{"taxonomy":"post_tag","embeddable":true,"href":"https:\/\/www.fuldaernachrichten.de\/index.php?rest_route=%2Fwp%2Fv2%2Ftags&post=4265"}],"curies":[{"name":"wp","href":"https:\/\/api.w.org\/{rel}","templated":true}]}}