{"id":425,"date":"2006-12-19T12:06:58","date_gmt":"2006-12-19T11:06:58","guid":{"rendered":"http:\/\/www.schoene-nachrichten.de\/?p=425"},"modified":"2006-12-19T12:07:25","modified_gmt":"2006-12-19T11:07:25","slug":"schulerinnen-sammelten-fur-schule-im-kosovo-caritas-ubernahm-transportkosten","status":"publish","type":"post","link":"https:\/\/www.fuldaernachrichten.de\/?p=425","title":{"rendered":"Sch\u00fclerinnen sammelten f\u00fcr Schule im Kosovo &#8211; Caritas \u00fcbernahm Transportkosten"},"content":{"rendered":"<p><strong>Sch\u00f6nes aus Fulda.<\/strong> Schultaschen, Schreibmaterialien, Hefte, aber auch Winterkleidung f\u00fcr Kinder haben Regina Miller und Egzonjeta Smajli, beide Sch\u00fclerinnen der Fuldaer Eduard-Stieler-Schule, f\u00fcr eine Schule im Kosovo gesammelt. Doch um die gepackten Kisten rechtzeitig vor Weihnachten zum Balkan hinunter zu bringen, brauchten die Sch\u00fclerinnen finanzielle Unterst\u00fctzung. Mit 250 Euro \u00fcbernahm die Caritas einen guten Teil dieser Transportkosten.<\/p>\n<p>\u00c2\u00a0<\/p>\n<p>Foto: Caritas Fulda<\/p>\n<p>\u00c2\u00a0<\/p>\n<p><a title=\"Foto: Caritas Fulda\" href=\"http:\/\/www.schoene-nachrichten.de\/wp-content\/uploads\/2006\/12\/061219_kosovo_01.jpg\" target=\"_blank\"><img decoding=\"async\" id=\"image426\" height=\"96\" alt=\"061219_kosovo_01.jpg\" src=\"http:\/\/www.schoene-nachrichten.de\/wp-content\/uploads\/2006\/12\/061219_kosovo_01.thumbnail.jpg\" \/><\/a><\/p>\n<p>\u00c2\u00a0<\/p>\n<p><!--more--><\/p>\n<p>Caritasmitarbeiterinnen und \u2013mitarbeiter sowie Sch\u00fcler der Eduard-Stieler-Schule hatten zuvor zum Sachspendenaufkommen beigetragen. \u201eSolch eine Initiative von jungen Menschen verdient den Erfolg\u201c, sagte Caritasdirektor Gerhard S\u00fcndermann, als Regina und Egzonjeta bei der Caritas um Unterst\u00fctzung baten. Das Foto zeigt die beiden Sch\u00fclerinnen vor dem Lieferwagen, mit dem das Spendenmaterial von Fulda zur Spedition nach Aschaffenburg gebracht wurde.<br \/>\n\u00c2\u00a0<\/p>\n<p>\u00c2\u00a0<\/p>\n<p>\u00c2\u00a0<\/p>\n<p>\u00c2\u00a0<\/p>\n","protected":false},"excerpt":{"rendered":"<div class=\"tmnf_excerpt\"><p>Sch\u00f6nes aus Fulda. Schultaschen, Schreibmaterialien, Hefte, aber auch Winterkleidung f\u00fcr Kinder haben Regina Miller und Egzonjeta Smajli, beide Sch\u00fclerinnen der Fuldaer Eduard-Stieler-Schule, f\u00fcr eine Schule im Kosovo gesammelt. Doch um die gepackten Kisten rechtzeitig vor Weihnachten zum Balkan hinunter zu bringen, brauchten die Sch\u00fclerinnen finanzielle Unterst\u00fctzung. Mit 250 Euro \u00fcbernahm die Caritas einen guten Teil &hellip;<\/p>\n<\/div>","protected":false},"author":1,"featured_media":0,"comment_status":"closed","ping_status":"closed","sticky":false,"template":"","format":"standard","meta":{"footnotes":""},"categories":[1],"tags":[],"class_list":["post-425","post","type-post","status-publish","format-standard","hentry","category-startseite"],"_links":{"self":[{"href":"https:\/\/www.fuldaernachrichten.de\/index.php?rest_route=\/wp\/v2\/posts\/425","targetHints":{"allow":["GET"]}}],"collection":[{"href":"https:\/\/www.fuldaernachrichten.de\/index.php?rest_route=\/wp\/v2\/posts"}],"about":[{"href":"https:\/\/www.fuldaernachrichten.de\/index.php?rest_route=\/wp\/v2\/types\/post"}],"author":[{"embeddable":true,"href":"https:\/\/www.fuldaernachrichten.de\/index.php?rest_route=\/wp\/v2\/users\/1"}],"replies":[{"embeddable":true,"href":"https:\/\/www.fuldaernachrichten.de\/index.php?rest_route=%2Fwp%2Fv2%2Fcomments&post=425"}],"version-history":[{"count":0,"href":"https:\/\/www.fuldaernachrichten.de\/index.php?rest_route=\/wp\/v2\/posts\/425\/revisions"}],"wp:attachment":[{"href":"https:\/\/www.fuldaernachrichten.de\/index.php?rest_route=%2Fwp%2Fv2%2Fmedia&parent=425"}],"wp:term":[{"taxonomy":"category","embeddable":true,"href":"https:\/\/www.fuldaernachrichten.de\/index.php?rest_route=%2Fwp%2Fv2%2Fcategories&post=425"},{"taxonomy":"post_tag","embeddable":true,"href":"https:\/\/www.fuldaernachrichten.de\/index.php?rest_route=%2Fwp%2Fv2%2Ftags&post=425"}],"curies":[{"name":"wp","href":"https:\/\/api.w.org\/{rel}","templated":true}]}}