{"id":42482,"date":"2009-10-20T06:48:28","date_gmt":"2009-10-20T04:48:28","guid":{"rendered":"http:\/\/www.schoene-nachrichten.de\/?p=42482"},"modified":"2009-10-21T08:49:32","modified_gmt":"2009-10-21T06:49:32","slug":"kaufhof-geburtstagsparty-mit-tollen-angeboten-und-events-fuer-die-kunden","status":"publish","type":"post","link":"https:\/\/www.fuldaernachrichten.de\/?p=42482","title":{"rendered":"Kaufhof-Geburtstagsparty mit tollen Angeboten und Events f\u00fcr die Kunden"},"content":{"rendered":"<p>Fulda.\u00c2\u00a0 \u201eWir begreifen uns als Motor des Einzelhandels und bieten unseren Kunden eine besondere Einkaufs- und Servicekultur\u201c, sagt Hartmut Abel, Gesch\u00e4ftsf\u00fchrer der Galeria Kaufhof Fulda anl\u00e4sslich der Feierlichkeiten zum 130. Geburtstag des Unternehmens. Als gro\u00dfer Einkaufsmagnet erfreut sich die Filiale Fulda bei den Kunden gro\u00dfer Beliebtheit. Die Gesch\u00e4ftsleitung und die gesamte 100-k\u00f6pfige Galeria Kaufhof-Mannschaft freuen sich gemeinsam mit den Kunden auf die gro\u00dfe Geburtstagsparty vom 20. Oktober bis 7. November.<!--more--><\/p>\n<p>\u201eDie Kunden d\u00fcrfen sich auf Angebote zu attraktiven Geburtstagspreisen quer durch die Sortimente sowie spannende Gutschein-Aktionen freuen. Mit kreativen Ideen hat die Galeria Kaufhof ein abwechslungsreiches Eventprogramm auf die Beine gestellt\u201c, so Gesch\u00e4ftsf\u00fchrer Hartmut Abel. Als besondere Highlights bietet die Filiale:<\/p>\n<p>Anschnitt der Geburtstagstorte am Dienstag den 20.10.2009 um 11:00 durch Oberb\u00fcrgermeister M\u00f6ller, \u00c2\u00a0sowie am 31.10.2009 die Aktion &#8220;Happy Hands\u201c. An diesem Samstag kann man seine H\u00e4nde in Wachs tauchen und in verschiedenen Creationen gestalten.<\/p>\n<p>Die Galeria Kaufhof Fulda hat sich in ihrer 73-j\u00e4hrigen Geschichte kontinuierlich den ver\u00e4nderten Anforderungen des Standorts gestellt. Nach dem Start 1936 in der Marktstra\u00dfe wurde 1958 das Kaufhaus Kerber an seinem heutigen Standort in der Rabanusstra\u00dfe er\u00f6ffnete. Nach Erweiterungen in den Jahren 1965,1967 und 1970, sowie Modernisierungen 1981 und 1985, kam die Kerber-Gruppe 1991 zum Kaufhof. Nach langj\u00e4hriger und umfangreicher Planung erhielten die Fuldaer nun endlich im September 2004 Ihre\u00c2\u00a0 heutige Galeria Kaufhof Filiale.<\/p>\n<p><strong>Aus kleinen Anf\u00e4ngen zu einem Unternehmen mit Weltruf<\/strong><\/p>\n<p>Das Warenhaus ist ein Spiegel des aktuellen Zeitgeistes. Darum muss es sich immer wieder erneuern &#8211; und dies in immer k\u00fcrzeren Abst\u00e4nden. Kaufhof zeigt in seiner Unternehmensgeschichte, wie erfolgreich diese Herausforderung mit Dynamik, Kreativit\u00e4t und Ver\u00e4nderungsf\u00e4higkeit zu meistern ist.<\/p>\n<p>Die Erfolgsgeschichte des Unternehmens begann im beschaulichen Stralsund. Am 14. August 1879 er\u00f6ffnete der 30-j\u00e4hrige Leonhard Tietz ein kleines Ladenlokal in der Ossenreyerstra\u00dfe 31. Dem \u201ehochgeehrten Publikum von Stralsund und Umgegend\u201c offerierte er auf 25 Quadratmetern Garne, Kn\u00f6pfe und Posamenten sowie Wollwaren, au\u00dferdem \u201es\u00e4mtliche Artikel zur Damen- und Herrenschneiderei\u201c, wie es in der Er\u00f6ffnungsanzeige hei\u00dft. Der j\u00fcdische Jungunternehmer, der in der Hafenstadt an der Ostsee sein berufliches Gl\u00fcck suchte, stammte aus der Provinz Posen und hatte gerade mal 3.000 Taler Startkapital.<\/p>\n<p>Aus diesen kleinen Anf\u00e4ngen entstand ein Unternehmen mit Weltruf. Heute ist die inzwischen zur METRO Group geh\u00f6rende GALERIA Kaufhof GmbH mit Sitz in K\u00f6ln europaweit eines der f\u00fchrenden Warenhausunternehmen. Mit seinem innovativen und erfolgreichen Galeria-Konzept pr\u00e4sentiert sich das Unternehmen als moderner Lifestyle-Anbieter unter dem Slogan \u201eIch freu\u00e2\u20ac\u2122 mich drauf\u201c. Die hochwertigen, international ausgerichteten Sortimente werden in Waren-Welten mit zahlreichen Markenshops vorgestellt. Das Unternehmen setzte 2008 in 141 Filialen in Deutschland und Belgien mit rund 25.000 Mitarbeitern rund 3,5 Milliarden Euro (netto) um und erzielte dabei ein Ergebnis von 113 Millionen Euro (EBIT). Im Laufe seiner Geschichte &#8211; die Kriegszeiten einmal au\u00dfen vor gelassen &#8211; hat Kaufhof immer schwarze Zahlen geschrieben. T\u00e4glich erleben heute bundesweit rund zwei Millionen Besucher Galeria Kaufhof als Marke f\u00fcr Einkaufs- und Servicekultur.<\/p>\n","protected":false},"excerpt":{"rendered":"<div class=\"tmnf_excerpt\"><p>Fulda.\u00c2\u00a0 \u201eWir begreifen uns als Motor des Einzelhandels und bieten unseren Kunden eine besondere Einkaufs- und Servicekultur\u201c, sagt Hartmut Abel, Gesch\u00e4ftsf\u00fchrer der Galeria Kaufhof Fulda anl\u00e4sslich der Feierlichkeiten zum 130. Geburtstag des Unternehmens. Als gro\u00dfer Einkaufsmagnet erfreut sich die Filiale Fulda bei den Kunden gro\u00dfer Beliebtheit. Die Gesch\u00e4ftsleitung und die gesamte 100-k\u00f6pfige Galeria Kaufhof-Mannschaft freuen &hellip;<\/p>\n<\/div>","protected":false},"author":1,"featured_media":0,"comment_status":"closed","ping_status":"closed","sticky":false,"template":"","format":"standard","meta":{"footnotes":""},"categories":[1,37,44,29],"tags":[],"class_list":["post-42482","post","type-post","status-publish","format-standard","hentry","category-startseite","category-essen-und-trinken","category-kultur","category-politik"],"_links":{"self":[{"href":"https:\/\/www.fuldaernachrichten.de\/index.php?rest_route=\/wp\/v2\/posts\/42482","targetHints":{"allow":["GET"]}}],"collection":[{"href":"https:\/\/www.fuldaernachrichten.de\/index.php?rest_route=\/wp\/v2\/posts"}],"about":[{"href":"https:\/\/www.fuldaernachrichten.de\/index.php?rest_route=\/wp\/v2\/types\/post"}],"author":[{"embeddable":true,"href":"https:\/\/www.fuldaernachrichten.de\/index.php?rest_route=\/wp\/v2\/users\/1"}],"replies":[{"embeddable":true,"href":"https:\/\/www.fuldaernachrichten.de\/index.php?rest_route=%2Fwp%2Fv2%2Fcomments&post=42482"}],"version-history":[{"count":2,"href":"https:\/\/www.fuldaernachrichten.de\/index.php?rest_route=\/wp\/v2\/posts\/42482\/revisions"}],"predecessor-version":[{"id":42623,"href":"https:\/\/www.fuldaernachrichten.de\/index.php?rest_route=\/wp\/v2\/posts\/42482\/revisions\/42623"}],"wp:attachment":[{"href":"https:\/\/www.fuldaernachrichten.de\/index.php?rest_route=%2Fwp%2Fv2%2Fmedia&parent=42482"}],"wp:term":[{"taxonomy":"category","embeddable":true,"href":"https:\/\/www.fuldaernachrichten.de\/index.php?rest_route=%2Fwp%2Fv2%2Fcategories&post=42482"},{"taxonomy":"post_tag","embeddable":true,"href":"https:\/\/www.fuldaernachrichten.de\/index.php?rest_route=%2Fwp%2Fv2%2Ftags&post=42482"}],"curies":[{"name":"wp","href":"https:\/\/api.w.org\/{rel}","templated":true}]}}