{"id":4240,"date":"2007-07-17T04:25:41","date_gmt":"2007-07-17T02:25:41","guid":{"rendered":"http:\/\/www.schoene-nachrichten.de\/?p=4240"},"modified":"2007-07-17T04:29:38","modified_gmt":"2007-07-17T02:29:38","slug":"gesundheit-macht-mobil-expertenrunde-am-klinikum","status":"publish","type":"post","link":"https:\/\/www.fuldaernachrichten.de\/?p=4240","title":{"rendered":"Gesundheit macht mobil &#8211; Expertenrunde am Klinikum"},"content":{"rendered":"<p><strong>Termin.<\/strong> Im Rahmen der Aktion \u201eDeutschland bewegt sich\u201c findet am 18.07.2007\u00c2\u00a0 um 18.00 Uhr, unter dem Motto \u201eGesundheit macht mobil\u201c, eine Informationsveranstaltung im H\u00f6rsaal des Klinikums Fulda statt. <!--more--><\/p>\n<p>Bewegung und Ausdauersport spielen f\u00fcr die Gesundheit eine wichtige Rolle.\u00c2\u00a0 Viele Krankheiten werden durch Bewegungsmangel gef\u00f6rdert, insbesondere Herz- und Kreislauferkrankungen. Jogging, Walking und das Gelenk schonende Nordic Walking sind daher aus medizinischer Sicht begr\u00fc\u00dfenswert. Unge\u00fcbte k\u00f6nnen sich beim Sport jedoch auch verletzen und somit die Gesundheit beeintr\u00e4chtigen.<\/p>\n<p>Vor diesem Hintergrund veranstaltet das Klinikum Fulda eine Informationsveranstaltung, bei der es um Mobilit\u00e4t und Gesundheit geht. Experten des Klinikums werden Vortr\u00e4ge halten, zu den Themen: \u201eSport macht gesund\u201c, Prof. Dr. med. Daniel Jaspersen (Direktor der Medizinischen Klinik II), \u201eSport macht kreislaufstark\u201c, Dr. med. Michael Conze (Oberarzt der Medizinischen Klinik I), \u201eSport kann verletzen\u201c, Dr. med. Frank Mehlmann (Leitender Arzt der Abteilung f\u00fcr Schulterchirurgie und Sporttraumatologie. Im Anschluss an die Vortr\u00e4ge besteht die M\u00f6glichkeit ausf\u00fchrlich Fragen zu stellen.<\/p>\n<p>Das Klinikum Fulda ist sich der Bedeutung der Aufkl\u00e4rung, nicht nur gegen\u00fcber der Bev\u00f6lkerung sondern auch seiner Mitarbeiter bewusst. Und so gibt es bereits seit Jahren eine Laufgruppe, die sich regelm\u00e4\u00dfig einmal pro Woche triff. \u201eDas Ziel ist, den Teamgeist im Unternehmen zu st\u00e4rken\u201c, so der Kaufm\u00e4nnische Direktor Stefan Burkard.\u00c2\u00a0 \u201eDenn f\u00fcr uns gilt nat\u00fcrlich dasselbe, was wir unseren Patienten raten: Essen Sie bewusster und bewegen Sie sich mehr \u2013 und vor allem regelm\u00e4\u00dfig\u201c.<br \/>\n\u00c2\u00a0<\/p>\n","protected":false},"excerpt":{"rendered":"<div class=\"tmnf_excerpt\"><p>Termin. Im Rahmen der Aktion \u201eDeutschland bewegt sich\u201c findet am 18.07.2007\u00c2\u00a0 um 18.00 Uhr, unter dem Motto \u201eGesundheit macht mobil\u201c, eine Informationsveranstaltung im H\u00f6rsaal des Klinikums Fulda statt.<\/p>\n<\/div>","protected":false},"author":1,"featured_media":0,"comment_status":"closed","ping_status":"closed","sticky":false,"template":"","format":"standard","meta":{"footnotes":""},"categories":[1,51],"tags":[],"class_list":["post-4240","post","type-post","status-publish","format-standard","hentry","category-startseite","category-medizin"],"_links":{"self":[{"href":"https:\/\/www.fuldaernachrichten.de\/index.php?rest_route=\/wp\/v2\/posts\/4240","targetHints":{"allow":["GET"]}}],"collection":[{"href":"https:\/\/www.fuldaernachrichten.de\/index.php?rest_route=\/wp\/v2\/posts"}],"about":[{"href":"https:\/\/www.fuldaernachrichten.de\/index.php?rest_route=\/wp\/v2\/types\/post"}],"author":[{"embeddable":true,"href":"https:\/\/www.fuldaernachrichten.de\/index.php?rest_route=\/wp\/v2\/users\/1"}],"replies":[{"embeddable":true,"href":"https:\/\/www.fuldaernachrichten.de\/index.php?rest_route=%2Fwp%2Fv2%2Fcomments&post=4240"}],"version-history":[{"count":0,"href":"https:\/\/www.fuldaernachrichten.de\/index.php?rest_route=\/wp\/v2\/posts\/4240\/revisions"}],"wp:attachment":[{"href":"https:\/\/www.fuldaernachrichten.de\/index.php?rest_route=%2Fwp%2Fv2%2Fmedia&parent=4240"}],"wp:term":[{"taxonomy":"category","embeddable":true,"href":"https:\/\/www.fuldaernachrichten.de\/index.php?rest_route=%2Fwp%2Fv2%2Fcategories&post=4240"},{"taxonomy":"post_tag","embeddable":true,"href":"https:\/\/www.fuldaernachrichten.de\/index.php?rest_route=%2Fwp%2Fv2%2Ftags&post=4240"}],"curies":[{"name":"wp","href":"https:\/\/api.w.org\/{rel}","templated":true}]}}