{"id":42345,"date":"2009-10-20T06:12:18","date_gmt":"2009-10-20T04:12:18","guid":{"rendered":"http:\/\/www.schoene-nachrichten.de\/?p=42345"},"modified":"2009-10-19T16:12:34","modified_gmt":"2009-10-19T14:12:34","slug":"mit-bischof-und-dreireihentanz-grosses-festwochenende-zum-40-jaehrigen-kirchweihjubilaeum","status":"publish","type":"post","link":"https:\/\/www.fuldaernachrichten.de\/?p=42345","title":{"rendered":"Mit Bischof und Dreireihentanz: Gro\u00dfes Festwochenende zum 40-j\u00e4hrigen Kirchweihjubil\u00e4um"},"content":{"rendered":"<p><strong><a href=\"http:\/\/www.schoene-nachrichten.de\/wp-content\/uploads\/2009\/10\/091019_Kirmes.jpg\"><img decoding=\"async\" class=\"alignleft size-thumbnail wp-image-42349\" title=\"091019_Kirmes\" src=\"http:\/\/www.schoene-nachrichten.de\/wp-content\/uploads\/2009\/10\/091019_Kirmes-265x171.jpg\" alt=\"091019_Kirmes\" width=\"265\" height=\"171\" srcset=\"https:\/\/www.fuldaernachrichten.de\/wp-content\/uploads\/2009\/10\/091019_Kirmes-265x171.jpg 265w, https:\/\/www.fuldaernachrichten.de\/wp-content\/uploads\/2009\/10\/091019_Kirmes.jpg 592w\" sizes=\"(max-width: 265px) 100vw, 265px\" \/><\/a>K\u00fcnzell. <\/strong>Mit einem vielseitigen Programm feiert die katholische Gemeinde St. Antonius in K\u00fcnzell am kommenden Wochenende die Weihe der neuen Pfarrkirche vor genau 40 Jahren. Das Fest \u00fcber vier Tage beginnt mit einer 60er Jahre Party am Freitag Abend. Ab 20 Uhr erklingt im Thomas-Morus-Haus die Musik aus der Zeit, als die Kirche geweiht wurde. Dazu gibt es passende Getr\u00e4nke und Gerichte, ein altersfreier Abend f\u00fcr die heutige Kirmesgeneration ebenso wie die Kirchbauer vor vier Jahrzehnten.<!--more--><\/p>\n<p><a href=\"http:\/\/www.schoene-nachrichten.de\/wp-content\/uploads\/2009\/10\/091019_Kirmes3.jpg\"><img decoding=\"async\" class=\"alignleft size-thumbnail wp-image-42350\" title=\"091019_Kirmes3\" src=\"http:\/\/www.schoene-nachrichten.de\/wp-content\/uploads\/2009\/10\/091019_Kirmes3-265x129.jpg\" alt=\"091019_Kirmes3\" width=\"265\" height=\"129\" srcset=\"https:\/\/www.fuldaernachrichten.de\/wp-content\/uploads\/2009\/10\/091019_Kirmes3-265x129.jpg 265w, https:\/\/www.fuldaernachrichten.de\/wp-content\/uploads\/2009\/10\/091019_Kirmes3.jpg 592w\" sizes=\"(max-width: 265px) 100vw, 265px\" \/><\/a>Am Samstag stellen die Kirmesburschen ab 14 Uhr den traditionellen Kirmesbaum auf. Am Abend gehen geladene G\u00e4ste auf eine Zeitreise durch die Geschichte der Kirchengemeinde. Zum H\u00f6hepunkt des Festwochenendes feiert am Sonntag Fuldas Bischof Heinz-Josef Algermissen mit der Pfarrgemeinde Gottesdienst. Das Pontifikalamt beginnt um 9 Uhr 30. Vier Jahrzehnte zuvor hatte der damalige Bischof Adolf Bolte die neue Kirche eingeweiht.<\/p>\n<p>Das alte Kirchlein mit seinen 100 Pl\u00e4tzen war f\u00fcr die schnell wachsende Gemeinde zu klein geworden. Nach der Messe mit Bischof Algermissen l\u00e4dt die Pfarrgemeinde zu Fr\u00fchschoppen und Mittagessen. Ab 13 Uhr beginnt mit dem Festumzug die traditionelle Kirmes. Nach der Andacht um 14 Uhr zeigen die Kirmespaare den Dreireihentanz um den Kirmesbaum.<\/p>\n<p><a href=\"http:\/\/www.schoene-nachrichten.de\/wp-content\/uploads\/2009\/10\/091019_Kirmes2.jpg\"><img decoding=\"async\" class=\"alignnone size-thumbnail wp-image-42351\" title=\"091019_Kirmes2\" src=\"http:\/\/www.schoene-nachrichten.de\/wp-content\/uploads\/2009\/10\/091019_Kirmes2-265x149.jpg\" alt=\"091019_Kirmes2\" width=\"265\" height=\"134\" \/><\/a><a href=\"http:\/\/www.schoene-nachrichten.de\/wp-content\/uploads\/2009\/10\/091019_Kirmes4.jpg\"><img loading=\"lazy\" decoding=\"async\" class=\"alignnone size-thumbnail wp-image-42352\" title=\"091019_Kirmes4\" src=\"http:\/\/www.schoene-nachrichten.de\/wp-content\/uploads\/2009\/10\/091019_Kirmes4-265x134.jpg\" alt=\"091019_Kirmes4\" width=\"265\" height=\"134\" srcset=\"https:\/\/www.fuldaernachrichten.de\/wp-content\/uploads\/2009\/10\/091019_Kirmes4-265x134.jpg 265w, https:\/\/www.fuldaernachrichten.de\/wp-content\/uploads\/2009\/10\/091019_Kirmes4.jpg 592w\" sizes=\"(max-width: 265px) 100vw, 265px\" \/><\/a> Der Festsonntag klingt aus mit musikalischer Unterhaltung der GVK-Musiktruppe.\u00c2\u00a0 Am vierten Festtag wird am Montag ab 19 Uhr beim Bockbierabend mit Haxe und Leberk\u00e4s\u00e2\u20ac\u2122 der Kirmesbaum versteigert. Der Musikverein St. Antonius spielt auf und dazu gibt es Ma\u00dfkrugstemmen und Ploatzwettessen.\u00c2\u00a0 \u00dcber das Festprogramm informiert im Internet die Seite www.kirmes-kuenzell.de.<\/p>\n","protected":false},"excerpt":{"rendered":"<div class=\"tmnf_excerpt\"><p>K\u00fcnzell. Mit einem vielseitigen Programm feiert die katholische Gemeinde St. Antonius in K\u00fcnzell am kommenden Wochenende die Weihe der neuen Pfarrkirche vor genau 40 Jahren. Das Fest \u00fcber vier Tage beginnt mit einer 60er Jahre Party am Freitag Abend. Ab 20 Uhr erklingt im Thomas-Morus-Haus die Musik aus der Zeit, als die Kirche geweiht wurde. &hellip;<\/p>\n<\/div>","protected":false},"author":1,"featured_media":0,"comment_status":"closed","ping_status":"closed","sticky":false,"template":"","format":"standard","meta":{"footnotes":""},"categories":[1,37,50],"tags":[],"class_list":["post-42345","post","type-post","status-publish","format-standard","hentry","category-startseite","category-essen-und-trinken","category-kirche"],"_links":{"self":[{"href":"https:\/\/www.fuldaernachrichten.de\/index.php?rest_route=\/wp\/v2\/posts\/42345","targetHints":{"allow":["GET"]}}],"collection":[{"href":"https:\/\/www.fuldaernachrichten.de\/index.php?rest_route=\/wp\/v2\/posts"}],"about":[{"href":"https:\/\/www.fuldaernachrichten.de\/index.php?rest_route=\/wp\/v2\/types\/post"}],"author":[{"embeddable":true,"href":"https:\/\/www.fuldaernachrichten.de\/index.php?rest_route=\/wp\/v2\/users\/1"}],"replies":[{"embeddable":true,"href":"https:\/\/www.fuldaernachrichten.de\/index.php?rest_route=%2Fwp%2Fv2%2Fcomments&post=42345"}],"version-history":[{"count":3,"href":"https:\/\/www.fuldaernachrichten.de\/index.php?rest_route=\/wp\/v2\/posts\/42345\/revisions"}],"predecessor-version":[{"id":42452,"href":"https:\/\/www.fuldaernachrichten.de\/index.php?rest_route=\/wp\/v2\/posts\/42345\/revisions\/42452"}],"wp:attachment":[{"href":"https:\/\/www.fuldaernachrichten.de\/index.php?rest_route=%2Fwp%2Fv2%2Fmedia&parent=42345"}],"wp:term":[{"taxonomy":"category","embeddable":true,"href":"https:\/\/www.fuldaernachrichten.de\/index.php?rest_route=%2Fwp%2Fv2%2Fcategories&post=42345"},{"taxonomy":"post_tag","embeddable":true,"href":"https:\/\/www.fuldaernachrichten.de\/index.php?rest_route=%2Fwp%2Fv2%2Ftags&post=42345"}],"curies":[{"name":"wp","href":"https:\/\/api.w.org\/{rel}","templated":true}]}}