{"id":4230,"date":"2007-07-16T02:34:47","date_gmt":"2007-07-16T00:34:47","guid":{"rendered":"http:\/\/www.schoene-nachrichten.de\/?p=4230"},"modified":"2007-07-16T02:40:56","modified_gmt":"2007-07-16T00:40:56","slug":"hochrhoentour-feierlich-eingeweiht","status":"publish","type":"post","link":"https:\/\/www.fuldaernachrichten.de\/?p=4230","title":{"rendered":"\u201eHochrh\u00f6ntour\u201c feierlich eingeweiht"},"content":{"rendered":"<p><strong>Sch\u00f6nes aus Oberelsbach\/Wildflecken.<\/strong> Bei herrlichstem Rh\u00f6nwetter konnte eine der 20 Extratouren \u201erund um den Hochrh\u00f6ner\u201c, n\u00e4mlich die sog. \u201eHochrh\u00f6ntour\u201c, am Basaltsee bei Oberelsbach in Anwesenheit vieler Wanderfreunde und auch Prominenter feierlich eingeweiht werden.<\/p>\n<p><strong>Fotos (3):<\/strong> Regina Rinke<\/p>\n<p><a rel=\"lightbox[roadtrip]\" target=\"_blank\" href=\"http:\/\/www.schoene-nachrichten.de\/wp-content\/uploads\/2007\/07\/070715_rhoentour1.jpg\" title=\"070715_rhoentour1.jpg\"><img decoding=\"async\" src=\"http:\/\/www.schoene-nachrichten.de\/wp-content\/uploads\/2007\/07\/070715_rhoentour1.thumbnail.jpg\" alt=\"070715_rhoentour1.jpg\" \/><\/a>\u00c2\u00a0<a rel=\"lightbox[roadtrip]\" target=\"_blank\" href=\"http:\/\/www.schoene-nachrichten.de\/wp-content\/uploads\/2007\/07\/070714_rhoentour2.jpg\" title=\"070714_rhoentour2.jpg\"><img decoding=\"async\" src=\"http:\/\/www.schoene-nachrichten.de\/wp-content\/uploads\/2007\/07\/070714_rhoentour2.thumbnail.jpg\" alt=\"070714_rhoentour2.jpg\" \/><\/a>\u00c2\u00a0<a rel=\"lightbox[roadtrip]\" target=\"_blank\" href=\"http:\/\/www.schoene-nachrichten.de\/wp-content\/uploads\/2007\/07\/070715_rhoentour3.jpg\" title=\"070715_rhoentour3.jpg\"><img decoding=\"async\" src=\"http:\/\/www.schoene-nachrichten.de\/wp-content\/uploads\/2007\/07\/070715_rhoentour3.thumbnail.jpg\" alt=\"070715_rhoentour3.jpg\" \/><\/a><!--more--><\/p>\n<p>Alles, was Rang und Namen hatte war gekommen:\u00c2\u00a0 Landrat Thomas Habermann, Rh\u00f6nklub-Pr\u00e4sidentin Regina Rinke, Wirtschaftsdezernent Ewald Kl\u00fcber aus dem Wartburgkreis, Otto Evers vom BRR auf der Wasserkuppe, Herr Salomon von der Oberen Naturschutzbeh\u00f6rde, W\u00fcrzburg,, Regierungsdirektor Michael Geier vom BRR Bayerische Rh\u00f6n, Geerd M\u00fcller von der Tourist-Info Wildflecken-Oberbach, Frau L\u00fcddecke-Niewerth vom FVV Rh\u00f6n in Fulda, Thomas Lemke, Koordinator des Hochrh\u00f6ner-Projektes und Klaus Spitzl vom Verein Naturpark und Biopsh\u00e4renreservat Bayerische Rh\u00f6n.<\/p>\n<p>All diese Beh\u00f6rdenvertreter und viele Rh\u00f6nklub-Zweigvereine konnte B\u00fcrgermeisterin Birgit Erb mit netten Worten begr\u00fc\u00dfen. Sie dankte der Trachtenkapelle Oberelsbach f\u00fcr die musikalische Umrahmung der Feier, auch dem Angelsportverein f\u00fcr die Bewirtung und dem Gesamt-Rh\u00f6nklub f\u00fcr die hervorragende Zusammenarbeit, die sie auch den Naturparken und dem Landratsamt bescheinigte. Bisher seien nur der \u201eHilderser\u201c und der \u201ePoint-Alpha-Weg\u201c zertifiziert worden. Mit der \u201eHochrh\u00f6ntour\u201c habe Bayern seine 1. Extratour zur Zertifizierung durch das Wanderinstitut anmelden k\u00f6nnen.<\/p>\n<p><strong>Dank des Landrates<br \/>\n<\/strong><br \/>\nLandrat Thomas Hebermann schilderte mit blumigen Worten seine vielen herrlichen Erlebnisse im Gebiet der Hochrh\u00f6n, in welchem er zur Jagd geht. Er sei dankbar f\u00fcr diese wunderbare Streckenf\u00fchrung, die eine Idee von Regina Rinke sei. Er dankte den Wegekennzeichnern des Rh\u00f6nklubs f\u00fcr die Arbeit und nannte die Rh\u00f6n ein kleines Paradies. Er selbst kenne keine andere Landschaft in Deutschland, die derart vielseitig sei, was Flora und Fauna betreffe. Auch die Gastronomie in der Rh\u00f6n k\u00f6nne sich sehen lassen, k\u00f6nnte jedoch noch verbessert werden.<\/p>\n<p><strong>Lob f\u00fcr die Wegewarte<br \/>\n<\/strong><br \/>\nPr\u00e4sidentin Regina Rinke stellte in den Mittelpunkt ihres Gru\u00dfwortes den Dank an die flei\u00dfigen Wegewarte, die bei der schwei\u00dftreibenden Arbeit Enormes geleistet h\u00e4tten. Besonders Gauwegewart G\u00fcnter Windisch habe sich um diese Hochrh\u00f6ntour verdient gemacht, weil er zusammen mit Gebhard Weber vom Zweigverein Rother Kuppe diese ca. 16 km lange Strecke ausgeschildert habe.<\/p>\n<p><strong>Geheimnis gel\u00fcftet<\/strong><\/p>\n<p>Endlich l\u00fcftete dann der Zertifizierer vom Wanderinstitut in Marburg, Herr Jarmuschewski, das Geheimnis und gab die Zahl der erreichten Punkte bekannt. Mit 71 Punkten spiele die Rh\u00f6n mit dieser herrlichen Tour \u201ein der Oberliga\u201c der Wanderwege in Deutschland. Bisher haben nur 4 Wege in diese\u00c2\u00a0 H\u00f6hen gelangen k\u00f6nnen. Er \u00fcberreichte die Urkunde und meinte, dass die Punktzahl noch gesteigert werden k\u00f6nne, wenn Sitzgruppen am Weg installiert w\u00fcrden und der Weg durch die Schornhecke einen anderen Bodenbelag bekommen k\u00f6nnte.<\/p>\n<p><strong>Naturschutzgebiete sind sensibel<\/strong><\/p>\n<p>Michael Geier vom Biosph\u00e4renreservat Bayerische Rh\u00f6n erinnerte in seinem kurzen Gru\u00dfwort daran, dass diese wunderbare Tour mitten durch das Naturschutzgebiet Lange Rh\u00f6n f\u00fchre. Er bat alle Wanderer, sich an die gekennzeichneten Wege zu halten, damit die sensible Natur rechts und links des Weges erhalten bleiben k\u00f6nne.<\/p>\n<p>Im Anschluss an die feierliche Er\u00f6ffnung wurde das Band zerschnitten und die Strecke zum Anwandern freigegeben. Viele Rh\u00f6nfreunde machten sich sofort auf den Weg \u00fcber den Ilmenberg zur Th\u00fcringer H\u00fctte, wo ein Shuttle-Bus zum R\u00fccktransport der Wanderer bereit stand.<\/p>\n","protected":false},"excerpt":{"rendered":"<div class=\"tmnf_excerpt\"><p>Sch\u00f6nes aus Oberelsbach\/Wildflecken. Bei herrlichstem Rh\u00f6nwetter konnte eine der 20 Extratouren \u201erund um den Hochrh\u00f6ner\u201c, n\u00e4mlich die sog. \u201eHochrh\u00f6ntour\u201c, am Basaltsee bei Oberelsbach in Anwesenheit vieler Wanderfreunde und auch Prominenter feierlich eingeweiht werden. Fotos (3): Regina Rinke \u00c2\u00a0\u00c2\u00a0<\/p>\n<\/div>","protected":false},"author":1,"featured_media":0,"comment_status":"closed","ping_status":"closed","sticky":false,"template":"","format":"standard","meta":{"footnotes":""},"categories":[1,52],"tags":[],"class_list":["post-4230","post","type-post","status-publish","format-standard","hentry","category-startseite","category-umwelt"],"_links":{"self":[{"href":"https:\/\/www.fuldaernachrichten.de\/index.php?rest_route=\/wp\/v2\/posts\/4230","targetHints":{"allow":["GET"]}}],"collection":[{"href":"https:\/\/www.fuldaernachrichten.de\/index.php?rest_route=\/wp\/v2\/posts"}],"about":[{"href":"https:\/\/www.fuldaernachrichten.de\/index.php?rest_route=\/wp\/v2\/types\/post"}],"author":[{"embeddable":true,"href":"https:\/\/www.fuldaernachrichten.de\/index.php?rest_route=\/wp\/v2\/users\/1"}],"replies":[{"embeddable":true,"href":"https:\/\/www.fuldaernachrichten.de\/index.php?rest_route=%2Fwp%2Fv2%2Fcomments&post=4230"}],"version-history":[{"count":0,"href":"https:\/\/www.fuldaernachrichten.de\/index.php?rest_route=\/wp\/v2\/posts\/4230\/revisions"}],"wp:attachment":[{"href":"https:\/\/www.fuldaernachrichten.de\/index.php?rest_route=%2Fwp%2Fv2%2Fmedia&parent=4230"}],"wp:term":[{"taxonomy":"category","embeddable":true,"href":"https:\/\/www.fuldaernachrichten.de\/index.php?rest_route=%2Fwp%2Fv2%2Fcategories&post=4230"},{"taxonomy":"post_tag","embeddable":true,"href":"https:\/\/www.fuldaernachrichten.de\/index.php?rest_route=%2Fwp%2Fv2%2Ftags&post=4230"}],"curies":[{"name":"wp","href":"https:\/\/api.w.org\/{rel}","templated":true}]}}