{"id":42223,"date":"2009-10-16T18:38:32","date_gmt":"2009-10-16T16:38:32","guid":{"rendered":"http:\/\/www.schoene-nachrichten.de\/?p=42223"},"modified":"2009-10-16T18:38:41","modified_gmt":"2009-10-16T16:38:41","slug":"richtfest-fuer-das-mutter-kind-zentrum-am-klinikum-fulda","status":"publish","type":"post","link":"https:\/\/www.fuldaernachrichten.de\/?p=42223","title":{"rendered":"Richtfest f\u00fcr das Mutter-Kind-Zentrum am Klinikum Fulda"},"content":{"rendered":"<p><a title=\"Foto: Max Colin Heydenreich\" rel=\"lightbox[roadtrip]\" href=\"..\/wp-content\/uploads\/2009\/10\/091016_Klinikum_026.jpg\" target=\"_blank\"><img decoding=\"async\" src=\"..\/wp-content\/uploads\/2009\/10\/091016_Klinikum_026.jpg\" alt=\"091016_Klinikum_026.jpg\" width=\"560\" \/><\/a><\/p>\n<p><strong>Fulda.<\/strong> Oberb\u00fcrgermeister Gerhard M\u00f6ller begr\u00fc\u00dfte die zahlreich erschienenen G\u00e4ste im Neubau des Mutter-Kind-Zentrums und deutete den gro\u00dfen Zuspruch als ein positives Zeichen f\u00fcr die Bedeutung des Hauses. Anschlie\u00dfend dankte der Vorstand Harald Jeguschke insbesondere den Handwerkern sowie dem Architekten Mathias Kirschner (Architekturb\u00fcro Kirschner &amp; Partner) f\u00fcr die bisher geleistete Arbeit. Die Bauarbeiten des insgesamt 16,5 Mio. Euro teuren Neubaus liegen im vorgesehenen Zeitplan, so dass der geplanten Einweihung des ersten Bauabschnitts im Mai 2010 nichts im Wege stehe, so Jeguschke. Prof. Dr. Reinald Repp (Direktor der Kinderklinik) und Prof. Dr. Ludwig Sp\u00e4tling (Direktor der Frauenklinik) gingen in ihren Ansprachen  n\u00e4her auf das Konzept des Mutter-Kind-Zentrums ein, bevor der traditionelle Richtspruch und ein z\u00fcnftiger Imbiss folgten.<strong><br \/>\n<\/strong><\/p>\n<p><strong> Fotos (57) und Video:<\/strong> Max Colin Heydenreich \/ Marzena Traber<\/p>\n<p><a title=\"Foto: Max Colin Heydenreich\" rel=\"lightbox[roadtrip]\" href=\"http:\/\/www.schoene-nachrichten.de\/wp-content\/uploads\/2009\/10\/091016_Klinikum_001.jpg\" target=\"_blank\"><img decoding=\"async\" src=\"http:\/\/www.schoene-nachrichten.de\/wp-content\/uploads\/2009\/10\/091016_Klinikum_001.thumbnail.jpg\" alt=\"091016_Klinikum_001.jpg\" width=\"265\" \/><\/a> <a title=\"Foto: Max Colin Heydenreich\" rel=\"lightbox[roadtrip]\" href=\"http:\/\/www.schoene-nachrichten.de\/wp-content\/uploads\/2009\/10\/091016_Klinikum_002.jpg\" target=\"_blank\"><img decoding=\"async\" src=\"http:\/\/www.schoene-nachrichten.de\/wp-content\/uploads\/2009\/10\/091016_Klinikum_002.thumbnail.jpg\" alt=\"091016_Klinikum_002.jpg\" width=\"265\" \/><\/a><\/p>\n<p><!--more--><\/p>\n<p>Durch die gew\u00e4hlte Nutzungsverteilung wird eine enge Verzahnung zwischen der Frauenklinik und der Klinik f\u00fcr Kinder- und Jugendmedizin erreicht, k\u00fcnftige optimale Funktionsabl\u00e4ufe erm\u00f6glicht und eine interdisziplin\u00e4re Behandlungsweise beg\u00fcnstigt. Das Geburts- und Perinatalzentrum des Klinikums, welches die geburtshilfliche Abteilung der Frauenklinik und die Neonatologie der Kinderklinik vereint, wird zuk\u00fcnftig r\u00e4umlich noch enger miteinander verbunden sein. \u201eWir bieten im Mutter-Kind-Zentrum eine ideale Kombination von Menschlichkeit, Geborgenheit, Sicherheit und &#8211; wenn es erforderlich ist &#8211; von Hochleistungsmedizin\u201c, so Prof. Dr. Sp\u00e4tling.<\/p>\n<p><a title=\"Foto: Max Colin Heydenreich\" rel=\"lightbox[roadtrip]\" href=\"..\/wp-content\/uploads\/2009\/10\/091016_Klinikum_052.jpg\" target=\"_blank\"><img decoding=\"async\" src=\"..\/wp-content\/uploads\/2009\/10\/091016_Klinikum_052.thumbnail.jpg\" alt=\"091016_Klinikum_052.jpg\" width=\"265\" \/><\/a> <a title=\"Foto: Max Colin Heydenreich\" rel=\"lightbox[roadtrip]\" href=\"http:\/\/www.schoene-nachrichten.de\/wp-content\/uploads\/2009\/10\/091016_Klinikum_004.jpg\" target=\"_blank\"><img decoding=\"async\" src=\"http:\/\/www.schoene-nachrichten.de\/wp-content\/uploads\/2009\/10\/091016_Klinikum_004.thumbnail.jpg\" alt=\"091016_Klinikum_004.jpg\" width=\"265\" \/><\/a><\/p>\n<p><a title=\"Foto: Max Colin Heydenreich\" rel=\"lightbox[roadtrip]\" href=\"http:\/\/www.schoene-nachrichten.de\/wp-content\/uploads\/2009\/10\/091016_Klinikum_005.jpg\" target=\"_blank\"><img decoding=\"async\" src=\"http:\/\/www.schoene-nachrichten.de\/wp-content\/uploads\/2009\/10\/091016_Klinikum_005.thumbnail.jpg\" alt=\"091016_Klinikum_005.jpg\" width=\"265\" \/><\/a> <a title=\"Foto: Max Colin Heydenreich\" rel=\"lightbox[roadtrip]\" href=\"http:\/\/www.schoene-nachrichten.de\/wp-content\/uploads\/2009\/10\/091016_Klinikum_006.jpg\" target=\"_blank\"><img decoding=\"async\" src=\"http:\/\/www.schoene-nachrichten.de\/wp-content\/uploads\/2009\/10\/091016_Klinikum_006.thumbnail.jpg\" alt=\"091016_Klinikum_006.jpg\" width=\"265\" \/><\/a><\/p>\n<p>Im Erdgeschoss des Neubaus sind die Ambulanzen der Gyn\u00e4kologie, Geburtshilfe und Kinderklinik vorgesehen. Es gibt zwei getrennte Eing\u00e4nge f\u00fcr die Ambulanz der Frauen- und der Kinderklinik, damit keine ansteckenden Krankheiten von Kindern auf Schwangere \u00fcbertragen werden. Zus\u00e4tzlich gibt es einen weiteren Eingang der Kinderklinik direkt von au\u00dfen, so dass Kinder mit hoch ansteckenden Krankheiten in einem eigenen Bereich ohne Kontakt zu anderen Patienten behandelt werden k\u00f6nnen. \u201eDie Sicherheit unserer Patienten hat bei den Planungen einen sehr hohen Stellenwert\u201c, erl\u00e4uterte Prof. Dr. Repp.<\/p>\n<p><a title=\"Foto: Max Colin Heydenreich\" rel=\"lightbox[roadtrip]\" href=\"http:\/\/www.schoene-nachrichten.de\/wp-content\/uploads\/2009\/10\/091016_Klinikum_007.jpg\" target=\"_blank\"><img decoding=\"async\" src=\"http:\/\/www.schoene-nachrichten.de\/wp-content\/uploads\/2009\/10\/091016_Klinikum_007.thumbnail.jpg\" alt=\"091016_Klinikum_007.jpg\" width=\"265\" \/><\/a> <a title=\"Foto: Max Colin Heydenreich\" rel=\"lightbox[roadtrip]\" href=\"http:\/\/www.schoene-nachrichten.de\/wp-content\/uploads\/2009\/10\/091016_Klinikum_008.jpg\" target=\"_blank\"><img decoding=\"async\" src=\"http:\/\/www.schoene-nachrichten.de\/wp-content\/uploads\/2009\/10\/091016_Klinikum_008.thumbnail.jpg\" alt=\"091016_Klinikum_008.jpg\" width=\"265\" \/><\/a><\/p>\n<p><a title=\"Foto: Max Colin Heydenreich\" rel=\"lightbox[roadtrip]\" href=\"http:\/\/www.schoene-nachrichten.de\/wp-content\/uploads\/2009\/10\/091016_Klinikum_009.jpg\" target=\"_blank\"><img decoding=\"async\" src=\"http:\/\/www.schoene-nachrichten.de\/wp-content\/uploads\/2009\/10\/091016_Klinikum_009.thumbnail.jpg\" alt=\"091016_Klinikum_009.jpg\" width=\"265\" \/><\/a> <a title=\"Foto: Max Colin Heydenreich\" rel=\"lightbox[roadtrip]\" href=\"http:\/\/www.schoene-nachrichten.de\/wp-content\/uploads\/2009\/10\/091016_Klinikum_010.jpg\" target=\"_blank\"><img decoding=\"async\" src=\"http:\/\/www.schoene-nachrichten.de\/wp-content\/uploads\/2009\/10\/091016_Klinikum_010.thumbnail.jpg\" alt=\"091016_Klinikum_010.jpg\" width=\"265\" \/><\/a><\/p>\n<p>Im ersten Obergeschoss werden die Krei\u00dfs\u00e4le in direkter N\u00e4he zu der Kinder-Intensivstation angeordnet sein. Normale Geburten sind in einem der vier Krei\u00dfs\u00e4le m\u00f6glich. Ist bei Risikogeburten ein Kaiserschnitt erforderlich, findet dieser in einem Operationssaalstatt, der sich r\u00e4umlich zwischen der Frauen- und der Kinderklinik befindet. Diese noch engere Verzahnung der Frauenklinik zur Neugeborenen-Abteilung und der Intensivstation bringt erhebliche Vorteile, insbesondere bei der Versorgung von Fr\u00fchgeborenen, da der Transport nach der Erstversorgung entf\u00e4llt. Die M\u00fctter sind in direkter N\u00e4he zur Intensivstation, was einen fr\u00fchzeitigen Kontakt zum Kind erm\u00f6glicht. \u201eGenerell konzentrieren wir uns nicht alleine auf die Frau und das Neugeborene, sondern auf die gesamte Familie, so dass die V\u00e4ter in der Regel immer nah dabei sind\u201c, erg\u00e4nzt Prof. Dr. Repp.<\/p>\n<p><a title=\"Foto: Max Colin Heydenreich\" rel=\"lightbox[roadtrip]\" href=\"http:\/\/www.schoene-nachrichten.de\/wp-content\/uploads\/2009\/10\/091016_Klinikum_011.jpg\" target=\"_blank\"><img decoding=\"async\" src=\"http:\/\/www.schoene-nachrichten.de\/wp-content\/uploads\/2009\/10\/091016_Klinikum_011.thumbnail.jpg\" alt=\"091016_Klinikum_011.jpg\" width=\"265\" \/><\/a> <a title=\"Foto: Max Colin Heydenreich\" rel=\"lightbox[roadtrip]\" href=\"http:\/\/www.schoene-nachrichten.de\/wp-content\/uploads\/2009\/10\/091016_Klinikum_012.jpg\" target=\"_blank\"><img decoding=\"async\" src=\"http:\/\/www.schoene-nachrichten.de\/wp-content\/uploads\/2009\/10\/091016_Klinikum_012.thumbnail.jpg\" alt=\"091016_Klinikum_012.jpg\" width=\"265\" \/><\/a><\/p>\n<p><a title=\"Foto: Max Colin Heydenreich\" rel=\"lightbox[roadtrip]\" href=\"http:\/\/www.schoene-nachrichten.de\/wp-content\/uploads\/2009\/10\/091016_Klinikum_013.jpg\" target=\"_blank\"><img decoding=\"async\" src=\"http:\/\/www.schoene-nachrichten.de\/wp-content\/uploads\/2009\/10\/091016_Klinikum_013.thumbnail.jpg\" alt=\"091016_Klinikum_013.jpg\" width=\"265\" \/><\/a> <a title=\"Foto: Max Colin Heydenreich\" rel=\"lightbox[roadtrip]\" href=\"http:\/\/www.schoene-nachrichten.de\/wp-content\/uploads\/2009\/10\/091016_Klinikum_014.jpg\" target=\"_blank\"><img decoding=\"async\" src=\"http:\/\/www.schoene-nachrichten.de\/wp-content\/uploads\/2009\/10\/091016_Klinikum_014.thumbnail.jpg\" alt=\"091016_Klinikum_014.jpg\" width=\"265\" \/><\/a><\/p>\n<p>Die Intensivstation der Kinderklinik enth\u00e4lt insgesamt 11 Beatmungspl\u00e4tze: 9 f\u00fcr Fr\u00fch- und Neugeborene und 2 f\u00fcr gr\u00f6\u00dfere Kinder, bis 18 Jahre. Weiterhin sind im ersten Obergeschoss der Stationsst\u00fctzpunkt der Kinderklinik sowie ein Reanimationsraum f\u00fcr die Fr\u00fchchen oder Neugeborene mit Erkrankungen geplant. Insgesamt 14 Pl\u00e4tze stehen zudem f\u00fcr die Intensivpflege von Fr\u00fchchen zur Verf\u00fcgung, die keine Beatmung ben\u00f6tigen.<\/p>\n<p><a title=\"Foto: Max Colin Heydenreich\" rel=\"lightbox[roadtrip]\" href=\"http:\/\/www.schoene-nachrichten.de\/wp-content\/uploads\/2009\/10\/091016_Klinikum_015.jpg\" target=\"_blank\"><img decoding=\"async\" src=\"http:\/\/www.schoene-nachrichten.de\/wp-content\/uploads\/2009\/10\/091016_Klinikum_015.thumbnail.jpg\" alt=\"091016_Klinikum_015.jpg\" width=\"265\" \/><\/a> <a title=\"Foto: Max Colin Heydenreich\" rel=\"lightbox[roadtrip]\" href=\"http:\/\/www.schoene-nachrichten.de\/wp-content\/uploads\/2009\/10\/091016_Klinikum_016.jpg\" target=\"_blank\"><img decoding=\"async\" src=\"http:\/\/www.schoene-nachrichten.de\/wp-content\/uploads\/2009\/10\/091016_Klinikum_016.thumbnail.jpg\" alt=\"091016_Klinikum_016.jpg\" width=\"265\" \/><\/a><\/p>\n<p><a title=\"Foto: Max Colin Heydenreich\" rel=\"lightbox[roadtrip]\" href=\"http:\/\/www.schoene-nachrichten.de\/wp-content\/uploads\/2009\/10\/091016_Klinikum_017.jpg\" target=\"_blank\"><img decoding=\"async\" src=\"http:\/\/www.schoene-nachrichten.de\/wp-content\/uploads\/2009\/10\/091016_Klinikum_017.thumbnail.jpg\" alt=\"091016_Klinikum_017.jpg\" width=\"265\" \/><\/a> <a title=\"Foto: Max Colin Heydenreich\" rel=\"lightbox[roadtrip]\" href=\"http:\/\/www.schoene-nachrichten.de\/wp-content\/uploads\/2009\/10\/091016_Klinikum_018.jpg\" target=\"_blank\"><img decoding=\"async\" src=\"http:\/\/www.schoene-nachrichten.de\/wp-content\/uploads\/2009\/10\/091016_Klinikum_018.thumbnail.jpg\" alt=\"091016_Klinikum_018.jpg\" width=\"265\" \/><\/a><\/p>\n<p>Im zweiten und dritten Obergeschoss sind standardm\u00e4\u00dfig Zwei-Bett-Zimmer der Kinderklinik angeordnet sowie die Einzelzimmer f\u00fcr diejenigen Kinder, die eine ansteckende Krankheit haben. Jedes Zimmer wird mit einer eigenen Nasszelle ausgestattet sein. Auch f\u00fcr die Eltern besteht weiterhin die M\u00f6glichkeit, bei ihren Kindern zu \u00fcbernachten. Im Zentrum des Neubaus steht ein Lichthof, der als Atrium \u00fcber die zwei Geschosse offen ist und als Spielzimmer dienen soll. Somit wurde die Spielfl\u00e4che f\u00fcr die Kinder in die Mitte des Geb\u00e4udes verlegt.<\/p>\n<p><a title=\"Foto: Max Colin Heydenreich\" rel=\"lightbox[roadtrip]\" href=\"http:\/\/www.schoene-nachrichten.de\/wp-content\/uploads\/2009\/10\/091016_Klinikum_019.jpg\" target=\"_blank\"><img decoding=\"async\" src=\"http:\/\/www.schoene-nachrichten.de\/wp-content\/uploads\/2009\/10\/091016_Klinikum_019.thumbnail.jpg\" alt=\"091016_Klinikum_019.jpg\" width=\"265\" \/><\/a> <a title=\"Foto: Max Colin Heydenreich\" rel=\"lightbox[roadtrip]\" href=\"http:\/\/www.schoene-nachrichten.de\/wp-content\/uploads\/2009\/10\/091016_Klinikum_020.jpg\" target=\"_blank\"><img decoding=\"async\" src=\"http:\/\/www.schoene-nachrichten.de\/wp-content\/uploads\/2009\/10\/091016_Klinikum_020.thumbnail.jpg\" alt=\"091016_Klinikum_020.jpg\" width=\"265\" \/><\/a><\/p>\n<p><a title=\"Foto: Max Colin Heydenreich\" rel=\"lightbox[roadtrip]\" href=\"http:\/\/www.schoene-nachrichten.de\/wp-content\/uploads\/2009\/10\/091016_Klinikum_021.jpg\" target=\"_blank\"><img decoding=\"async\" src=\"http:\/\/www.schoene-nachrichten.de\/wp-content\/uploads\/2009\/10\/091016_Klinikum_021.thumbnail.jpg\" alt=\"091016_Klinikum_021.jpg\" width=\"265\" \/><\/a> <a title=\"Foto: Max Colin Heydenreich\" rel=\"lightbox[roadtrip]\" href=\"http:\/\/www.schoene-nachrichten.de\/wp-content\/uploads\/2009\/10\/091016_Klinikum_022.jpg\" target=\"_blank\"><img decoding=\"async\" src=\"http:\/\/www.schoene-nachrichten.de\/wp-content\/uploads\/2009\/10\/091016_Klinikum_022.thumbnail.jpg\" alt=\"091016_Klinikum_022.jpg\" width=\"265\" \/><\/a><\/p>\n<p><a title=\"Foto: Max Colin Heydenreich\" rel=\"lightbox[roadtrip]\" href=\"http:\/\/www.schoene-nachrichten.de\/wp-content\/uploads\/2009\/10\/091016_Klinikum_023.jpg\" target=\"_blank\"><img decoding=\"async\" src=\"http:\/\/www.schoene-nachrichten.de\/wp-content\/uploads\/2009\/10\/091016_Klinikum_023.thumbnail.jpg\" alt=\"091016_Klinikum_023.jpg\" width=\"265\" \/><\/a> <a title=\"Foto: Max Colin Heydenreich\" rel=\"lightbox[roadtrip]\" href=\"http:\/\/www.schoene-nachrichten.de\/wp-content\/uploads\/2009\/10\/091016_Klinikum_024.jpg\" target=\"_blank\"><img decoding=\"async\" src=\"http:\/\/www.schoene-nachrichten.de\/wp-content\/uploads\/2009\/10\/091016_Klinikum_024.thumbnail.jpg\" alt=\"091016_Klinikum_024.jpg\" width=\"265\" \/><\/a><\/p>\n<p><a title=\"Foto: Max Colin Heydenreich\" rel=\"lightbox[roadtrip]\" href=\"http:\/\/www.schoene-nachrichten.de\/wp-content\/uploads\/2009\/10\/091016_Klinikum_025.jpg\" target=\"_blank\"><img decoding=\"async\" src=\"http:\/\/www.schoene-nachrichten.de\/wp-content\/uploads\/2009\/10\/091016_Klinikum_025.thumbnail.jpg\" alt=\"091016_Klinikum_025.jpg\" width=\"265\" \/><\/a> <a title=\"Foto: Max Colin Heydenreich\" rel=\"lightbox[roadtrip]\" href=\"http:\/\/www.schoene-nachrichten.de\/wp-content\/uploads\/2009\/10\/091016_Klinikum_026.jpg\" target=\"_blank\"><img decoding=\"async\" src=\"http:\/\/www.schoene-nachrichten.de\/wp-content\/uploads\/2009\/10\/091016_Klinikum_026.thumbnail.jpg\" alt=\"091016_Klinikum_026.jpg\" width=\"265\" \/><\/a><\/p>\n<p><a title=\"Foto: Max Colin Heydenreich\" rel=\"lightbox[roadtrip]\" href=\"http:\/\/www.schoene-nachrichten.de\/wp-content\/uploads\/2009\/10\/091016_Klinikum_027.jpg\" target=\"_blank\"><img decoding=\"async\" src=\"http:\/\/www.schoene-nachrichten.de\/wp-content\/uploads\/2009\/10\/091016_Klinikum_027.thumbnail.jpg\" alt=\"091016_Klinikum_027.jpg\" width=\"265\" \/><\/a> <a title=\"Foto: Max Colin Heydenreich\" rel=\"lightbox[roadtrip]\" href=\"http:\/\/www.schoene-nachrichten.de\/wp-content\/uploads\/2009\/10\/091016_Klinikum_028.jpg\" target=\"_blank\"><img decoding=\"async\" src=\"http:\/\/www.schoene-nachrichten.de\/wp-content\/uploads\/2009\/10\/091016_Klinikum_028.thumbnail.jpg\" alt=\"091016_Klinikum_028.jpg\" width=\"265\" \/><\/a><\/p>\n<p><a title=\"Foto: Max Colin Heydenreich\" rel=\"lightbox[roadtrip]\" href=\"http:\/\/www.schoene-nachrichten.de\/wp-content\/uploads\/2009\/10\/091016_Klinikum_029.jpg\" target=\"_blank\"><img decoding=\"async\" src=\"http:\/\/www.schoene-nachrichten.de\/wp-content\/uploads\/2009\/10\/091016_Klinikum_029.thumbnail.jpg\" alt=\"091016_Klinikum_029.jpg\" width=\"265\" \/><\/a> <a title=\"Foto: Max Colin Heydenreich\" rel=\"lightbox[roadtrip]\" href=\"http:\/\/www.schoene-nachrichten.de\/wp-content\/uploads\/2009\/10\/091016_Klinikum_030.jpg\" target=\"_blank\"><img decoding=\"async\" src=\"http:\/\/www.schoene-nachrichten.de\/wp-content\/uploads\/2009\/10\/091016_Klinikum_030.thumbnail.jpg\" alt=\"091016_Klinikum_030.jpg\" width=\"265\" \/><\/a><\/p>\n<p><a title=\"Foto: Max Colin Heydenreich\" rel=\"lightbox[roadtrip]\" href=\"http:\/\/www.schoene-nachrichten.de\/wp-content\/uploads\/2009\/10\/091016_Klinikum_031.jpg\" target=\"_blank\"><img decoding=\"async\" src=\"http:\/\/www.schoene-nachrichten.de\/wp-content\/uploads\/2009\/10\/091016_Klinikum_031.thumbnail.jpg\" alt=\"091016_Klinikum_031.jpg\" width=\"265\" \/><\/a> <a title=\"Foto: Max Colin Heydenreich\" rel=\"lightbox[roadtrip]\" href=\"http:\/\/www.schoene-nachrichten.de\/wp-content\/uploads\/2009\/10\/091016_Klinikum_032.jpg\" target=\"_blank\"><img decoding=\"async\" src=\"http:\/\/www.schoene-nachrichten.de\/wp-content\/uploads\/2009\/10\/091016_Klinikum_032.thumbnail.jpg\" alt=\"091016_Klinikum_032.jpg\" width=\"265\" \/><\/a><\/p>\n<p><a title=\"Foto: Max Colin Heydenreich\" rel=\"lightbox[roadtrip]\" href=\"http:\/\/www.schoene-nachrichten.de\/wp-content\/uploads\/2009\/10\/091016_Klinikum_033.jpg\" target=\"_blank\"><img decoding=\"async\" src=\"http:\/\/www.schoene-nachrichten.de\/wp-content\/uploads\/2009\/10\/091016_Klinikum_033.thumbnail.jpg\" alt=\"091016_Klinikum_033.jpg\" width=\"265\" \/><\/a> <a title=\"Foto: Max Colin Heydenreich\" rel=\"lightbox[roadtrip]\" href=\"http:\/\/www.schoene-nachrichten.de\/wp-content\/uploads\/2009\/10\/091016_Klinikum_034.jpg\" target=\"_blank\"><img decoding=\"async\" src=\"http:\/\/www.schoene-nachrichten.de\/wp-content\/uploads\/2009\/10\/091016_Klinikum_034.thumbnail.jpg\" alt=\"091016_Klinikum_034.jpg\" width=\"265\" \/><\/a><\/p>\n<p><a title=\"Foto: Max Colin Heydenreich\" rel=\"lightbox[roadtrip]\" href=\"http:\/\/www.schoene-nachrichten.de\/wp-content\/uploads\/2009\/10\/091016_Klinikum_035.jpg\" target=\"_blank\"><img decoding=\"async\" src=\"http:\/\/www.schoene-nachrichten.de\/wp-content\/uploads\/2009\/10\/091016_Klinikum_035.thumbnail.jpg\" alt=\"091016_Klinikum_035.jpg\" width=\"265\" \/><\/a> <a title=\"Foto: Max Colin Heydenreich\" rel=\"lightbox[roadtrip]\" href=\"http:\/\/www.schoene-nachrichten.de\/wp-content\/uploads\/2009\/10\/091016_Klinikum_036.jpg\" target=\"_blank\"><img decoding=\"async\" src=\"http:\/\/www.schoene-nachrichten.de\/wp-content\/uploads\/2009\/10\/091016_Klinikum_036.thumbnail.jpg\" alt=\"091016_Klinikum_036.jpg\" width=\"265\" \/><\/a><\/p>\n<p><a title=\"Foto: Max Colin Heydenreich\" rel=\"lightbox[roadtrip]\" href=\"http:\/\/www.schoene-nachrichten.de\/wp-content\/uploads\/2009\/10\/091016_Klinikum_037.jpg\" target=\"_blank\"><img decoding=\"async\" src=\"http:\/\/www.schoene-nachrichten.de\/wp-content\/uploads\/2009\/10\/091016_Klinikum_037.thumbnail.jpg\" alt=\"091016_Klinikum_037.jpg\" width=\"265\" \/><\/a> <a title=\"Foto: Max Colin Heydenreich\" rel=\"lightbox[roadtrip]\" href=\"http:\/\/www.schoene-nachrichten.de\/wp-content\/uploads\/2009\/10\/091016_Klinikum_038.jpg\" target=\"_blank\"><img decoding=\"async\" src=\"http:\/\/www.schoene-nachrichten.de\/wp-content\/uploads\/2009\/10\/091016_Klinikum_038.thumbnail.jpg\" alt=\"091016_Klinikum_038.jpg\" width=\"265\" \/><\/a><\/p>\n<p><a title=\"Foto: Max Colin Heydenreich\" rel=\"lightbox[roadtrip]\" href=\"http:\/\/www.schoene-nachrichten.de\/wp-content\/uploads\/2009\/10\/091016_Klinikum_039.jpg\" target=\"_blank\"><img decoding=\"async\" src=\"http:\/\/www.schoene-nachrichten.de\/wp-content\/uploads\/2009\/10\/091016_Klinikum_039.thumbnail.jpg\" alt=\"091016_Klinikum_039.jpg\" width=\"265\" \/><\/a> <a title=\"Foto: Max Colin Heydenreich\" rel=\"lightbox[roadtrip]\" href=\"http:\/\/www.schoene-nachrichten.de\/wp-content\/uploads\/2009\/10\/091016_Klinikum_040.jpg\" target=\"_blank\"><img decoding=\"async\" src=\"http:\/\/www.schoene-nachrichten.de\/wp-content\/uploads\/2009\/10\/091016_Klinikum_040.thumbnail.jpg\" alt=\"091016_Klinikum_040.jpg\" width=\"265\" \/><\/a><\/p>\n<p><a title=\"Foto: Max Colin Heydenreich\" rel=\"lightbox[roadtrip]\" href=\"http:\/\/www.schoene-nachrichten.de\/wp-content\/uploads\/2009\/10\/091016_Klinikum_041.jpg\" target=\"_blank\"><img decoding=\"async\" src=\"http:\/\/www.schoene-nachrichten.de\/wp-content\/uploads\/2009\/10\/091016_Klinikum_041.thumbnail.jpg\" alt=\"091016_Klinikum_041.jpg\" width=\"265\" \/><\/a> <a title=\"Foto: Max Colin Heydenreich\" rel=\"lightbox[roadtrip]\" href=\"http:\/\/www.schoene-nachrichten.de\/wp-content\/uploads\/2009\/10\/091016_Klinikum_042.jpg\" target=\"_blank\"><img decoding=\"async\" src=\"http:\/\/www.schoene-nachrichten.de\/wp-content\/uploads\/2009\/10\/091016_Klinikum_042.thumbnail.jpg\" alt=\"091016_Klinikum_042.jpg\" width=\"265\" \/><\/a><\/p>\n<p><a title=\"Foto: Max Colin Heydenreich\" rel=\"lightbox[roadtrip]\" href=\"http:\/\/www.schoene-nachrichten.de\/wp-content\/uploads\/2009\/10\/091016_Klinikum_043.jpg\" target=\"_blank\"><img decoding=\"async\" src=\"http:\/\/www.schoene-nachrichten.de\/wp-content\/uploads\/2009\/10\/091016_Klinikum_043.thumbnail.jpg\" alt=\"091016_Klinikum_043.jpg\" width=\"265\" \/><\/a> <a title=\"Foto: Max Colin Heydenreich\" rel=\"lightbox[roadtrip]\" href=\"http:\/\/www.schoene-nachrichten.de\/wp-content\/uploads\/2009\/10\/091016_Klinikum_044.jpg\" target=\"_blank\"><img decoding=\"async\" src=\"http:\/\/www.schoene-nachrichten.de\/wp-content\/uploads\/2009\/10\/091016_Klinikum_044.thumbnail.jpg\" alt=\"091016_Klinikum_044.jpg\" width=\"265\" \/><\/a><\/p>\n<p><a title=\"Foto: Max Colin Heydenreich\" rel=\"lightbox[roadtrip]\" href=\"http:\/\/www.schoene-nachrichten.de\/wp-content\/uploads\/2009\/10\/091016_Klinikum_045.jpg\" target=\"_blank\"><img decoding=\"async\" src=\"http:\/\/www.schoene-nachrichten.de\/wp-content\/uploads\/2009\/10\/091016_Klinikum_045.thumbnail.jpg\" alt=\"091016_Klinikum_045.jpg\" width=\"265\" \/><\/a> <a title=\"Foto: Max Colin Heydenreich\" rel=\"lightbox[roadtrip]\" href=\"http:\/\/www.schoene-nachrichten.de\/wp-content\/uploads\/2009\/10\/091016_Klinikum_046.jpg\" target=\"_blank\"><img decoding=\"async\" src=\"http:\/\/www.schoene-nachrichten.de\/wp-content\/uploads\/2009\/10\/091016_Klinikum_046.thumbnail.jpg\" alt=\"091016_Klinikum_046.jpg\" width=\"265\" \/><\/a><\/p>\n<p><a title=\"Foto: Max Colin Heydenreich\" rel=\"lightbox[roadtrip]\" href=\"http:\/\/www.schoene-nachrichten.de\/wp-content\/uploads\/2009\/10\/091016_Klinikum_047.jpg\" target=\"_blank\"><img decoding=\"async\" src=\"http:\/\/www.schoene-nachrichten.de\/wp-content\/uploads\/2009\/10\/091016_Klinikum_047.thumbnail.jpg\" alt=\"091016_Klinikum_047.jpg\" width=\"265\" \/><\/a> <a title=\"Foto: Max Colin Heydenreich\" rel=\"lightbox[roadtrip]\" href=\"http:\/\/www.schoene-nachrichten.de\/wp-content\/uploads\/2009\/10\/091016_Klinikum_048.jpg\" target=\"_blank\"><img decoding=\"async\" src=\"http:\/\/www.schoene-nachrichten.de\/wp-content\/uploads\/2009\/10\/091016_Klinikum_048.thumbnail.jpg\" alt=\"091016_Klinikum_048.jpg\" width=\"265\" \/><\/a><\/p>\n<p><a title=\"Foto: Max Colin Heydenreich\" rel=\"lightbox[roadtrip]\" href=\"http:\/\/www.schoene-nachrichten.de\/wp-content\/uploads\/2009\/10\/091016_Klinikum_049.jpg\" target=\"_blank\"><img decoding=\"async\" src=\"http:\/\/www.schoene-nachrichten.de\/wp-content\/uploads\/2009\/10\/091016_Klinikum_049.thumbnail.jpg\" alt=\"091016_Klinikum_049.jpg\" width=\"265\" \/><\/a> <a title=\"Foto: Max Colin Heydenreich\" rel=\"lightbox[roadtrip]\" href=\"http:\/\/www.schoene-nachrichten.de\/wp-content\/uploads\/2009\/10\/091016_Klinikum_050.jpg\" target=\"_blank\"><img decoding=\"async\" src=\"http:\/\/www.schoene-nachrichten.de\/wp-content\/uploads\/2009\/10\/091016_Klinikum_050.thumbnail.jpg\" alt=\"091016_Klinikum_050.jpg\" width=\"265\" \/><\/a><\/p>\n<p><a title=\"Foto: Max Colin Heydenreich\" rel=\"lightbox[roadtrip]\" href=\"http:\/\/www.schoene-nachrichten.de\/wp-content\/uploads\/2009\/10\/091016_Klinikum_051.jpg\" target=\"_blank\"><img decoding=\"async\" src=\"http:\/\/www.schoene-nachrichten.de\/wp-content\/uploads\/2009\/10\/091016_Klinikum_051.thumbnail.jpg\" alt=\"091016_Klinikum_051.jpg\" width=\"265\" \/><\/a> <a title=\"Foto: Max Colin Heydenreich\" rel=\"lightbox[roadtrip]\" href=\"..\/wp-content\/uploads\/2009\/10\/091016_Klinikum_057.jpg\" target=\"_blank\"><img decoding=\"async\" src=\"..\/wp-content\/uploads\/2009\/10\/091016_Klinikum_057.thumbnail.jpg\" alt=\"091016_Klinikum_057.jpg\" width=\"265\" \/><\/a><\/p>\n<p><a title=\"Foto: Max Colin Heydenreich\" rel=\"lightbox[roadtrip]\" href=\"http:\/\/www.schoene-nachrichten.de\/wp-content\/uploads\/2009\/10\/091016_Klinikum_053.jpg\" target=\"_blank\"><img decoding=\"async\" src=\"http:\/\/www.schoene-nachrichten.de\/wp-content\/uploads\/2009\/10\/091016_Klinikum_053.thumbnail.jpg\" alt=\"091016_Klinikum_053.jpg\" width=\"265\" \/><\/a> <a title=\"Foto: Max Colin Heydenreich\" rel=\"lightbox[roadtrip]\" href=\"http:\/\/www.schoene-nachrichten.de\/wp-content\/uploads\/2009\/10\/091016_Klinikum_054.jpg\" target=\"_blank\"><img decoding=\"async\" src=\"http:\/\/www.schoene-nachrichten.de\/wp-content\/uploads\/2009\/10\/091016_Klinikum_054.thumbnail.jpg\" alt=\"091016_Klinikum_054.jpg\" width=\"265\" \/><\/a><\/p>\n<p><a title=\"Foto: Max Colin Heydenreich\" rel=\"lightbox[roadtrip]\" href=\"http:\/\/www.schoene-nachrichten.de\/wp-content\/uploads\/2009\/10\/091016_Klinikum_055.jpg\" target=\"_blank\"><img decoding=\"async\" src=\"http:\/\/www.schoene-nachrichten.de\/wp-content\/uploads\/2009\/10\/091016_Klinikum_055.thumbnail.jpg\" alt=\"091016_Klinikum_055.jpg\" width=\"265\" \/><\/a> <a title=\"Foto: Max Colin Heydenreich\" rel=\"lightbox[roadtrip]\" href=\"http:\/\/www.schoene-nachrichten.de\/wp-content\/uploads\/2009\/10\/091016_Klinikum_056.jpg\" target=\"_blank\"><img decoding=\"async\" src=\"http:\/\/www.schoene-nachrichten.de\/wp-content\/uploads\/2009\/10\/091016_Klinikum_056.thumbnail.jpg\" alt=\"091016_Klinikum_056.jpg\" width=\"265\" \/><\/a><\/p>\n","protected":false},"excerpt":{"rendered":"<div class=\"tmnf_excerpt\"><p>Fulda. Oberb\u00fcrgermeister Gerhard M\u00f6ller begr\u00fc\u00dfte die zahlreich erschienenen G\u00e4ste im Neubau des Mutter-Kind-Zentrums und deutete den gro\u00dfen Zuspruch als ein positives Zeichen f\u00fcr die Bedeutung des Hauses. Anschlie\u00dfend dankte der Vorstand Harald Jeguschke insbesondere den Handwerkern sowie dem Architekten Mathias Kirschner (Architekturb\u00fcro Kirschner &amp; Partner) f\u00fcr die bisher geleistete Arbeit. Die Bauarbeiten des insgesamt 16,5 &hellip;<\/p>\n<\/div>","protected":false},"author":1,"featured_media":0,"comment_status":"closed","ping_status":"closed","sticky":false,"template":"","format":"standard","meta":{"footnotes":""},"categories":[1,54,51,79,78],"tags":[],"class_list":["post-42223","post","type-post","status-publish","format-standard","hentry","category-startseite","category-bildergalerien","category-medizin","category-kino","category-topthema"],"_links":{"self":[{"href":"https:\/\/www.fuldaernachrichten.de\/index.php?rest_route=\/wp\/v2\/posts\/42223","targetHints":{"allow":["GET"]}}],"collection":[{"href":"https:\/\/www.fuldaernachrichten.de\/index.php?rest_route=\/wp\/v2\/posts"}],"about":[{"href":"https:\/\/www.fuldaernachrichten.de\/index.php?rest_route=\/wp\/v2\/types\/post"}],"author":[{"embeddable":true,"href":"https:\/\/www.fuldaernachrichten.de\/index.php?rest_route=\/wp\/v2\/users\/1"}],"replies":[{"embeddable":true,"href":"https:\/\/www.fuldaernachrichten.de\/index.php?rest_route=%2Fwp%2Fv2%2Fcomments&post=42223"}],"version-history":[{"count":4,"href":"https:\/\/www.fuldaernachrichten.de\/index.php?rest_route=\/wp\/v2\/posts\/42223\/revisions"}],"predecessor-version":[{"id":42227,"href":"https:\/\/www.fuldaernachrichten.de\/index.php?rest_route=\/wp\/v2\/posts\/42223\/revisions\/42227"}],"wp:attachment":[{"href":"https:\/\/www.fuldaernachrichten.de\/index.php?rest_route=%2Fwp%2Fv2%2Fmedia&parent=42223"}],"wp:term":[{"taxonomy":"category","embeddable":true,"href":"https:\/\/www.fuldaernachrichten.de\/index.php?rest_route=%2Fwp%2Fv2%2Fcategories&post=42223"},{"taxonomy":"post_tag","embeddable":true,"href":"https:\/\/www.fuldaernachrichten.de\/index.php?rest_route=%2Fwp%2Fv2%2Ftags&post=42223"}],"curies":[{"name":"wp","href":"https:\/\/api.w.org\/{rel}","templated":true}]}}