{"id":42183,"date":"2009-11-06T14:07:30","date_gmt":"2009-11-06T13:07:30","guid":{"rendered":"http:\/\/www.schoene-nachrichten.de\/?p=42183"},"modified":"2009-11-06T14:07:30","modified_gmt":"2009-11-06T13:07:30","slug":"neu-im-kino-weihnachts-geschichte","status":"publish","type":"post","link":"https:\/\/www.fuldaernachrichten.de\/?p=42183","title":{"rendered":"Neu im Kino: Weihnachts-Geschichte"},"content":{"rendered":"<p><strong><a href=\"http:\/\/www.schoene-nachrichten.de\/wp-content\/uploads\/2009\/10\/091016_Weihnachtsgeschichte.jpg\"><img fetchpriority=\"high\" decoding=\"async\" class=\"alignleft size-thumbnail wp-image-42184\" title=\"091016_Weihnachtsgeschichte\" src=\"http:\/\/www.schoene-nachrichten.de\/wp-content\/uploads\/2009\/10\/091016_Weihnachtsgeschichte-265x378.jpg\" alt=\"091016_Weihnachtsgeschichte\" width=\"265\" height=\"378\" srcset=\"https:\/\/www.fuldaernachrichten.de\/wp-content\/uploads\/2009\/10\/091016_Weihnachtsgeschichte-265x378.jpg 265w, https:\/\/www.fuldaernachrichten.de\/wp-content\/uploads\/2009\/10\/091016_Weihnachtsgeschichte.jpg 592w\" sizes=\"(max-width: 265px) 100vw, 265px\" \/><\/a>Kino. <\/strong>Der alte grantige Ebenezer Scrooge (Jim Carrey) beginnt das Weihnachtsfest mit seiner \u00fcblichen geizigen Verachtung, und l\u00e4\u00dft das seinen treuen Schreiber (Gary Oldman) und seinen fr\u00f6hlichen Neffen (Colin Firth) sp\u00fcren. Aber als der Geist der vergangenen Weihnacht, der Geist der diesj\u00e4hrigen Weihnachtsnacht und der Geist der zuk\u00fcnftigen Weihnacht auftauchen und ihm vor Augen f\u00fchren was f\u00fcr ein schlechter Mensch er ist, erkennt Scrooge das er sich \u00e4ndern mu\u00df.<\/p>\n<p><strong>Kinostart: 05.11.2009<\/strong><\/p>\n","protected":false},"excerpt":{"rendered":"<div class=\"tmnf_excerpt\"><p>Kino. Der alte grantige Ebenezer Scrooge (Jim Carrey) beginnt das Weihnachtsfest mit seiner \u00fcblichen geizigen Verachtung, und l\u00e4\u00dft das seinen treuen Schreiber (Gary Oldman) und seinen fr\u00f6hlichen Neffen (Colin Firth) sp\u00fcren. Aber als der Geist der vergangenen Weihnacht, der Geist der diesj\u00e4hrigen Weihnachtsnacht und der Geist der zuk\u00fcnftigen Weihnacht auftauchen und ihm vor Augen f\u00fchren &hellip;<\/p>\n<\/div>","protected":false},"author":1,"featured_media":0,"comment_status":"closed","ping_status":"closed","sticky":false,"template":"","format":"standard","meta":{"footnotes":""},"categories":[1,79],"tags":[],"class_list":["post-42183","post","type-post","status-publish","format-standard","hentry","category-startseite","category-kino"],"_links":{"self":[{"href":"https:\/\/www.fuldaernachrichten.de\/index.php?rest_route=\/wp\/v2\/posts\/42183","targetHints":{"allow":["GET"]}}],"collection":[{"href":"https:\/\/www.fuldaernachrichten.de\/index.php?rest_route=\/wp\/v2\/posts"}],"about":[{"href":"https:\/\/www.fuldaernachrichten.de\/index.php?rest_route=\/wp\/v2\/types\/post"}],"author":[{"embeddable":true,"href":"https:\/\/www.fuldaernachrichten.de\/index.php?rest_route=\/wp\/v2\/users\/1"}],"replies":[{"embeddable":true,"href":"https:\/\/www.fuldaernachrichten.de\/index.php?rest_route=%2Fwp%2Fv2%2Fcomments&post=42183"}],"version-history":[{"count":9,"href":"https:\/\/www.fuldaernachrichten.de\/index.php?rest_route=\/wp\/v2\/posts\/42183\/revisions"}],"predecessor-version":[{"id":44391,"href":"https:\/\/www.fuldaernachrichten.de\/index.php?rest_route=\/wp\/v2\/posts\/42183\/revisions\/44391"}],"wp:attachment":[{"href":"https:\/\/www.fuldaernachrichten.de\/index.php?rest_route=%2Fwp%2Fv2%2Fmedia&parent=42183"}],"wp:term":[{"taxonomy":"category","embeddable":true,"href":"https:\/\/www.fuldaernachrichten.de\/index.php?rest_route=%2Fwp%2Fv2%2Fcategories&post=42183"},{"taxonomy":"post_tag","embeddable":true,"href":"https:\/\/www.fuldaernachrichten.de\/index.php?rest_route=%2Fwp%2Fv2%2Ftags&post=42183"}],"curies":[{"name":"wp","href":"https:\/\/api.w.org\/{rel}","templated":true}]}}