{"id":4216,"date":"2007-07-15T00:56:12","date_gmt":"2007-07-14T22:56:12","guid":{"rendered":"http:\/\/www.schoene-nachrichten.de\/?p=4216"},"modified":"2007-07-16T20:29:12","modified_gmt":"2007-07-16T18:29:12","slug":"ps-und-mehrporschetreffen-in-fulda","status":"publish","type":"post","link":"https:\/\/www.fuldaernachrichten.de\/?p=4216","title":{"rendered":"PS und mehr&#8230;Porschetreffen in Fulda"},"content":{"rendered":"<p><strong>Sch\u00f6nes aus Fulda.<\/strong> Targa, Carrera, Boxter &#8211; Porschefahrer sind an diesem Wochenende in ihrem Element. Denn die Elferliste hat nach Fulda eingeladen: zum Fachsimpeln, fr\u00f6hlichen Fahren und Feiern. Etwa 150 Liebhaber des schnittigen Sportwagens sind nach Fulda gekommen und haben ihr Basislager im Maritim Hotel aufgeschlagen.<\/p>\n<p><strong>Fotos (54):<\/strong> Max Colin Heydenreich<\/p>\n<p><a rel=\"lightbox[roadtrip]\" target=\"_blank\" href=\"http:\/\/www.schoene-nachrichten.de\/wp-content\/uploads\/2007\/07\/070714_Porsche2_27.jpg\" title=\"Foto: Max Colin Heydenreich\"><img decoding=\"async\" width=\"128\" src=\"http:\/\/www.schoene-nachrichten.de\/wp-content\/uploads\/2007\/07\/070714_Porsche2_27.thumbnail.jpg\" alt=\"070714_Porsche2_27.jpg\" \/><\/a>\u00c2\u00a0<a rel=\"lightbox[roadtrip]\" target=\"_blank\" href=\"http:\/\/www.schoene-nachrichten.de\/wp-content\/uploads\/2007\/07\/070714_Porsche2_94.jpg\" title=\"Foto: Max Colin Heydenreich\"><img decoding=\"async\" width=\"128\" src=\"http:\/\/www.schoene-nachrichten.de\/wp-content\/uploads\/2007\/07\/070714_Porsche2_94.thumbnail.jpg\" alt=\"070714_Porsche2_94.jpg\" \/><\/a> <a rel=\"lightbox[roadtrip]\" target=\"_blank\" href=\"http:\/\/www.schoene-nachrichten.de\/wp-content\/uploads\/2007\/07\/070714_Porsche2_24.jpg\" title=\"Foto: Max Colin Heydenreich\"><img decoding=\"async\" width=\"128\" src=\"http:\/\/www.schoene-nachrichten.de\/wp-content\/uploads\/2007\/07\/070714_Porsche2_24.thumbnail.jpg\" alt=\"070714_Porsche2_24.jpg\" \/><\/a><\/p>\n<p><a rel=\"lightbox[roadtrip]\" target=\"_blank\" href=\"http:\/\/www.schoene-nachrichten.de\/wp-content\/uploads\/2007\/07\/070714_Porsche2_203.jpg\" title=\"Foto: Max Colin Heydenreich\"><img decoding=\"async\" width=\"128\" src=\"http:\/\/www.schoene-nachrichten.de\/wp-content\/uploads\/2007\/07\/070714_Porsche2_203.thumbnail.jpg\" alt=\"070714_Porsche2_203.jpg\" \/><\/a>\u00c2\u00a0<a rel=\"lightbox[roadtrip]\" target=\"_blank\" href=\"http:\/\/www.schoene-nachrichten.de\/wp-content\/uploads\/2007\/07\/070714_Porsche1_133.jpg\" title=\"Foto: Max Colin Heydenreich\"><img decoding=\"async\" width=\"128\" src=\"http:\/\/www.schoene-nachrichten.de\/wp-content\/uploads\/2007\/07\/070714_Porsche1_133.thumbnail.jpg\" alt=\"070714_Porsche1_133.jpg\" \/><\/a> <a rel=\"lightbox[roadtrip]\" target=\"_blank\" href=\"http:\/\/www.schoene-nachrichten.de\/wp-content\/uploads\/2007\/07\/070714_Porsche2_34.jpg\" title=\"Foto: Max Colin Heydenreich\"><img decoding=\"async\" width=\"128\" src=\"http:\/\/www.schoene-nachrichten.de\/wp-content\/uploads\/2007\/07\/070714_Porsche2_34.thumbnail.jpg\" alt=\"070714_Porsche2_34.jpg\" \/><\/a><\/p>\n<p><!--more--><\/p>\n<p>Auf dem Domplatz konnten am Samstagmittag viele Schaulustige die unterschiedlichsten Porsche-Modelle bestaunen. Ob Pferdest\u00e4rken, Drehmoment und Tuningtipps \u2013 die Fragen der Passanten beantworteten die Fahrer gern. Am Nachmittag ging es dann bei bestem Wetter auf Tour in die Rh\u00f6n und den Vogelsberg. Nach dem Abendessen im Apollosaal des Maritim und Absackern in der Hotelbar \u201eBarock\u201c d\u00fcrften die meisten Teilnehmer wohl schon vom n\u00e4chsten Programmpunkt am Sonntag getr\u00e4umt haben. Vom Fahrertraining mit Clubsportslalom auf der Fulda-Galerie.<\/p>\n<p>Hier gibts weitere <a href=\"http:\/\/www.schoene-nachrichten.de\/?p=4227\">587 Bilder<\/a><\/p>\n<p><a rel=\"lightbox[roadtrip]\" target=\"_blank\" href=\"http:\/\/www.schoene-nachrichten.de\/wp-content\/uploads\/2007\/07\/070714_Porsche1_24.jpg\" title=\"Foto: Max Colin Heydenreich\"><img decoding=\"async\" width=\"128\" src=\"http:\/\/www.schoene-nachrichten.de\/wp-content\/uploads\/2007\/07\/070714_Porsche1_24.thumbnail.jpg\" alt=\"070714_Porsche1_24.jpg\" \/><\/a>\u00c2\u00a0<a rel=\"lightbox[roadtrip]\" target=\"_blank\" href=\"http:\/\/www.schoene-nachrichten.de\/wp-content\/uploads\/2007\/07\/070714_Porsche1_82.jpg\" title=\"Foto: Max Colin Heydenreich\"><img decoding=\"async\" width=\"128\" src=\"http:\/\/www.schoene-nachrichten.de\/wp-content\/uploads\/2007\/07\/070714_Porsche1_82.thumbnail.jpg\" alt=\"070714_Porsche1_82.jpg\" \/><\/a> <a rel=\"lightbox[roadtrip]\" target=\"_blank\" href=\"http:\/\/www.schoene-nachrichten.de\/wp-content\/uploads\/2007\/07\/070714_Porsche1_98.jpg\" title=\"Foto: Max Colin Heydenreich\"><img decoding=\"async\" width=\"128\" src=\"http:\/\/www.schoene-nachrichten.de\/wp-content\/uploads\/2007\/07\/070714_Porsche1_98.thumbnail.jpg\" alt=\"070714_Porsche1_98.jpg\" \/><\/a><\/p>\n<p><a rel=\"lightbox[roadtrip]\" target=\"_blank\" href=\"http:\/\/www.schoene-nachrichten.de\/wp-content\/uploads\/2007\/07\/070714_Porsche1_101.jpg\" title=\"Foto: Max Colin Heydenreich\"><img decoding=\"async\" width=\"128\" src=\"http:\/\/www.schoene-nachrichten.de\/wp-content\/uploads\/2007\/07\/070714_Porsche1_101.thumbnail.jpg\" alt=\"070714_Porsche1_101.jpg\" \/><\/a>\u00c2\u00a0<a rel=\"lightbox[roadtrip]\" target=\"_blank\" href=\"http:\/\/www.schoene-nachrichten.de\/wp-content\/uploads\/2007\/07\/070714_Porsche1_130.jpg\" title=\"Foto: Max Colin Heydenreich\"><img decoding=\"async\" width=\"128\" src=\"http:\/\/www.schoene-nachrichten.de\/wp-content\/uploads\/2007\/07\/070714_Porsche1_130.thumbnail.jpg\" alt=\"070714_Porsche1_130.jpg\" \/><\/a> <a rel=\"lightbox[roadtrip]\" target=\"_blank\" href=\"http:\/\/www.schoene-nachrichten.de\/wp-content\/uploads\/2007\/07\/070714_Porsche1_81.jpg\" title=\"Foto: Max Colin Heydenreich\"><img decoding=\"async\" width=\"128\" src=\"http:\/\/www.schoene-nachrichten.de\/wp-content\/uploads\/2007\/07\/070714_Porsche1_81.thumbnail.jpg\" alt=\"070714_Porsche1_81.jpg\" \/><\/a><\/p>\n<p><a rel=\"lightbox[roadtrip]\" target=\"_blank\" href=\"http:\/\/www.schoene-nachrichten.de\/wp-content\/uploads\/2007\/07\/070714_Porsche2_43.jpg\" title=\"Foto: Max Colin Heydenreich\"><img decoding=\"async\" width=\"128\" src=\"http:\/\/www.schoene-nachrichten.de\/wp-content\/uploads\/2007\/07\/070714_Porsche2_43.thumbnail.jpg\" alt=\"070714_Porsche2_43.jpg\" \/><\/a> <a rel=\"lightbox[roadtrip]\" target=\"_blank\" href=\"http:\/\/www.schoene-nachrichten.de\/wp-content\/uploads\/2007\/07\/070714_Porsche2_44.jpg\" title=\"Foto: Max Colin Heydenreich\"><img decoding=\"async\" width=\"128\" src=\"http:\/\/www.schoene-nachrichten.de\/wp-content\/uploads\/2007\/07\/070714_Porsche2_44.thumbnail.jpg\" alt=\"070714_Porsche2_44.jpg\" \/><\/a> <a rel=\"lightbox[roadtrip]\" target=\"_blank\" href=\"http:\/\/www.schoene-nachrichten.de\/wp-content\/uploads\/2007\/07\/070714_Porsche2_49.jpg\" title=\"Foto: Max Colin Heydenreich\"><img decoding=\"async\" width=\"128\" src=\"http:\/\/www.schoene-nachrichten.de\/wp-content\/uploads\/2007\/07\/070714_Porsche2_49.thumbnail.jpg\" alt=\"070714_Porsche2_49.jpg\" \/><\/a><\/p>\n<p><a rel=\"lightbox[roadtrip]\" target=\"_blank\" href=\"http:\/\/www.schoene-nachrichten.de\/wp-content\/uploads\/2007\/07\/070714_Porsche1_27.jpg\" title=\"Foto: Max Colin Heydenreich\"><img decoding=\"async\" width=\"128\" src=\"http:\/\/www.schoene-nachrichten.de\/wp-content\/uploads\/2007\/07\/070714_Porsche1_27.thumbnail.jpg\" alt=\"070714_Porsche1_27.jpg\" \/><\/a>\u00c2\u00a0<a rel=\"lightbox[roadtrip]\" target=\"_blank\" href=\"http:\/\/www.schoene-nachrichten.de\/wp-content\/uploads\/2007\/07\/070714_Porsche2_110.jpg\" title=\"Foto: Max Colin Heydenreich\"><img decoding=\"async\" width=\"128\" src=\"http:\/\/www.schoene-nachrichten.de\/wp-content\/uploads\/2007\/07\/070714_Porsche2_110.thumbnail.jpg\" alt=\"070714_Porsche2_110.jpg\" \/><\/a> <a rel=\"lightbox[roadtrip]\" target=\"_blank\" href=\"http:\/\/www.schoene-nachrichten.de\/wp-content\/uploads\/2007\/07\/070714_Porsche2_111.jpg\" title=\"Foto: Max Colin Heydenreich\"><img decoding=\"async\" width=\"128\" src=\"http:\/\/www.schoene-nachrichten.de\/wp-content\/uploads\/2007\/07\/070714_Porsche2_111.thumbnail.jpg\" alt=\"070714_Porsche2_111.jpg\" \/><\/a><\/p>\n<p><a rel=\"lightbox[roadtrip]\" target=\"_blank\" href=\"http:\/\/www.schoene-nachrichten.de\/wp-content\/uploads\/2007\/07\/070714_Porsche2_101.jpg\" title=\"Foto: Max Colin Heydenreich\"><img decoding=\"async\" width=\"128\" src=\"http:\/\/www.schoene-nachrichten.de\/wp-content\/uploads\/2007\/07\/070714_Porsche2_101.thumbnail.jpg\" alt=\"070714_Porsche2_101.jpg\" \/><\/a>\u00c2\u00a0<a rel=\"lightbox[roadtrip]\" target=\"_blank\" href=\"http:\/\/www.schoene-nachrichten.de\/wp-content\/uploads\/2007\/07\/070714_Porsche1_197.jpg\" title=\"Foto: Max Colin Heydenreich\"><img decoding=\"async\" width=\"128\" src=\"http:\/\/www.schoene-nachrichten.de\/wp-content\/uploads\/2007\/07\/070714_Porsche1_197.thumbnail.jpg\" alt=\"070714_Porsche1_197.jpg\" \/><\/a> <a rel=\"lightbox[roadtrip]\" target=\"_blank\" href=\"http:\/\/www.schoene-nachrichten.de\/wp-content\/uploads\/2007\/07\/070714_Porsche2_124.jpg\" title=\"Foto: Max Colin Heydenreich\"><img decoding=\"async\" width=\"128\" src=\"http:\/\/www.schoene-nachrichten.de\/wp-content\/uploads\/2007\/07\/070714_Porsche2_124.thumbnail.jpg\" alt=\"070714_Porsche2_124.jpg\" \/><\/a><\/p>\n<p><a rel=\"lightbox[roadtrip]\" target=\"_blank\" href=\"http:\/\/www.schoene-nachrichten.de\/wp-content\/uploads\/2007\/07\/070714_Porsche2_183.jpg\" title=\"Foto: Max Colin Heydenreich\"><img decoding=\"async\" width=\"128\" src=\"http:\/\/www.schoene-nachrichten.de\/wp-content\/uploads\/2007\/07\/070714_Porsche2_183.thumbnail.jpg\" alt=\"070714_Porsche2_183.jpg\" \/><\/a>\u00c2\u00a0<a rel=\"lightbox[roadtrip]\" target=\"_blank\" href=\"http:\/\/www.schoene-nachrichten.de\/wp-content\/uploads\/2007\/07\/070714_Porsche2_205.jpg\" title=\"Foto: Max Colin Heydenreich\"><img decoding=\"async\" width=\"128\" src=\"http:\/\/www.schoene-nachrichten.de\/wp-content\/uploads\/2007\/07\/070714_Porsche2_205.thumbnail.jpg\" alt=\"070714_Porsche2_205.jpg\" \/><\/a>\u00c2\u00a0<a rel=\"lightbox[roadtrip]\" target=\"_blank\" href=\"http:\/\/www.schoene-nachrichten.de\/wp-content\/uploads\/2007\/07\/070714_Porsche2_41.jpg\" title=\"Foto: Max Colin Heydenreich\"><img decoding=\"async\" width=\"128\" src=\"http:\/\/www.schoene-nachrichten.de\/wp-content\/uploads\/2007\/07\/070714_Porsche2_41.thumbnail.jpg\" alt=\"070714_Porsche2_41.jpg\" \/><\/a><\/p>\n<p><a rel=\"lightbox[roadtrip]\" target=\"_blank\" href=\"http:\/\/www.schoene-nachrichten.de\/wp-content\/uploads\/2007\/07\/070714_Porsche2_15.jpg\" title=\"Foto: Max Colin Heydenreich\"><img decoding=\"async\" width=\"128\" src=\"http:\/\/www.schoene-nachrichten.de\/wp-content\/uploads\/2007\/07\/070714_Porsche2_15.thumbnail.jpg\" alt=\"070714_Porsche2_15.jpg\" \/><\/a>\u00c2\u00a0<a rel=\"lightbox[roadtrip]\" target=\"_blank\" href=\"http:\/\/www.schoene-nachrichten.de\/wp-content\/uploads\/2007\/07\/070714_Porsche2_16.jpg\" title=\"Foto: Max Colin Heydenreich\"><img decoding=\"async\" width=\"128\" src=\"http:\/\/www.schoene-nachrichten.de\/wp-content\/uploads\/2007\/07\/070714_Porsche2_16.thumbnail.jpg\" alt=\"070714_Porsche2_16.jpg\" \/><\/a> <a rel=\"lightbox[roadtrip]\" target=\"_blank\" href=\"http:\/\/www.schoene-nachrichten.de\/wp-content\/uploads\/2007\/07\/070714_Porsche2_17.jpg\" title=\"Foto: Max Colin Heydenreich\"><img decoding=\"async\" width=\"128\" src=\"http:\/\/www.schoene-nachrichten.de\/wp-content\/uploads\/2007\/07\/070714_Porsche2_17.thumbnail.jpg\" alt=\"070714_Porsche2_17.jpg\" \/><\/a><\/p>\n<p><a rel=\"lightbox[roadtrip]\" target=\"_blank\" href=\"http:\/\/www.schoene-nachrichten.de\/wp-content\/uploads\/2007\/07\/070714_Porsche2_158.jpg\" title=\"Foto: Max Colin Heydenreich\"><img decoding=\"async\" width=\"128\" src=\"http:\/\/www.schoene-nachrichten.de\/wp-content\/uploads\/2007\/07\/070714_Porsche2_158.thumbnail.jpg\" alt=\"070714_Porsche2_158.jpg\" \/><\/a>\u00c2\u00a0<a rel=\"lightbox[roadtrip]\" target=\"_blank\" href=\"http:\/\/www.schoene-nachrichten.de\/wp-content\/uploads\/2007\/07\/070714_Porsche2_169.jpg\" title=\"Foto: Max Colin Heydenreich\"><img decoding=\"async\" width=\"128\" src=\"http:\/\/www.schoene-nachrichten.de\/wp-content\/uploads\/2007\/07\/070714_Porsche2_169.thumbnail.jpg\" alt=\"070714_Porsche2_169.jpg\" \/><\/a> <a rel=\"lightbox[roadtrip]\" target=\"_blank\" href=\"http:\/\/www.schoene-nachrichten.de\/wp-content\/uploads\/2007\/07\/070714_Porsche2_170.jpg\" title=\"Foto: Max Colin Heydenreich\"><img decoding=\"async\" width=\"128\" src=\"http:\/\/www.schoene-nachrichten.de\/wp-content\/uploads\/2007\/07\/070714_Porsche2_170.thumbnail.jpg\" alt=\"070714_Porsche2_170.jpg\" \/><\/a><\/p>\n<p><a rel=\"lightbox[roadtrip]\" target=\"_blank\" href=\"http:\/\/www.schoene-nachrichten.de\/wp-content\/uploads\/2007\/07\/070714_Porsche2_106.jpg\" title=\"Foto: Max Colin Heydenreich\"><img decoding=\"async\" width=\"128\" src=\"http:\/\/www.schoene-nachrichten.de\/wp-content\/uploads\/2007\/07\/070714_Porsche2_106.thumbnail.jpg\" alt=\"070714_Porsche2_106.jpg\" \/><\/a>\u00c2\u00a0<a rel=\"lightbox[roadtrip]\" target=\"_blank\" href=\"http:\/\/www.schoene-nachrichten.de\/wp-content\/uploads\/2007\/07\/070714_Porsche2_193.jpg\" title=\"Foto: Max Colin Heydenreich\"><img decoding=\"async\" width=\"128\" src=\"http:\/\/www.schoene-nachrichten.de\/wp-content\/uploads\/2007\/07\/070714_Porsche2_193.thumbnail.jpg\" alt=\"070714_Porsche2_193.jpg\" \/><\/a> <a rel=\"lightbox[roadtrip]\" target=\"_blank\" href=\"http:\/\/www.schoene-nachrichten.de\/wp-content\/uploads\/2007\/07\/070714_Porsche1_120.jpg\" title=\"Foto: Max Colin Heydenreich\"><img decoding=\"async\" width=\"128\" src=\"http:\/\/www.schoene-nachrichten.de\/wp-content\/uploads\/2007\/07\/070714_Porsche1_120.thumbnail.jpg\" alt=\"070714_Porsche1_120.jpg\" \/><\/a><\/p>\n<p><a rel=\"lightbox[roadtrip]\" target=\"_blank\" href=\"http:\/\/www.schoene-nachrichten.de\/wp-content\/uploads\/2007\/07\/070714_Porsche1_19.jpg\" title=\"Foto: Max Colin Heydenreich\"><img decoding=\"async\" width=\"128\" src=\"http:\/\/www.schoene-nachrichten.de\/wp-content\/uploads\/2007\/07\/070714_Porsche1_19.thumbnail.jpg\" alt=\"070714_Porsche1_19.jpg\" \/><\/a>\u00c2\u00a0<a rel=\"lightbox[roadtrip]\" target=\"_blank\" href=\"http:\/\/www.schoene-nachrichten.de\/wp-content\/uploads\/2007\/07\/070714_Porsche1_144.jpg\" title=\"Foto: Max Colin Heydenreich\"><img decoding=\"async\" width=\"128\" src=\"http:\/\/www.schoene-nachrichten.de\/wp-content\/uploads\/2007\/07\/070714_Porsche1_144.thumbnail.jpg\" alt=\"070714_Porsche1_144.jpg\" \/><\/a> <a rel=\"lightbox[roadtrip]\" target=\"_blank\" href=\"http:\/\/www.schoene-nachrichten.de\/wp-content\/uploads\/2007\/07\/070714_Porsche1_55.jpg\" title=\"Foto: Max Colin Heydenreich\"><img decoding=\"async\" width=\"128\" src=\"http:\/\/www.schoene-nachrichten.de\/wp-content\/uploads\/2007\/07\/070714_Porsche1_55.thumbnail.jpg\" alt=\"070714_Porsche1_55.jpg\" \/><\/a><\/p>\n<p><a rel=\"lightbox[roadtrip]\" target=\"_blank\" href=\"http:\/\/www.schoene-nachrichten.de\/wp-content\/uploads\/2007\/07\/070714_Porsche1_215.jpg\" title=\"Foto: Max Colin Heydenreich\"><img decoding=\"async\" width=\"128\" src=\"http:\/\/www.schoene-nachrichten.de\/wp-content\/uploads\/2007\/07\/070714_Porsche1_215.thumbnail.jpg\" alt=\"070714_Porsche1_215.jpg\" \/><\/a> <a rel=\"lightbox[roadtrip]\" target=\"_blank\" href=\"http:\/\/www.schoene-nachrichten.de\/wp-content\/uploads\/2007\/07\/070714_Porsche1_209.jpg\" title=\"Foto: Max Colin Heydenreich\"><img decoding=\"async\" width=\"128\" src=\"http:\/\/www.schoene-nachrichten.de\/wp-content\/uploads\/2007\/07\/070714_Porsche1_209.thumbnail.jpg\" alt=\"070714_Porsche1_209.jpg\" \/><\/a> <a rel=\"lightbox[roadtrip]\" target=\"_blank\" href=\"http:\/\/www.schoene-nachrichten.de\/wp-content\/uploads\/2007\/07\/070714_Porsche2_38.jpg\" title=\"Foto: Max Colin Heydenreich\"><img decoding=\"async\" width=\"128\" src=\"http:\/\/www.schoene-nachrichten.de\/wp-content\/uploads\/2007\/07\/070714_Porsche2_38.thumbnail.jpg\" alt=\"070714_Porsche2_38.jpg\" \/><\/a><\/p>\n<p><a rel=\"lightbox[roadtrip]\" target=\"_blank\" href=\"http:\/\/www.schoene-nachrichten.de\/wp-content\/uploads\/2007\/07\/070714_Porsche1_212.jpg\" title=\"Foto: Max Colin Heydenreich\"><img decoding=\"async\" width=\"128\" src=\"http:\/\/www.schoene-nachrichten.de\/wp-content\/uploads\/2007\/07\/070714_Porsche1_212.thumbnail.jpg\" alt=\"070714_Porsche1_212.jpg\" \/><\/a>\u00c2\u00a0<a rel=\"lightbox[roadtrip]\" target=\"_blank\" href=\"http:\/\/www.schoene-nachrichten.de\/wp-content\/uploads\/2007\/07\/070714_Porsche2_08.jpg\" title=\"Foto: Max Colin Heydenreich\"><img decoding=\"async\" width=\"128\" src=\"http:\/\/www.schoene-nachrichten.de\/wp-content\/uploads\/2007\/07\/070714_Porsche2_08.thumbnail.jpg\" alt=\"070714_Porsche2_08.jpg\" \/><\/a> <a rel=\"lightbox[roadtrip]\" target=\"_blank\" href=\"http:\/\/www.schoene-nachrichten.de\/wp-content\/uploads\/2007\/07\/070714_Porsche1_147.jpg\" title=\"Foto: Max Colin Heydenreich\"><img decoding=\"async\" width=\"128\" src=\"http:\/\/www.schoene-nachrichten.de\/wp-content\/uploads\/2007\/07\/070714_Porsche1_147.thumbnail.jpg\" alt=\"070714_Porsche1_147.jpg\" \/><\/a><\/p>\n<p><a rel=\"lightbox[roadtrip]\" target=\"_blank\" href=\"http:\/\/www.schoene-nachrichten.de\/wp-content\/uploads\/2007\/07\/070714_Porsche2_39.jpg\" title=\"Foto: Max Colin Heydenreich\"><img decoding=\"async\" width=\"128\" src=\"http:\/\/www.schoene-nachrichten.de\/wp-content\/uploads\/2007\/07\/070714_Porsche2_39.thumbnail.jpg\" alt=\"070714_Porsche2_39.jpg\" \/><\/a>\u00c2\u00a0<a rel=\"lightbox[roadtrip]\" target=\"_blank\" href=\"http:\/\/www.schoene-nachrichten.de\/wp-content\/uploads\/2007\/07\/070714_Porsche2_246.jpg\" title=\"Foto: Max Colin Heydenreich\"><img decoding=\"async\" width=\"128\" src=\"http:\/\/www.schoene-nachrichten.de\/wp-content\/uploads\/2007\/07\/070714_Porsche2_246.thumbnail.jpg\" alt=\"070714_Porsche2_246.jpg\" \/><\/a> <a rel=\"lightbox[roadtrip]\" target=\"_blank\" href=\"http:\/\/www.schoene-nachrichten.de\/wp-content\/uploads\/2007\/07\/070714_Porsche2_210.jpg\" title=\"Foto: Max Colin Heydenreich\"><img decoding=\"async\" width=\"128\" src=\"http:\/\/www.schoene-nachrichten.de\/wp-content\/uploads\/2007\/07\/070714_Porsche2_210.thumbnail.jpg\" alt=\"070714_Porsche2_210.jpg\" \/><\/a><\/p>\n<p><a rel=\"lightbox[roadtrip]\" target=\"_blank\" href=\"http:\/\/www.schoene-nachrichten.de\/wp-content\/uploads\/2007\/07\/070714_Porsche2_266.jpg\" title=\"Foto: Max Colin Heydenreich\"><img decoding=\"async\" width=\"128\" src=\"http:\/\/www.schoene-nachrichten.de\/wp-content\/uploads\/2007\/07\/070714_Porsche2_266.thumbnail.jpg\" alt=\"070714_Porsche2_266.jpg\" \/><\/a>\u00c2\u00a0<a rel=\"lightbox[roadtrip]\" target=\"_blank\" href=\"http:\/\/www.schoene-nachrichten.de\/wp-content\/uploads\/2007\/07\/070714_Porsche2_225.jpg\" title=\"Foto: Max Colin Heydenreich\"><img decoding=\"async\" width=\"128\" src=\"http:\/\/www.schoene-nachrichten.de\/wp-content\/uploads\/2007\/07\/070714_Porsche2_225.thumbnail.jpg\" alt=\"070714_Porsche2_225.jpg\" \/><\/a> <a rel=\"lightbox[roadtrip]\" target=\"_blank\" href=\"http:\/\/www.schoene-nachrichten.de\/wp-content\/uploads\/2007\/07\/070714_Porsche2_222.jpg\" title=\"Foto: Max Colin Heydenreich\"><img decoding=\"async\" width=\"128\" src=\"http:\/\/www.schoene-nachrichten.de\/wp-content\/uploads\/2007\/07\/070714_Porsche2_222.thumbnail.jpg\" alt=\"070714_Porsche2_222.jpg\" \/><\/a><\/p>\n<p><a rel=\"lightbox[roadtrip]\" target=\"_blank\" href=\"http:\/\/www.schoene-nachrichten.de\/wp-content\/uploads\/2007\/07\/070714_Porsche2_230.jpg\" title=\"Foto: Max Colin Heydenreich\"><img decoding=\"async\" width=\"128\" src=\"http:\/\/www.schoene-nachrichten.de\/wp-content\/uploads\/2007\/07\/070714_Porsche2_230.thumbnail.jpg\" alt=\"070714_Porsche2_230.jpg\" \/><\/a>\u00c2\u00a0<a rel=\"lightbox[roadtrip]\" target=\"_blank\" href=\"http:\/\/www.schoene-nachrichten.de\/wp-content\/uploads\/2007\/07\/070714_Porsche3_04.jpg\" title=\"Foto: Max Colin Heydenreich\"><img decoding=\"async\" width=\"128\" src=\"http:\/\/www.schoene-nachrichten.de\/wp-content\/uploads\/2007\/07\/070714_Porsche3_04.thumbnail.jpg\" alt=\"070714_Porsche3_04.jpg\" \/><\/a> <a rel=\"lightbox[roadtrip]\" target=\"_blank\" href=\"http:\/\/www.schoene-nachrichten.de\/wp-content\/uploads\/2007\/07\/070714_Porsche3_12.jpg\" title=\"Foto: Max Colin Heydenreich\"><img decoding=\"async\" width=\"128\" src=\"http:\/\/www.schoene-nachrichten.de\/wp-content\/uploads\/2007\/07\/070714_Porsche3_12.thumbnail.jpg\" alt=\"070714_Porsche3_12.jpg\" \/><\/a><\/p>\n<p><a rel=\"lightbox[roadtrip]\" target=\"_blank\" href=\"http:\/\/www.schoene-nachrichten.de\/wp-content\/uploads\/2007\/07\/070714_Porsche3_13.jpg\" title=\"Foto: Max Colin Heydenreich\"><img decoding=\"async\" width=\"128\" src=\"http:\/\/www.schoene-nachrichten.de\/wp-content\/uploads\/2007\/07\/070714_Porsche3_13.thumbnail.jpg\" alt=\"070714_Porsche3_13.jpg\" \/><\/a>\u00c2\u00a0<a rel=\"lightbox[roadtrip]\" target=\"_blank\" href=\"http:\/\/www.schoene-nachrichten.de\/wp-content\/uploads\/2007\/07\/070714_Porsche2_255.jpg\" title=\"Foto: Max Colin Heydenreich\"><img decoding=\"async\" width=\"128\" src=\"http:\/\/www.schoene-nachrichten.de\/wp-content\/uploads\/2007\/07\/070714_Porsche2_255.thumbnail.jpg\" alt=\"070714_Porsche2_255.jpg\" \/><\/a> <a rel=\"lightbox[roadtrip]\" target=\"_blank\" href=\"http:\/\/www.schoene-nachrichten.de\/wp-content\/uploads\/2007\/07\/070714_Porsche2_206.jpg\" title=\"Foto: Max Colin Heydenreich\"><img decoding=\"async\" width=\"128\" src=\"http:\/\/www.schoene-nachrichten.de\/wp-content\/uploads\/2007\/07\/070714_Porsche2_206.thumbnail.jpg\" alt=\"070714_Porsche2_206.jpg\" \/><\/a><\/p>\n","protected":false},"excerpt":{"rendered":"<div class=\"tmnf_excerpt\"><p>Sch\u00f6nes aus Fulda. Targa, Carrera, Boxter &#8211; Porschefahrer sind an diesem Wochenende in ihrem Element. Denn die Elferliste hat nach Fulda eingeladen: zum Fachsimpeln, fr\u00f6hlichen Fahren und Feiern. Etwa 150 Liebhaber des schnittigen Sportwagens sind nach Fulda gekommen und haben ihr Basislager im Maritim Hotel aufgeschlagen. Fotos (54): Max Colin Heydenreich \u00c2\u00a0 \u00c2\u00a0<\/p>\n<\/div>","protected":false},"author":1,"featured_media":0,"comment_status":"closed","ping_status":"closed","sticky":false,"template":"","format":"standard","meta":{"footnotes":""},"categories":[1,35,54,37],"tags":[],"class_list":["post-4216","post","type-post","status-publish","format-standard","hentry","category-startseite","category-auto","category-bildergalerien","category-essen-und-trinken"],"_links":{"self":[{"href":"https:\/\/www.fuldaernachrichten.de\/index.php?rest_route=\/wp\/v2\/posts\/4216","targetHints":{"allow":["GET"]}}],"collection":[{"href":"https:\/\/www.fuldaernachrichten.de\/index.php?rest_route=\/wp\/v2\/posts"}],"about":[{"href":"https:\/\/www.fuldaernachrichten.de\/index.php?rest_route=\/wp\/v2\/types\/post"}],"author":[{"embeddable":true,"href":"https:\/\/www.fuldaernachrichten.de\/index.php?rest_route=\/wp\/v2\/users\/1"}],"replies":[{"embeddable":true,"href":"https:\/\/www.fuldaernachrichten.de\/index.php?rest_route=%2Fwp%2Fv2%2Fcomments&post=4216"}],"version-history":[{"count":0,"href":"https:\/\/www.fuldaernachrichten.de\/index.php?rest_route=\/wp\/v2\/posts\/4216\/revisions"}],"wp:attachment":[{"href":"https:\/\/www.fuldaernachrichten.de\/index.php?rest_route=%2Fwp%2Fv2%2Fmedia&parent=4216"}],"wp:term":[{"taxonomy":"category","embeddable":true,"href":"https:\/\/www.fuldaernachrichten.de\/index.php?rest_route=%2Fwp%2Fv2%2Fcategories&post=4216"},{"taxonomy":"post_tag","embeddable":true,"href":"https:\/\/www.fuldaernachrichten.de\/index.php?rest_route=%2Fwp%2Fv2%2Ftags&post=4216"}],"curies":[{"name":"wp","href":"https:\/\/api.w.org\/{rel}","templated":true}]}}