{"id":42062,"date":"2009-10-16T07:56:40","date_gmt":"2009-10-16T05:56:40","guid":{"rendered":"http:\/\/www.schoene-nachrichten.de\/?p=42062"},"modified":"2009-10-16T08:57:18","modified_gmt":"2009-10-16T06:57:18","slug":"neu-im-kino-die-paepstin","status":"publish","type":"post","link":"https:\/\/www.fuldaernachrichten.de\/?p=42062","title":{"rendered":"Neu im Kino: Die P\u00e4pstin"},"content":{"rendered":"<p><strong><a href=\"http:\/\/www.schoene-nachrichten.de\/wp-content\/uploads\/2009\/10\/091015_Die_P\u00e4pstin.jpg\"><img fetchpriority=\"high\" decoding=\"async\" class=\"alignleft size-thumbnail wp-image-42064\" title=\"091015_Die_P\u00e4pstin\" src=\"http:\/\/www.schoene-nachrichten.de\/wp-content\/uploads\/2009\/10\/091015_Die_P\u00e4pstin-265x378.jpg\" alt=\"091015_Die_P\u00e4pstin\" width=\"265\" height=\"378\" \/><\/a>Kino. <\/strong>Der Erfolgsroman von Donna Cross erz\u00e4hlt den vom Vatikan ins Reich der Legenden verwiesenen atemberaubenden und bewegenden Aufstieg der Johanna von Ingelheim, die als Mann verkleidet in die h\u00f6chsten R\u00e4nge des R\u00f6mischen Klerus gelangt und im Jahre 853 zum Papst gew\u00e4hlt wird. Der Wahrheitsgehalt der Geschichte ist seit Jahrhunderten Gegenstand leidenschaftlicher Kontroversen, die mit dem weltweiten Millionen-Bestseller von Donna Cross ihren vorl\u00e4ufigen H\u00f6hepunkt gefunden haben.<\/p>\n<p><strong>Kinostart: 22.10.2009<\/strong><\/p>\n","protected":false},"excerpt":{"rendered":"<div class=\"tmnf_excerpt\"><p>Kino. Der Erfolgsroman von Donna Cross erz\u00e4hlt den vom Vatikan ins Reich der Legenden verwiesenen atemberaubenden und bewegenden Aufstieg der Johanna von Ingelheim, die als Mann verkleidet in die h\u00f6chsten R\u00e4nge des R\u00f6mischen Klerus gelangt und im Jahre 853 zum Papst gew\u00e4hlt wird. Der Wahrheitsgehalt der Geschichte ist seit Jahrhunderten Gegenstand leidenschaftlicher Kontroversen, die mit &hellip;<\/p>\n<\/div>","protected":false},"author":1,"featured_media":0,"comment_status":"closed","ping_status":"closed","sticky":false,"template":"","format":"standard","meta":{"footnotes":""},"categories":[1,79],"tags":[],"class_list":["post-42062","post","type-post","status-publish","format-standard","hentry","category-startseite","category-kino"],"_links":{"self":[{"href":"https:\/\/www.fuldaernachrichten.de\/index.php?rest_route=\/wp\/v2\/posts\/42062","targetHints":{"allow":["GET"]}}],"collection":[{"href":"https:\/\/www.fuldaernachrichten.de\/index.php?rest_route=\/wp\/v2\/posts"}],"about":[{"href":"https:\/\/www.fuldaernachrichten.de\/index.php?rest_route=\/wp\/v2\/types\/post"}],"author":[{"embeddable":true,"href":"https:\/\/www.fuldaernachrichten.de\/index.php?rest_route=\/wp\/v2\/users\/1"}],"replies":[{"embeddable":true,"href":"https:\/\/www.fuldaernachrichten.de\/index.php?rest_route=%2Fwp%2Fv2%2Fcomments&post=42062"}],"version-history":[{"count":9,"href":"https:\/\/www.fuldaernachrichten.de\/index.php?rest_route=\/wp\/v2\/posts\/42062\/revisions"}],"predecessor-version":[{"id":42166,"href":"https:\/\/www.fuldaernachrichten.de\/index.php?rest_route=\/wp\/v2\/posts\/42062\/revisions\/42166"}],"wp:attachment":[{"href":"https:\/\/www.fuldaernachrichten.de\/index.php?rest_route=%2Fwp%2Fv2%2Fmedia&parent=42062"}],"wp:term":[{"taxonomy":"category","embeddable":true,"href":"https:\/\/www.fuldaernachrichten.de\/index.php?rest_route=%2Fwp%2Fv2%2Fcategories&post=42062"},{"taxonomy":"post_tag","embeddable":true,"href":"https:\/\/www.fuldaernachrichten.de\/index.php?rest_route=%2Fwp%2Fv2%2Ftags&post=42062"}],"curies":[{"name":"wp","href":"https:\/\/api.w.org\/{rel}","templated":true}]}}