{"id":42040,"date":"2009-10-16T06:20:13","date_gmt":"2009-10-16T04:20:13","guid":{"rendered":"http:\/\/www.schoene-nachrichten.de\/?p=42040"},"modified":"2009-10-16T08:59:15","modified_gmt":"2009-10-16T06:59:15","slug":"stiftungspreis-praktissima-fuldaer-muetterzentrum-die-muetze-mischt-wieder-vorne-mit","status":"publish","type":"post","link":"https:\/\/www.fuldaernachrichten.de\/?p=42040","title":{"rendered":"Stiftungspreis Praktissima: \u201eDie M\u00dcTZE\u201c mischt wieder vorne mit"},"content":{"rendered":"<p><a href=\"http:\/\/www.schoene-nachrichten.de\/wp-content\/uploads\/2009\/10\/091016_Muetze.jpg\"><img decoding=\"async\" class=\"alignnone size-full wp-image-42167\" title=\"091016_Muetze\" src=\"http:\/\/www.schoene-nachrichten.de\/wp-content\/uploads\/2009\/10\/091016_Muetze.jpg\" alt=\"091016_Muetze\" width=\"560\" srcset=\"https:\/\/www.fuldaernachrichten.de\/wp-content\/uploads\/2009\/10\/091016_Muetze.jpg 592w, https:\/\/www.fuldaernachrichten.de\/wp-content\/uploads\/2009\/10\/091016_Muetze-265x130.jpg 265w\" sizes=\"(max-width: 592px) 100vw, 592px\" \/><\/a><\/p>\n<p><strong>Fulda. <\/strong>Das Fuldaer M\u00fctterzentrum \u201eDie M\u00dcTZE\u201c wurde erneut f\u00fcr seine herausragende Arbeit vom Bundesverband der M\u00fctterzentren ausgezeichnet. Der M\u00fctterzentren Bundesverband verleiht j\u00e4hrlich bundesweit den begehrten Stiftungspreis \u201ePraktissima\u201c f\u00fcr hervorragende Arbeit von M\u00fctterzentren. \u201eDie M\u00dcTZE\u201c\u00c2\u00a0 erreichte zum zweiten Mal in Folge den zweiten Platz. Thema der diesj\u00e4hrigen Ausschreibung war: \u201eDas Handwerkszeug der \u00d6ffentlichkeitsarbeit\u201c. Mit dieser Auszeichnung bewies \u201eDie M\u00dcTZE\u201c erneut, dass sie sich trotz geringen finanziellen M\u00f6glichkeiten nicht scheut, neue Wege in die \u00d6ffentlichkeit zu gehen und sich auf dem \u00f6ffentlichen Parkett zu positionieren.<!--more--><\/p>\n<p>Im Rahmen des Herbstbundesverbandstreffen der M\u00fctterzentren in M\u00f6ssingen, Baden W\u00fcrttemberg, nahm eine Delegation \u201eDer M\u00dcTZE\u201c den Preis entgegen.\u00c2\u00a0 In ihrer Laudatio forderte Gabriele Friedrich, Vorstand des Bundesverband der M\u00fctterzentren, mit einem B\u00fcndel Socken das Team \u201eDer M\u00dcTZE\u201c nicht nur zum Warm-anziehen auf: \u201eStrickt an euren tollen Ideen weiter!\u201c Die Bildungs- und Begegnungsst\u00e4tte M\u00fctterzentrum e.V. \u201eDie M\u00dcTZE\u201c ist eine selbst verwaltete gemeinn\u00fctzige Einrichtung, die sich f\u00fcr die Interessen und Belange von Familien einsetzt.<\/p>\n<p>Unabh\u00e4ngig von Nationalit\u00e4t, Religion, sozialer Herkunft und Alter steht sie als famili\u00e4re Anlaufstelle und Kontaktstelle f\u00fcr alle offen. \u201eDie M\u00dcTZE\u201c setzt sich f\u00fcr eine famili\u00e4re Lebensqualit\u00e4t mit gegenseitiger Achtung und F\u00fcrsorge ein. Sie bietet innovative Ideen zur Weiterentwicklung des sozialen Miteinanders und sozialen Lernens und ist ein fester Bestandteil des famili\u00e4ren gesellschaflichen Lebens in Fulda.<\/p>\n<p>Die M\u00dcTZE betreibt neben offenen Eltern-Kind-Treffs verschiedene Kinderbetreuungsgruppen, Weiterbildungskurse, Kurse zu Erziehungsthemen und Beratung.\u00c2\u00a0 Da \u201eDie M\u00dcTZE\u201c f\u00fcr die Finanzierung ihres Haushaltes auf Spenden angewiesen ist, freut sich der Verein neben der Ehrung auch \u00fcber Preisgeld, das f\u00fcr den Ausbau des Angebotes verwendet werden soll. Weitere Informationen zur Arbeit des M\u00fctterzentrums \u201eDie M\u00dcTZE\u201c gibt es unter <a href=\"http:\/\/www.muetze.de\" target=\"_blank\">www.muetze-fulda.de<\/a> oder unter Tel. 0661\/8050.<\/p>\n","protected":false},"excerpt":{"rendered":"<div class=\"tmnf_excerpt\"><p>Fulda. Das Fuldaer M\u00fctterzentrum \u201eDie M\u00dcTZE\u201c wurde erneut f\u00fcr seine herausragende Arbeit vom Bundesverband der M\u00fctterzentren ausgezeichnet. Der M\u00fctterzentren Bundesverband verleiht j\u00e4hrlich bundesweit den begehrten Stiftungspreis \u201ePraktissima\u201c f\u00fcr hervorragende Arbeit von M\u00fctterzentren. \u201eDie M\u00dcTZE\u201c\u00c2\u00a0 erreichte zum zweiten Mal in Folge den zweiten Platz. Thema der diesj\u00e4hrigen Ausschreibung war: \u201eDas Handwerkszeug der \u00d6ffentlichkeitsarbeit\u201c. Mit dieser Auszeichnung &hellip;<\/p>\n<\/div>","protected":false},"author":1,"featured_media":0,"comment_status":"closed","ping_status":"closed","sticky":false,"template":"","format":"standard","meta":{"footnotes":""},"categories":[1,72,78],"tags":[],"class_list":["post-42040","post","type-post","status-publish","format-standard","hentry","category-startseite","category-jugend","category-topthema"],"_links":{"self":[{"href":"https:\/\/www.fuldaernachrichten.de\/index.php?rest_route=\/wp\/v2\/posts\/42040","targetHints":{"allow":["GET"]}}],"collection":[{"href":"https:\/\/www.fuldaernachrichten.de\/index.php?rest_route=\/wp\/v2\/posts"}],"about":[{"href":"https:\/\/www.fuldaernachrichten.de\/index.php?rest_route=\/wp\/v2\/types\/post"}],"author":[{"embeddable":true,"href":"https:\/\/www.fuldaernachrichten.de\/index.php?rest_route=\/wp\/v2\/users\/1"}],"replies":[{"embeddable":true,"href":"https:\/\/www.fuldaernachrichten.de\/index.php?rest_route=%2Fwp%2Fv2%2Fcomments&post=42040"}],"version-history":[{"count":7,"href":"https:\/\/www.fuldaernachrichten.de\/index.php?rest_route=\/wp\/v2\/posts\/42040\/revisions"}],"predecessor-version":[{"id":42168,"href":"https:\/\/www.fuldaernachrichten.de\/index.php?rest_route=\/wp\/v2\/posts\/42040\/revisions\/42168"}],"wp:attachment":[{"href":"https:\/\/www.fuldaernachrichten.de\/index.php?rest_route=%2Fwp%2Fv2%2Fmedia&parent=42040"}],"wp:term":[{"taxonomy":"category","embeddable":true,"href":"https:\/\/www.fuldaernachrichten.de\/index.php?rest_route=%2Fwp%2Fv2%2Fcategories&post=42040"},{"taxonomy":"post_tag","embeddable":true,"href":"https:\/\/www.fuldaernachrichten.de\/index.php?rest_route=%2Fwp%2Fv2%2Ftags&post=42040"}],"curies":[{"name":"wp","href":"https:\/\/api.w.org\/{rel}","templated":true}]}}