{"id":4202,"date":"2007-07-14T00:41:32","date_gmt":"2007-07-13T22:41:32","guid":{"rendered":"http:\/\/www.schoene-nachrichten.de\/?p=4202"},"modified":"2007-07-14T00:41:36","modified_gmt":"2007-07-13T22:41:36","slug":"heute-vogelkundliche-wanderung-am-guckaisee","status":"publish","type":"post","link":"https:\/\/www.fuldaernachrichten.de\/?p=4202","title":{"rendered":"Heute: Vogelkundliche Wanderung am Guckaisee"},"content":{"rendered":"<p><strong>Termin.<\/strong> Das Biosph\u00e4renreservat Rh\u00f6n l\u00e4dt heute zu einer dreist\u00fcndigen vogelkundlichen Wanderung ein. Der Ornithologe Horst Bachmann f\u00fchrt ab 14.00 Uhr \u00fcber die Eube und den Indianerpfad. Treffpunkt ist der Parkplatz Guckaisee, oberes Ende. Die Kosten betragen 2,50 \u00e2\u201a\u00ac pro Person. Kinder sind frei.<\/p>\n","protected":false},"excerpt":{"rendered":"<div class=\"tmnf_excerpt\"><p>Termin. Das Biosph\u00e4renreservat Rh\u00f6n l\u00e4dt heute zu einer dreist\u00fcndigen vogelkundlichen Wanderung ein. Der Ornithologe Horst Bachmann f\u00fchrt ab 14.00 Uhr \u00fcber die Eube und den Indianerpfad. Treffpunkt ist der Parkplatz Guckaisee, oberes Ende. Die Kosten betragen 2,50 \u00e2\u201a\u00ac pro Person. Kinder sind frei.<\/p>\n<\/div>","protected":false},"author":1,"featured_media":0,"comment_status":"closed","ping_status":"closed","sticky":false,"template":"","format":"standard","meta":{"footnotes":""},"categories":[1,52],"tags":[],"class_list":["post-4202","post","type-post","status-publish","format-standard","hentry","category-startseite","category-umwelt"],"_links":{"self":[{"href":"https:\/\/www.fuldaernachrichten.de\/index.php?rest_route=\/wp\/v2\/posts\/4202","targetHints":{"allow":["GET"]}}],"collection":[{"href":"https:\/\/www.fuldaernachrichten.de\/index.php?rest_route=\/wp\/v2\/posts"}],"about":[{"href":"https:\/\/www.fuldaernachrichten.de\/index.php?rest_route=\/wp\/v2\/types\/post"}],"author":[{"embeddable":true,"href":"https:\/\/www.fuldaernachrichten.de\/index.php?rest_route=\/wp\/v2\/users\/1"}],"replies":[{"embeddable":true,"href":"https:\/\/www.fuldaernachrichten.de\/index.php?rest_route=%2Fwp%2Fv2%2Fcomments&post=4202"}],"version-history":[{"count":0,"href":"https:\/\/www.fuldaernachrichten.de\/index.php?rest_route=\/wp\/v2\/posts\/4202\/revisions"}],"wp:attachment":[{"href":"https:\/\/www.fuldaernachrichten.de\/index.php?rest_route=%2Fwp%2Fv2%2Fmedia&parent=4202"}],"wp:term":[{"taxonomy":"category","embeddable":true,"href":"https:\/\/www.fuldaernachrichten.de\/index.php?rest_route=%2Fwp%2Fv2%2Fcategories&post=4202"},{"taxonomy":"post_tag","embeddable":true,"href":"https:\/\/www.fuldaernachrichten.de\/index.php?rest_route=%2Fwp%2Fv2%2Ftags&post=4202"}],"curies":[{"name":"wp","href":"https:\/\/api.w.org\/{rel}","templated":true}]}}