{"id":4193,"date":"2007-07-13T00:52:21","date_gmt":"2007-07-12T22:52:21","guid":{"rendered":"http:\/\/www.schoene-nachrichten.de\/?p=4193"},"modified":"2007-07-13T01:38:20","modified_gmt":"2007-07-12T23:38:20","slug":"extratour-gebaweg-wird-am-22-juli-eroeffnet","status":"publish","type":"post","link":"https:\/\/www.fuldaernachrichten.de\/?p=4193","title":{"rendered":"Extratour \u201eGebaweg\u201c wird am 22. Juli er\u00f6ffnet"},"content":{"rendered":"<p><strong>Sch\u00f6nes aus der Rh\u00f6n.<\/strong> Bereits seit 24. September 2006 kann die Rh\u00f6n mit dem \u201eHochrh\u00f6ner\u201c als Fernwanderweg der Premiumqualit\u00e4t punkten. Im Mai 2007 gab es einen weiteren H\u00f6hepunkt mit der Er\u00f6ffnung aller Extratouren am \u201ePoint-Alpha-Weg\u201c in Geisa. Jetzt wird die n\u00e4chste Einweihung eines Premiumweges in der Th\u00fcringer Rh\u00f6n erwartet: Am 22. Juli wird die Er\u00f6ffnungsveranstaltung der Extratour \u201eGebaweg\u201c stattfinden.<!--more--><\/p>\n<p>Auch dieser Rundweg von 15 Kilometern L\u00e4nge geh\u00f6rt zu den Premiumwegen des L\u00e4nder \u00fcbergreifenden Netzes der 20 Extratouren in der Rh\u00f6n und dem Premium-Fernwanderweg \u201eDer Hochrh\u00f6ner\u201c. Alle Wegstrecken erf\u00fcllen die Qualit\u00e4tskriterien des Deutschen Wanderinstitutes. Die Veranstaltung beginnt um 10 Uhr im Steinkreis des Rh\u00f6nkulturgartens mit einem Festgottesdienst, begleitet vom Kirchenchor aus Herpf.<\/p>\n<p>Um 11 Uhr werden zwei Wanderungen unter fachkundiger F\u00fchrung angeboten. Unterwegs gibt es eine Versorgung, und vielleicht begegnet man \u201eLambert\u201c, dem Rh\u00f6nschaf, oder einem Waldschrat. Die erste Tour ist die komplette Extratour Gebaweg mit 15 Kilometern (rund drei bis vier Stunden). Streckenverlauf: Geba Plateau \u2013 Stepfershausen \u2013 D\u00f6rrensolz \u2013 Oberkatz \u2013 an der Diesburg \u2013 Hohe L\u00f6hr \u2013 \u201eRh\u00f6nfrieden\u201c \u2013 Kirche Geba \u2013 Geba Plateau.<\/p>\n<p>Bei der zweiten Tour handelst es sich um den Julius-Greif-Weg mit sieben Kilometern L\u00e4nge (Dauer 1,5 bis 2 Stunden). Zus\u00e4tzlich ist auch eine behindertengerechte Tour (1 km) m\u00f6glich. Diese verl\u00e4uft von der Ortschaft Geba, am Julius-Greif-Gedenkstein vorbei zum Plateau der Hohen Geba. Ziel ist die Infostelle. Den Rahmen der Veranstaltung bietet das Gartenfest im Rh\u00f6nkulturgarten mit weiteren kulinarischen und musikalischen H\u00f6hepunkten. Angebote zur Umweltbildung, Rh\u00f6ner Produkte und weitere Informationen runden die Veranstaltung ab.<\/p>\n","protected":false},"excerpt":{"rendered":"<div class=\"tmnf_excerpt\"><p>Sch\u00f6nes aus der Rh\u00f6n. Bereits seit 24. September 2006 kann die Rh\u00f6n mit dem \u201eHochrh\u00f6ner\u201c als Fernwanderweg der Premiumqualit\u00e4t punkten. Im Mai 2007 gab es einen weiteren H\u00f6hepunkt mit der Er\u00f6ffnung aller Extratouren am \u201ePoint-Alpha-Weg\u201c in Geisa. Jetzt wird die n\u00e4chste Einweihung eines Premiumweges in der Th\u00fcringer Rh\u00f6n erwartet: Am 22. Juli wird die Er\u00f6ffnungsveranstaltung &hellip;<\/p>\n<\/div>","protected":false},"author":1,"featured_media":0,"comment_status":"closed","ping_status":"closed","sticky":false,"template":"","format":"standard","meta":{"footnotes":""},"categories":[1,52],"tags":[],"class_list":["post-4193","post","type-post","status-publish","format-standard","hentry","category-startseite","category-umwelt"],"_links":{"self":[{"href":"https:\/\/www.fuldaernachrichten.de\/index.php?rest_route=\/wp\/v2\/posts\/4193","targetHints":{"allow":["GET"]}}],"collection":[{"href":"https:\/\/www.fuldaernachrichten.de\/index.php?rest_route=\/wp\/v2\/posts"}],"about":[{"href":"https:\/\/www.fuldaernachrichten.de\/index.php?rest_route=\/wp\/v2\/types\/post"}],"author":[{"embeddable":true,"href":"https:\/\/www.fuldaernachrichten.de\/index.php?rest_route=\/wp\/v2\/users\/1"}],"replies":[{"embeddable":true,"href":"https:\/\/www.fuldaernachrichten.de\/index.php?rest_route=%2Fwp%2Fv2%2Fcomments&post=4193"}],"version-history":[{"count":0,"href":"https:\/\/www.fuldaernachrichten.de\/index.php?rest_route=\/wp\/v2\/posts\/4193\/revisions"}],"wp:attachment":[{"href":"https:\/\/www.fuldaernachrichten.de\/index.php?rest_route=%2Fwp%2Fv2%2Fmedia&parent=4193"}],"wp:term":[{"taxonomy":"category","embeddable":true,"href":"https:\/\/www.fuldaernachrichten.de\/index.php?rest_route=%2Fwp%2Fv2%2Fcategories&post=4193"},{"taxonomy":"post_tag","embeddable":true,"href":"https:\/\/www.fuldaernachrichten.de\/index.php?rest_route=%2Fwp%2Fv2%2Ftags&post=4193"}],"curies":[{"name":"wp","href":"https:\/\/api.w.org\/{rel}","templated":true}]}}