{"id":4192,"date":"2007-07-13T00:30:55","date_gmt":"2007-07-12T22:30:55","guid":{"rendered":"http:\/\/www.schoene-nachrichten.de\/?p=4192"},"modified":"2007-07-13T00:32:25","modified_gmt":"2007-07-12T22:32:25","slug":"fest-der-gaerten-und-der-begegnung-in-der-rhoen","status":"publish","type":"post","link":"https:\/\/www.fuldaernachrichten.de\/?p=4192","title":{"rendered":"Fest der G\u00e4rten und der Begegnung in der Rh\u00f6n"},"content":{"rendered":"<p><strong>Sch\u00f6nes aus der Rh\u00f6n.<\/strong> \u201eSo stelle ich mir den Eingang zum Paradies vor!\u201c. Das war wohl eines der sch\u00f6nsten von zahlreichen Komplimenten, die Besucher w\u00e4hrend ihres Spaziergangs durch die offenen G\u00e4rten der hessischen Rh\u00f6n \u00e4u\u00dferten. Zehn Gartenbesitzer \u00f6ffneten am 1. Juli ihre \u201egr\u00fcnen Wohnzimmer\u201c f\u00fcr interessierte G\u00e4ste und luden zu Gespr\u00e4chen und Vortr\u00e4gen, F\u00fchrungen und anderen Angeboten f\u00fcr Erwachsene und Kinder ein. Ann\u00e4hernd 4000 Besucher aus ganz Hessen, Th\u00fcringen und Bayern kamen dieser Einladung nach. <!--more--><\/p>\n<p>Am Sonntagmorgen hatte Andrea Vogel (Arbeitskreis Rh\u00f6ner G\u00e4rten) in Kooperation mit dem Biosph\u00e4renreservat Rh\u00f6n den 1. Tag der offenen G\u00e4rten er\u00f6ffnet. \u201eG\u00e4rten stehen f\u00fcr Freizeit und Lebensqualit\u00e4t, und sie sind ein Thema, das \u201eJeden\u201c gleicherma\u00dfen begeistert\u201c, so B\u00fcrgermeisterin Erb in ihrer Er\u00f6ffnungsansprache.<\/p>\n<p>Vogel verwies auf die gute Zusammenarbeit aller Beteiligten: der Arbeitskreis Rh\u00f6ner G\u00e4rten, die Gemeinde Ebersburg, das Biosph\u00e4renreservat, der Verein Natur- und Lebensraum Rh\u00f6n und vor allem die Gartenbesitzer \u2013 sie alle haben zum Gelingen dieses Tages beigetragen.<\/p>\n<p>\u201eIch habe noch nie so lange und anregende Gespr\u00e4che mit wildfremden Leuten gef\u00fchrt, wie an diesem Tag \u00fcber die Rh\u00f6ner G\u00e4rten\u201c so eine Besucherin. Auch Brigitte Baumgarten und Karin Baier \u2013 Besitzerinnen offener G\u00e4rten in Ebersburg \u2013 sind sich einig: \u201eDie Besucher hatten Zeit f\u00fcr Gespr\u00e4che und gro\u00dfes Interesse an den G\u00e4rten\u201c.<\/p>\n<p>Nicht nur die Vortr\u00e4ge und F\u00fchrungen wurden sehr gut angenommen. Zahlreiche Besucher nutzten die M\u00f6glichkeit, Erfahrungen auszutauschen, lange offene Fragen zu kl\u00e4ren oder bisher unbekannte Pflanzen f\u00fcr den eigenen Garten zu entdecken. So war der wenig verbreitete Anbau von Fenchel ebenso ein Thema wie der Bau einer Kr\u00e4uterschnecke oder die Herstellung von B\u00e4rlauchbutter.<\/p>\n<p>Am Abend zog der Arbeitskreis Rh\u00f6ner G\u00e4rten eine durchweg positive Bilanz. \u201eNiemand aus der Runde der Gartenbesitzer und der Rh\u00f6ner G\u00e4rtner hatte mit solch einem Erfolg gerechnet\u201c so Vogel. Ihr Res\u00fcmee des Tages: \u201eEgal ob Gem\u00fcsebeet oder Blumenpracht, der Tag war ein gelungenes Fest der G\u00e4rten und der Begegnung\u201c.<\/p>\n","protected":false},"excerpt":{"rendered":"<div class=\"tmnf_excerpt\"><p>Sch\u00f6nes aus der Rh\u00f6n. \u201eSo stelle ich mir den Eingang zum Paradies vor!\u201c. Das war wohl eines der sch\u00f6nsten von zahlreichen Komplimenten, die Besucher w\u00e4hrend ihres Spaziergangs durch die offenen G\u00e4rten der hessischen Rh\u00f6n \u00e4u\u00dferten. Zehn Gartenbesitzer \u00f6ffneten am 1. Juli ihre \u201egr\u00fcnen Wohnzimmer\u201c f\u00fcr interessierte G\u00e4ste und luden zu Gespr\u00e4chen und Vortr\u00e4gen, F\u00fchrungen und &hellip;<\/p>\n<\/div>","protected":false},"author":1,"featured_media":0,"comment_status":"closed","ping_status":"closed","sticky":false,"template":"","format":"standard","meta":{"footnotes":""},"categories":[1,52],"tags":[],"class_list":["post-4192","post","type-post","status-publish","format-standard","hentry","category-startseite","category-umwelt"],"_links":{"self":[{"href":"https:\/\/www.fuldaernachrichten.de\/index.php?rest_route=\/wp\/v2\/posts\/4192","targetHints":{"allow":["GET"]}}],"collection":[{"href":"https:\/\/www.fuldaernachrichten.de\/index.php?rest_route=\/wp\/v2\/posts"}],"about":[{"href":"https:\/\/www.fuldaernachrichten.de\/index.php?rest_route=\/wp\/v2\/types\/post"}],"author":[{"embeddable":true,"href":"https:\/\/www.fuldaernachrichten.de\/index.php?rest_route=\/wp\/v2\/users\/1"}],"replies":[{"embeddable":true,"href":"https:\/\/www.fuldaernachrichten.de\/index.php?rest_route=%2Fwp%2Fv2%2Fcomments&post=4192"}],"version-history":[{"count":0,"href":"https:\/\/www.fuldaernachrichten.de\/index.php?rest_route=\/wp\/v2\/posts\/4192\/revisions"}],"wp:attachment":[{"href":"https:\/\/www.fuldaernachrichten.de\/index.php?rest_route=%2Fwp%2Fv2%2Fmedia&parent=4192"}],"wp:term":[{"taxonomy":"category","embeddable":true,"href":"https:\/\/www.fuldaernachrichten.de\/index.php?rest_route=%2Fwp%2Fv2%2Fcategories&post=4192"},{"taxonomy":"post_tag","embeddable":true,"href":"https:\/\/www.fuldaernachrichten.de\/index.php?rest_route=%2Fwp%2Fv2%2Ftags&post=4192"}],"curies":[{"name":"wp","href":"https:\/\/api.w.org\/{rel}","templated":true}]}}