{"id":4140,"date":"2007-07-10T01:10:06","date_gmt":"2007-07-09T23:10:06","guid":{"rendered":"http:\/\/www.schoene-nachrichten.de\/?p=4140"},"modified":"2007-07-10T01:10:12","modified_gmt":"2007-07-09T23:10:12","slug":"orgelsommer-im-dom-zu-fulda","status":"publish","type":"post","link":"https:\/\/www.fuldaernachrichten.de\/?p=4140","title":{"rendered":"Orgelsommer im Dom zu Fulda"},"content":{"rendered":"<p><strong>Sch\u00f6nes aus Fulda.<\/strong> Auch in diesem Jahr findet wieder im Rahmen des Kultursommers Main-Kinzig-Fulda die Konzertreihe \u201eOrgelsommer im Dom zu Fulda\u201c statt, bei der namhafte Musiker aus verschiedenen St\u00e4dten Deutschlands und der Niederlande ihr K\u00f6nnen an der Orgel im Hohen Dom zu Fulda \u2013 jeweils sonntags um 16.30 Uhr \u2013 unter Beweis stellen werden.<!--more--><\/p>\n<p>Den Anfang macht am 15. Juli Pier Damiano Peretti aus Hannover, der seit 2002 Professor f\u00fcr Orgel an der dortigen Hochschule f\u00fcr Musik und Theater ist. Die von ihm vorgestellten St\u00fccke sind von D. Buxtehude, M. Radulescu, J. S. Bach und J. Reubke. Am 29. Juli wird Barnhard Haas aus Stuttgart im Fuldaer Dom gastieren.<\/p>\n<p>Der Professor f\u00fcr Orgel und Preistr\u00e4ger bei zahlreichen Wettbewerben wird drei der Sch\u00fcbler-Chor\u00e4le von J. S. Bach sowie Werke von W. A. Mozart, F. Schmidt und C. Franck spielen. Die Konzertreihe wird von Domkapellmeister und \u2013organist Leo Kr\u00e4mer aus Speyer am 12. August fortgesetzt und am 26. August Pieter van Dijk aus Alkmaar (Niederlande), Organist an der Grote Sint Laurenskerk, abgeschlossen, der Werke von N. Bruhns, A. van der Horst, E. du Caurroy, R. Schumann, B. Matter, J. S. Bach und C. F. Hendriks Jr. darbieten wird.<\/p>\n","protected":false},"excerpt":{"rendered":"<div class=\"tmnf_excerpt\"><p>Sch\u00f6nes aus Fulda. Auch in diesem Jahr findet wieder im Rahmen des Kultursommers Main-Kinzig-Fulda die Konzertreihe \u201eOrgelsommer im Dom zu Fulda\u201c statt, bei der namhafte Musiker aus verschiedenen St\u00e4dten Deutschlands und der Niederlande ihr K\u00f6nnen an der Orgel im Hohen Dom zu Fulda \u2013 jeweils sonntags um 16.30 Uhr \u2013 unter Beweis stellen werden.<\/p>\n<\/div>","protected":false},"author":1,"featured_media":0,"comment_status":"closed","ping_status":"closed","sticky":false,"template":"","format":"standard","meta":{"footnotes":""},"categories":[1,50,44],"tags":[],"class_list":["post-4140","post","type-post","status-publish","format-standard","hentry","category-startseite","category-kirche","category-kultur"],"_links":{"self":[{"href":"https:\/\/www.fuldaernachrichten.de\/index.php?rest_route=\/wp\/v2\/posts\/4140","targetHints":{"allow":["GET"]}}],"collection":[{"href":"https:\/\/www.fuldaernachrichten.de\/index.php?rest_route=\/wp\/v2\/posts"}],"about":[{"href":"https:\/\/www.fuldaernachrichten.de\/index.php?rest_route=\/wp\/v2\/types\/post"}],"author":[{"embeddable":true,"href":"https:\/\/www.fuldaernachrichten.de\/index.php?rest_route=\/wp\/v2\/users\/1"}],"replies":[{"embeddable":true,"href":"https:\/\/www.fuldaernachrichten.de\/index.php?rest_route=%2Fwp%2Fv2%2Fcomments&post=4140"}],"version-history":[{"count":0,"href":"https:\/\/www.fuldaernachrichten.de\/index.php?rest_route=\/wp\/v2\/posts\/4140\/revisions"}],"wp:attachment":[{"href":"https:\/\/www.fuldaernachrichten.de\/index.php?rest_route=%2Fwp%2Fv2%2Fmedia&parent=4140"}],"wp:term":[{"taxonomy":"category","embeddable":true,"href":"https:\/\/www.fuldaernachrichten.de\/index.php?rest_route=%2Fwp%2Fv2%2Fcategories&post=4140"},{"taxonomy":"post_tag","embeddable":true,"href":"https:\/\/www.fuldaernachrichten.de\/index.php?rest_route=%2Fwp%2Fv2%2Ftags&post=4140"}],"curies":[{"name":"wp","href":"https:\/\/api.w.org\/{rel}","templated":true}]}}