{"id":41352,"date":"2009-10-08T12:51:35","date_gmt":"2009-10-08T10:51:35","guid":{"rendered":"http:\/\/www.schoene-nachrichten.de\/?p=41352"},"modified":"2009-10-08T12:51:35","modified_gmt":"2009-10-08T10:51:35","slug":"sensationeller-dritter-platz-in-gruppe-n-fuer-hermann-gassner-jr-bei-wm-lauf-in-spanien","status":"publish","type":"post","link":"https:\/\/www.fuldaernachrichten.de\/?p=41352","title":{"rendered":"Sensationeller dritter Platz in Gruppe N f\u00fcr Hermann Gassner Jr. bei WM-Lauf in Spanien"},"content":{"rendered":"<p><img decoding=\"async\" src=\"http:\/\/www.schoene-nachrichten.de\/wp-content\/uploads\/2008\/Marco\/091008_gassner-jr_000.jpg\" alt=\"091008_gassner-jr_000.jpg\" width=\"560\" \/><\/p>\n<p><strong>Motorsport.<\/strong> Hermann Gassner junior \u00fcberzeugt einmal mehr und wird beim Weltmeisterschaftslauf in Spanien sensationeller Dritter in der seriennahen Gruppe N. Bei der RallyRACC Catalunya \u2013 Costa Daurada bringt der frisch gebackene Mitropa Rally Cup Champion zusammen mit seiner Copilotin Kathi W\u00fcstenhagen nach einer fehlerlosen Fahrt auf Asphalt seinen Mitsubishi Lancer Evo IX sicher ins Ziel.<\/p>\n<p><strong>Fotos (14):<\/strong> McKlein, <strong>Text:<\/strong> Kathi W\u00fcstenhagen<\/p>\n<p><a title=\"Foto: McKlein\" rel=\"lightbox[roadtrip]\" href=\"http:\/\/www.schoene-nachrichten.de\/wp-content\/uploads\/2008\/Marco\/091008_gassner-jr_001.jpg\" target=\"_blank\"><img decoding=\"async\" src=\"http:\/\/www.schoene-nachrichten.de\/wp-content\/uploads\/2008\/Marco\/091008_gassner-jr_001.thumbnail.jpg\" alt=\"091008_gassner-jr_001.jpg\" width=\"265\" \/><\/a> <a title=\"Foto: McKlein\" rel=\"lightbox[roadtrip]\" href=\"http:\/\/www.schoene-nachrichten.de\/wp-content\/uploads\/2008\/Marco\/091008_gassner-jr_002.jpg\" target=\"_blank\"><img decoding=\"async\" src=\"http:\/\/www.schoene-nachrichten.de\/wp-content\/uploads\/2008\/Marco\/091008_gassner-jr_002.thumbnail.jpg\" alt=\"091008_gassner-jr_002.jpg\" width=\"265\" \/><\/a><\/p>\n<p><a title=\"Foto: McKlein\" rel=\"lightbox[roadtrip]\" href=\"http:\/\/www.schoene-nachrichten.de\/wp-content\/uploads\/2008\/Marco\/091008_gassner-jr_003.jpg\" target=\"_blank\"><img decoding=\"async\" src=\"http:\/\/www.schoene-nachrichten.de\/wp-content\/uploads\/2008\/Marco\/091008_gassner-jr_003.thumbnail.jpg\" alt=\"091008_gassner-jr_003.jpg\" width=\"265\" \/><\/a> <a title=\"Foto: McKlein\" rel=\"lightbox[roadtrip]\" href=\"http:\/\/www.schoene-nachrichten.de\/wp-content\/uploads\/2008\/Marco\/091008_gassner-jr_004.jpg\" target=\"_blank\"><img decoding=\"async\" src=\"http:\/\/www.schoene-nachrichten.de\/wp-content\/uploads\/2008\/Marco\/091008_gassner-jr_004.thumbnail.jpg\" alt=\"091008_gassner-jr_004.jpg\" width=\"265\" \/><\/a><br \/>\n<!--more--><\/p>\n<p>Um f\u00fcr die knapp 350 Wertungskilometer gut vorbereitet zu sein, nutze der junge Bayer die M\u00f6glichkeit beim Shakedown (Testwertungspr\u00fcfung) letzte Fahrzeugabstimmung vorzunehmen. Der Fernsehsender RTL begleitete ihn dabei. Moderator Felix G\u00f6rner berichtete hautnah vom Geschehen und verlegte kurzerhand das Interview auf die Sonderpr\u00fcfung. Der Bericht wurde bereits im Rahmen des Formel 1 Laufes in Japan im \u201eRTL Rallyemagazin\u201c \u00fcbertragen. Die Resonanz auf den Bericht war erstaunlich: \u201eZahlreiche Fans haben uns geschrieben und uns f\u00fcr unseren Auftritt gelobt. Es ist wirklich toll, wie viele Leute mit uns mitfiebern. Danke daf\u00fcr\u201c so ein beeindruckter Hermann Gassner junior.<\/p>\n<p><a title=\"Foto: McKlein\" rel=\"lightbox[roadtrip]\" href=\"http:\/\/www.schoene-nachrichten.de\/wp-content\/uploads\/2008\/Marco\/091008_gassner-jr_005.jpg\" target=\"_blank\"><img decoding=\"async\" src=\"http:\/\/www.schoene-nachrichten.de\/wp-content\/uploads\/2008\/Marco\/091008_gassner-jr_005.thumbnail.jpg\" alt=\"091008_gassner-jr_005.jpg\" width=\"265\" \/><\/a> <a title=\"Foto: McKlein\" rel=\"lightbox[roadtrip]\" href=\"http:\/\/www.schoene-nachrichten.de\/wp-content\/uploads\/2008\/Marco\/091008_gassner-jr_006.jpg\" target=\"_blank\"><img decoding=\"async\" src=\"http:\/\/www.schoene-nachrichten.de\/wp-content\/uploads\/2008\/Marco\/091008_gassner-jr_006.thumbnail.jpg\" alt=\"091008_gassner-jr_006.jpg\" width=\"265\" \/><\/a><\/p>\n<p><a title=\"Foto: McKlein\" rel=\"lightbox[roadtrip]\" href=\"http:\/\/www.schoene-nachrichten.de\/wp-content\/uploads\/2008\/Marco\/091008_gassner-jr_007.jpg\" target=\"_blank\"><img decoding=\"async\" src=\"http:\/\/www.schoene-nachrichten.de\/wp-content\/uploads\/2008\/Marco\/091008_gassner-jr_007.thumbnail.jpg\" alt=\"091008_gassner-jr_007.jpg\" width=\"265\" \/><\/a> <a title=\"Foto: McKlein\" rel=\"lightbox[roadtrip]\" href=\"http:\/\/www.schoene-nachrichten.de\/wp-content\/uploads\/2008\/Marco\/091008_gassner-jr_008.jpg\" target=\"_blank\"><img decoding=\"async\" src=\"http:\/\/www.schoene-nachrichten.de\/wp-content\/uploads\/2008\/Marco\/091008_gassner-jr_008.thumbnail.jpg\" alt=\"091008_gassner-jr_008.jpg\" width=\"265\" \/><\/a><\/p>\n<p>Am Freitag wurden die ersten sechs der insgesamt 18 Wertungspr\u00fcfungen bestritten. Nachdem der favorisierte Norweger Brynildsen im leistungsst\u00e4rkeren Skoda Fabia S2000 mit Problemen k\u00e4mpfte, konnte sich Gassner junior hinter dem stark auftretenden Ungarn Asi auf Rang zwei platzieren. Im Laufe des Samstags kam Brynildsen zusehends besser mit dem Fabia klar und kn\u00f6pfte dem Kathrein Renn- und Rallyeteam Sekunde um Sekunde ab. Der 20-j\u00e4hrige sah das gelassen: \u201eIch wollte nicht alles riskieren, um Asi einzuholen oder Brynildsen von mir fernzuhalten. F\u00fcr mich hatte die Zielankunft h\u00f6chste Priorit\u00e4t.\u201c Trotzdem sich der Mitropa Rally Cup Champion auf der 11. Wertungspr\u00fcfung einen Plattfu\u00df einhandelte, blieb er dennoch Dritter und gab die Platzierung bis ins Ziel am Sonntag nicht mehr ab. <\/p>\n<p><a title=\"Foto: McKlein\" rel=\"lightbox[roadtrip]\" href=\"http:\/\/www.schoene-nachrichten.de\/wp-content\/uploads\/2008\/Marco\/091008_gassner-jr_009.jpg\" target=\"_blank\"><img decoding=\"async\" src=\"http:\/\/www.schoene-nachrichten.de\/wp-content\/uploads\/2008\/Marco\/091008_gassner-jr_009.thumbnail.jpg\" alt=\"091008_gassner-jr_009.jpg\" width=\"265\" \/><\/a> <a title=\"Foto: McKlein\" rel=\"lightbox[roadtrip]\" href=\"http:\/\/www.schoene-nachrichten.de\/wp-content\/uploads\/2008\/Marco\/091008_gassner-jr_010.jpg\" target=\"_blank\"><img decoding=\"async\" src=\"http:\/\/www.schoene-nachrichten.de\/wp-content\/uploads\/2008\/Marco\/091008_gassner-jr_010.thumbnail.jpg\" alt=\"091008_gassner-jr_010.jpg\" width=\"265\" \/><\/a><\/p>\n<p><a title=\"Foto: McKlein\" rel=\"lightbox[roadtrip]\" href=\"http:\/\/www.schoene-nachrichten.de\/wp-content\/uploads\/2008\/Marco\/091008_gassner-jr_011.jpg\" target=\"_blank\"><img decoding=\"async\" src=\"http:\/\/www.schoene-nachrichten.de\/wp-content\/uploads\/2008\/Marco\/091008_gassner-jr_011.thumbnail.jpg\" alt=\"091008_gassner-jr_011.jpg\" width=\"265\" \/><\/a> <a title=\"Foto: McKlein\" rel=\"lightbox[roadtrip]\" href=\"http:\/\/www.schoene-nachrichten.de\/wp-content\/uploads\/2008\/Marco\/091008_gassner-jr_012.jpg\" target=\"_blank\"><img decoding=\"async\" src=\"http:\/\/www.schoene-nachrichten.de\/wp-content\/uploads\/2008\/Marco\/091008_gassner-jr_012.thumbnail.jpg\" alt=\"091008_gassner-jr_012.jpg\" width=\"265\" \/><\/a><\/p>\n<p>Die Freude im Team war riesengro\u00df. Mit Rang drei unter den 26 gestarteten Teilnehmern in der seriennahen Gruppe N h\u00e4lt der von ADAC Stiftung Sport gef\u00f6rderte Junior sein Plansoll ein. \u201eIch wollte unter die ersten f\u00fcnf kommen. Das habe ich geschafft. Ich wusste, dass ich auf Asphalt stark bin und dieses Ziel nicht zu hoch gesteckt war. Am Wochenende hat alles perfekt zusammengepasst. Die Mechaniker haben das Auto optimal vorbereitet und wir hatten keinerlei Probleme. Ich konnte meine Platzierung sogar soweit absichern, dass ich andere Einstellungen am Fahrzeug ausprobieren konnte.\u201c (Kathi W\u00fcstenhagen)<\/p>\n<p><a title=\"Foto: McKlein\" rel=\"lightbox[roadtrip]\" href=\"http:\/\/www.schoene-nachrichten.de\/wp-content\/uploads\/2008\/Marco\/091008_gassner-jr_013.jpg\" target=\"_blank\"><img decoding=\"async\" src=\"http:\/\/www.schoene-nachrichten.de\/wp-content\/uploads\/2008\/Marco\/091008_gassner-jr_013.thumbnail.jpg\" alt=\"091008_gassner-jr_013.jpg\" width=\"265\" \/><\/a> <a title=\"Foto: McKlein\" rel=\"lightbox[roadtrip]\" href=\"http:\/\/www.schoene-nachrichten.de\/wp-content\/uploads\/2008\/Marco\/091008_gassner-jr_014.jpg\" target=\"_blank\"><img decoding=\"async\" src=\"http:\/\/www.schoene-nachrichten.de\/wp-content\/uploads\/2008\/Marco\/091008_gassner-jr_014.thumbnail.jpg\" alt=\"091008_gassner-jr_014.jpg\" width=\"265\" \/><\/a><\/p>\n","protected":false},"excerpt":{"rendered":"<div class=\"tmnf_excerpt\"><p>Motorsport. Hermann Gassner junior \u00fcberzeugt einmal mehr und wird beim Weltmeisterschaftslauf in Spanien sensationeller Dritter in der seriennahen Gruppe N. Bei der RallyRACC Catalunya \u2013 Costa Daurada bringt der frisch gebackene Mitropa Rally Cup Champion zusammen mit seiner Copilotin Kathi W\u00fcstenhagen nach einer fehlerlosen Fahrt auf Asphalt seinen Mitsubishi Lancer Evo IX sicher ins Ziel. &hellip;<\/p>\n<\/div>","protected":false},"author":1,"featured_media":0,"comment_status":"closed","ping_status":"closed","sticky":false,"template":"","format":"standard","meta":{"footnotes":""},"categories":[1,54,46,78],"tags":[],"class_list":["post-41352","post","type-post","status-publish","format-standard","hentry","category-startseite","category-bildergalerien","category-sport","category-topthema"],"_links":{"self":[{"href":"https:\/\/www.fuldaernachrichten.de\/index.php?rest_route=\/wp\/v2\/posts\/41352","targetHints":{"allow":["GET"]}}],"collection":[{"href":"https:\/\/www.fuldaernachrichten.de\/index.php?rest_route=\/wp\/v2\/posts"}],"about":[{"href":"https:\/\/www.fuldaernachrichten.de\/index.php?rest_route=\/wp\/v2\/types\/post"}],"author":[{"embeddable":true,"href":"https:\/\/www.fuldaernachrichten.de\/index.php?rest_route=\/wp\/v2\/users\/1"}],"replies":[{"embeddable":true,"href":"https:\/\/www.fuldaernachrichten.de\/index.php?rest_route=%2Fwp%2Fv2%2Fcomments&post=41352"}],"version-history":[{"count":9,"href":"https:\/\/www.fuldaernachrichten.de\/index.php?rest_route=\/wp\/v2\/posts\/41352\/revisions"}],"predecessor-version":[{"id":42473,"href":"https:\/\/www.fuldaernachrichten.de\/index.php?rest_route=\/wp\/v2\/posts\/41352\/revisions\/42473"}],"wp:attachment":[{"href":"https:\/\/www.fuldaernachrichten.de\/index.php?rest_route=%2Fwp%2Fv2%2Fmedia&parent=41352"}],"wp:term":[{"taxonomy":"category","embeddable":true,"href":"https:\/\/www.fuldaernachrichten.de\/index.php?rest_route=%2Fwp%2Fv2%2Fcategories&post=41352"},{"taxonomy":"post_tag","embeddable":true,"href":"https:\/\/www.fuldaernachrichten.de\/index.php?rest_route=%2Fwp%2Fv2%2Ftags&post=41352"}],"curies":[{"name":"wp","href":"https:\/\/api.w.org\/{rel}","templated":true}]}}