{"id":4135,"date":"2007-07-10T00:57:20","date_gmt":"2007-07-09T22:57:20","guid":{"rendered":"http:\/\/www.schoene-nachrichten.de\/?p=4135"},"modified":"2007-07-10T01:00:05","modified_gmt":"2007-07-09T23:00:05","slug":"rekordstarterfeld-bei-der-14-adac-grabfeldrallye","status":"publish","type":"post","link":"https:\/\/www.fuldaernachrichten.de\/?p=4135","title":{"rendered":"Rekordstarterfeld bei der 14. ADAC Grabfeldrallye"},"content":{"rendered":"<p><strong>Motorsport in Sulzdorf an der Lederhecke. <\/strong>Fast 175 Teilnehmer konnte der AMC Bad K\u00f6nigshofen am 29. und 30.06.\u00c2\u00a0zur 14. ADAC Grabfeldrallye begr\u00fc\u00dfen. Rallyeteams aus dem gesamten Bundesgebiet fanden den Weg zum Rallyezentrum nach Sulzdorf an der Lederhecke, wo der Veranstalter bereits am Freitag Abend zur freiwilligen Dokumentenabnahme und zu einen italienischen Abend einlud.<\/p>\n<p><strong>Fotos (39) und Videos (2):<\/strong> Marco Hellwig, Denny Rausch und Sebastian Hellwig<\/p>\n<p><strong>Video <\/strong>Wertungspr\u00fcfung 4 <a target=\"_blank\" href=\"http:\/\/www.rallye200.eu\/media\/070630_grabfeld_kiehm_wp4\/\">ansehen<\/a><br \/>\n<strong>Video<\/strong> Wertungspr\u00fcfung 8 <a target=\"_blank\" href=\"http:\/\/www.rallye200.eu\/media\/070630_grabfeld_kiehm_wp8\/\">ansehen<\/a><\/p>\n<p><a rel=\"lightbox[roadtrip]\" target=\"_blank\" href=\"http:\/\/www.schoene-nachrichten.de\/wp-content\/uploads\/2007\/07\/070709_Marco_05.jpg\" title=\"Foto: Marco Hellwig\"><img decoding=\"async\" width=\"128\" src=\"http:\/\/www.schoene-nachrichten.de\/wp-content\/uploads\/2007\/07\/070709_Marco_05.thumbnail.jpg\" alt=\"070709_Marco_05.jpg\" \/><\/a>\u00c2\u00a0<a rel=\"lightbox[roadtrip]\" target=\"_blank\" href=\"http:\/\/www.schoene-nachrichten.de\/wp-content\/uploads\/2007\/07\/070709_Marco_10.jpg\" title=\"Foto: Marco Hellwig\"><img decoding=\"async\" width=\"128\" src=\"http:\/\/www.schoene-nachrichten.de\/wp-content\/uploads\/2007\/07\/070709_Marco_10.thumbnail.jpg\" alt=\"070709_Marco_10.jpg\" \/><\/a> <a rel=\"lightbox[roadtrip]\" target=\"_blank\" href=\"http:\/\/www.schoene-nachrichten.de\/wp-content\/uploads\/2007\/07\/070709_Marco_04.jpg\" title=\"Foto: Marco Hellwig\"><img decoding=\"async\" width=\"128\" src=\"http:\/\/www.schoene-nachrichten.de\/wp-content\/uploads\/2007\/07\/070709_Marco_04.thumbnail.jpg\" alt=\"070709_Marco_04.jpg\" \/><\/a>\u00c2\u00a0<\/p>\n<p><a rel=\"lightbox[roadtrip]\" target=\"_blank\" href=\"http:\/\/www.schoene-nachrichten.de\/wp-content\/uploads\/2007\/07\/070709_Marco_01.jpg\" title=\"Foto: Marco Hellwig\"><img decoding=\"async\" width=\"128\" src=\"http:\/\/www.schoene-nachrichten.de\/wp-content\/uploads\/2007\/07\/070709_Marco_01.thumbnail.jpg\" alt=\"070709_Marco_01.jpg\" \/><\/a>\u00c2\u00a0<a rel=\"lightbox[roadtrip]\" target=\"_blank\" href=\"http:\/\/www.schoene-nachrichten.de\/wp-content\/uploads\/2007\/07\/070709_Marco_33.jpg\" title=\"Foto: Marco Hellwig\"><img decoding=\"async\" width=\"128\" src=\"http:\/\/www.schoene-nachrichten.de\/wp-content\/uploads\/2007\/07\/070709_Marco_33.thumbnail.jpg\" alt=\"070709_Marco_33.jpg\" \/><\/a>\u00c2\u00a0<a rel=\"lightbox[roadtrip]\" target=\"_blank\" href=\"http:\/\/www.schoene-nachrichten.de\/wp-content\/uploads\/2007\/07\/070709_Marco_02.jpg\" title=\"Foto: Marco Hellwig\"><img decoding=\"async\" width=\"128\" src=\"http:\/\/www.schoene-nachrichten.de\/wp-content\/uploads\/2007\/07\/070709_Marco_02.thumbnail.jpg\" alt=\"070709_Marco_02.jpg\" \/><\/a><\/p>\n<p><!--more-->Am Samstag um Punkt 12 Uhr war es dann soweit. Der erste von fast 175 Teilnehmern ging an den Start zur wilden Zeitenhatz. Auf 7 verschiedenen Pr\u00fcfungen konnten die Teams den Zuschauern einiges an fahrerischem K\u00f6nnen, spektakul\u00e4ren Drifts und Geschwindigkeiten bieten.\u00c2\u00a0Das\u00c2\u00a0 Highlight der Veranstaltung war jedoch, wie in jedem Jahr, der Rundkurs in Sulzdorf, der\u00c2\u00a0in Gruppen von drei Fahrzeugen, die in kurzem Abstand starteten, absolviert werden musste. Hier wurde auf der\u00c2\u00a0&#8220;letzten Rille gebremst und gedriftet&#8221;, sodass den Zuschauern fast der Atem weg blieb.<\/p>\n<p><a rel=\"lightbox[roadtrip]\" target=\"_blank\" href=\"http:\/\/www.schoene-nachrichten.de\/wp-content\/uploads\/2007\/07\/070709_Marco_06.jpg\" title=\"Foto: Marco Hellwig\"><img decoding=\"async\" width=\"128\" src=\"http:\/\/www.schoene-nachrichten.de\/wp-content\/uploads\/2007\/07\/070709_Marco_06.thumbnail.jpg\" alt=\"070709_Marco_06.jpg\" \/><\/a>\u00c2\u00a0<a rel=\"lightbox[roadtrip]\" target=\"_blank\" href=\"http:\/\/www.schoene-nachrichten.de\/wp-content\/uploads\/2007\/07\/070709_Marco_03.jpg\" title=\"Foto: Marco Hellwig\"><img decoding=\"async\" width=\"128\" src=\"http:\/\/www.schoene-nachrichten.de\/wp-content\/uploads\/2007\/07\/070709_Marco_03.thumbnail.jpg\" alt=\"070709_Marco_03.jpg\" \/><\/a>\u00c2\u00a0<a rel=\"lightbox[roadtrip]\" target=\"_blank\" href=\"http:\/\/www.schoene-nachrichten.de\/wp-content\/uploads\/2007\/07\/070709_Marco_12.jpg\" title=\"Foto: Marco Hellwig\"><img decoding=\"async\" width=\"128\" src=\"http:\/\/www.schoene-nachrichten.de\/wp-content\/uploads\/2007\/07\/070709_Marco_12.thumbnail.jpg\" alt=\"070709_Marco_12.jpg\" \/><\/a><\/p>\n<p><a rel=\"lightbox[roadtrip]\" target=\"_blank\" href=\"http:\/\/www.schoene-nachrichten.de\/wp-content\/uploads\/2007\/07\/070709_Marco_07.jpg\" title=\"Foto: Marco Hellwig\"><img decoding=\"async\" width=\"128\" src=\"http:\/\/www.schoene-nachrichten.de\/wp-content\/uploads\/2007\/07\/070709_Marco_07.thumbnail.jpg\" alt=\"070709_Marco_07.jpg\" \/><\/a> <a rel=\"lightbox[roadtrip]\" target=\"_blank\" href=\"http:\/\/www.schoene-nachrichten.de\/wp-content\/uploads\/2007\/07\/070709_Marco_08.jpg\" title=\"Foto: Marco Hellwig\"><img decoding=\"async\" width=\"128\" src=\"http:\/\/www.schoene-nachrichten.de\/wp-content\/uploads\/2007\/07\/070709_Marco_08.thumbnail.jpg\" alt=\"070709_Marco_08.jpg\" \/><\/a> <a rel=\"lightbox[roadtrip]\" target=\"_blank\" href=\"http:\/\/www.schoene-nachrichten.de\/wp-content\/uploads\/2007\/07\/070709_Marco_09.jpg\" title=\"Foto: Marco Hellwig\"><img decoding=\"async\" width=\"128\" src=\"http:\/\/www.schoene-nachrichten.de\/wp-content\/uploads\/2007\/07\/070709_Marco_09.thumbnail.jpg\" alt=\"070709_Marco_09.jpg\" \/><\/a><\/p>\n<p>Solch eine Veranstaltung in diesem Rahmen durchzuf\u00fchren verlangt vom Veranstalter alles Menschenm\u00f6gliche. Man kann dazu nur sagen\u00c2\u00a0&#8220;Hut ab, macht weiter so!&#8221;<\/p>\n<p><a rel=\"lightbox[roadtrip]\" target=\"_blank\" href=\"http:\/\/www.schoene-nachrichten.de\/wp-content\/uploads\/2007\/07\/070709_Marco_13.jpg\" title=\"Foto: Marco Hellwig\"><img decoding=\"async\" width=\"128\" src=\"http:\/\/www.schoene-nachrichten.de\/wp-content\/uploads\/2007\/07\/070709_Marco_13.thumbnail.jpg\" alt=\"070709_Marco_13.jpg\" \/><\/a> <a rel=\"lightbox[roadtrip]\" target=\"_blank\" href=\"http:\/\/www.schoene-nachrichten.de\/wp-content\/uploads\/2007\/07\/070709_Marco_14.jpg\" title=\"Foto: Marco Hellwig\"><img decoding=\"async\" width=\"128\" src=\"http:\/\/www.schoene-nachrichten.de\/wp-content\/uploads\/2007\/07\/070709_Marco_14.thumbnail.jpg\" alt=\"070709_Marco_14.jpg\" \/><\/a> <a rel=\"lightbox[roadtrip]\" target=\"_blank\" href=\"http:\/\/www.schoene-nachrichten.de\/wp-content\/uploads\/2007\/07\/070709_Marco_15.jpg\" title=\"Foto: Marco Hellwig\"><img decoding=\"async\" width=\"128\" src=\"http:\/\/www.schoene-nachrichten.de\/wp-content\/uploads\/2007\/07\/070709_Marco_15.thumbnail.jpg\" alt=\"070709_Marco_15.jpg\" \/><\/a><\/p>\n<p><a rel=\"lightbox[roadtrip]\" target=\"_blank\" href=\"http:\/\/www.schoene-nachrichten.de\/wp-content\/uploads\/2007\/07\/070709_Marco_16.jpg\" title=\"Foto: Marco Hellwig\"><img decoding=\"async\" width=\"128\" src=\"http:\/\/www.schoene-nachrichten.de\/wp-content\/uploads\/2007\/07\/070709_Marco_16.thumbnail.jpg\" alt=\"070709_Marco_16.jpg\" \/><\/a> <a rel=\"lightbox[roadtrip]\" target=\"_blank\" href=\"http:\/\/www.schoene-nachrichten.de\/wp-content\/uploads\/2007\/07\/070709_Marco_17.jpg\" title=\"Foto: Marco Hellwig\"><img decoding=\"async\" width=\"128\" src=\"http:\/\/www.schoene-nachrichten.de\/wp-content\/uploads\/2007\/07\/070709_Marco_17.thumbnail.jpg\" alt=\"070709_Marco_17.jpg\" \/><\/a> <a rel=\"lightbox[roadtrip]\" target=\"_blank\" href=\"http:\/\/www.schoene-nachrichten.de\/wp-content\/uploads\/2007\/07\/070709_Marco_18.jpg\" title=\"Foto: Marco Hellwig\"><img decoding=\"async\" width=\"128\" src=\"http:\/\/www.schoene-nachrichten.de\/wp-content\/uploads\/2007\/07\/070709_Marco_18.thumbnail.jpg\" alt=\"070709_Marco_18.jpg\" \/><\/a><\/p>\n<p>Gesamtergebnis:<br \/>\n1.\u00c2\u00a0Rapahel Ramonat \/ Michael Ehrle (Ford Escort Cosworth)<br \/>\n2.\u00c2\u00a0Marco Koch \/ Stefan Assmann\u00c2\u00a0(Opel Kadett C Coupe)<br \/>\n3.\u00c2\u00a0Fritz K\u00f6hler \/ Petra H\u00e4gele (Opel Kadett C Coupe)<br \/>\n4.\u00c2\u00a0Christian Wohlfarth \/\u00c2\u00a0Heiko Steinacker (Mitsubishi Lancer EVO 3)<br \/>\n5.\u00c2\u00a0J\u00f6rg Schuhey \/\u00c2\u00a0Tanja Timmer (Opel Astra GSI)<\/p>\n<p>Weitere\u00c2\u00a0Informationen\u00c2\u00a0und Ergebnisse unter\u00c2\u00a0 <a href=\"http:\/\/www.grabfeldrallye.de\">www.grabfeldrallye.de<\/a>.<\/p>\n<p><a rel=\"lightbox[roadtrip]\" target=\"_blank\" href=\"http:\/\/www.schoene-nachrichten.de\/wp-content\/uploads\/2007\/07\/070709_Marco_19.jpg\" title=\"Foto: Marco Hellwig\"><img decoding=\"async\" width=\"128\" src=\"http:\/\/www.schoene-nachrichten.de\/wp-content\/uploads\/2007\/07\/070709_Marco_19.thumbnail.jpg\" alt=\"070709_Marco_19.jpg\" \/><\/a> <a rel=\"lightbox[roadtrip]\" target=\"_blank\" href=\"http:\/\/www.schoene-nachrichten.de\/wp-content\/uploads\/2007\/07\/070709_Marco_20.jpg\" title=\"Foto: Marco Hellwig\"><img decoding=\"async\" width=\"128\" src=\"http:\/\/www.schoene-nachrichten.de\/wp-content\/uploads\/2007\/07\/070709_Marco_20.thumbnail.jpg\" alt=\"070709_Marco_20.jpg\" \/><\/a> <a rel=\"lightbox[roadtrip]\" target=\"_blank\" href=\"http:\/\/www.schoene-nachrichten.de\/wp-content\/uploads\/2007\/07\/070709_Marco_21.jpg\" title=\"Foto: Marco Hellwig\"><img decoding=\"async\" width=\"128\" src=\"http:\/\/www.schoene-nachrichten.de\/wp-content\/uploads\/2007\/07\/070709_Marco_21.thumbnail.jpg\" alt=\"070709_Marco_21.jpg\" \/><\/a><\/p>\n<p><a rel=\"lightbox[roadtrip]\" target=\"_blank\" href=\"http:\/\/www.schoene-nachrichten.de\/wp-content\/uploads\/2007\/07\/070709_Marco_22.jpg\" title=\"Foto: Marco Hellwig\"><img decoding=\"async\" width=\"128\" src=\"http:\/\/www.schoene-nachrichten.de\/wp-content\/uploads\/2007\/07\/070709_Marco_22.thumbnail.jpg\" alt=\"070709_Marco_22.jpg\" \/><\/a> <a rel=\"lightbox[roadtrip]\" target=\"_blank\" href=\"http:\/\/www.schoene-nachrichten.de\/wp-content\/uploads\/2007\/07\/070709_Marco_23.jpg\" title=\"Foto: Marco Hellwig\"><img decoding=\"async\" width=\"128\" src=\"http:\/\/www.schoene-nachrichten.de\/wp-content\/uploads\/2007\/07\/070709_Marco_23.thumbnail.jpg\" alt=\"070709_Marco_23.jpg\" \/><\/a> <a rel=\"lightbox[roadtrip]\" target=\"_blank\" href=\"http:\/\/www.schoene-nachrichten.de\/wp-content\/uploads\/2007\/07\/070709_Marco_24.jpg\" title=\"Foto: Marco Hellwig\"><img decoding=\"async\" width=\"128\" src=\"http:\/\/www.schoene-nachrichten.de\/wp-content\/uploads\/2007\/07\/070709_Marco_24.thumbnail.jpg\" alt=\"070709_Marco_24.jpg\" \/><\/a><\/p>\n<p><a rel=\"lightbox[roadtrip]\" target=\"_blank\" href=\"http:\/\/www.schoene-nachrichten.de\/wp-content\/uploads\/2007\/07\/070709_Marco_24.jpg\" title=\"Foto: Marco Hellwig\"><\/a><\/p>\n<p><a rel=\"lightbox[roadtrip]\" target=\"_blank\" href=\"http:\/\/www.schoene-nachrichten.de\/wp-content\/uploads\/2007\/07\/070709_Marco_25.jpg\" title=\"Foto: Marco Hellwig\"><img decoding=\"async\" width=\"128\" src=\"http:\/\/www.schoene-nachrichten.de\/wp-content\/uploads\/2007\/07\/070709_Marco_25.thumbnail.jpg\" alt=\"070709_Marco_25.jpg\" \/><\/a> <a rel=\"lightbox[roadtrip]\" target=\"_blank\" href=\"http:\/\/www.schoene-nachrichten.de\/wp-content\/uploads\/2007\/07\/070709_Marco_26.jpg\" title=\"Foto: Marco Hellwig\"><img decoding=\"async\" width=\"128\" src=\"http:\/\/www.schoene-nachrichten.de\/wp-content\/uploads\/2007\/07\/070709_Marco_26.thumbnail.jpg\" alt=\"070709_Marco_26.jpg\" \/><\/a> <a rel=\"lightbox[roadtrip]\" target=\"_blank\" href=\"http:\/\/www.schoene-nachrichten.de\/wp-content\/uploads\/2007\/07\/070709_Marco_27.jpg\" title=\"Foto: Marco Hellwig\"><img decoding=\"async\" width=\"128\" src=\"http:\/\/www.schoene-nachrichten.de\/wp-content\/uploads\/2007\/07\/070709_Marco_27.thumbnail.jpg\" alt=\"070709_Marco_27.jpg\" \/><\/a><\/p>\n<p><a rel=\"lightbox[roadtrip]\" target=\"_blank\" href=\"http:\/\/www.schoene-nachrichten.de\/wp-content\/uploads\/2007\/07\/070709_Marco_28.jpg\" title=\"Foto: Marco Hellwig\"><img decoding=\"async\" width=\"128\" src=\"http:\/\/www.schoene-nachrichten.de\/wp-content\/uploads\/2007\/07\/070709_Marco_28.thumbnail.jpg\" alt=\"070709_Marco_28.jpg\" \/><\/a> <a rel=\"lightbox[roadtrip]\" target=\"_blank\" href=\"http:\/\/www.schoene-nachrichten.de\/wp-content\/uploads\/2007\/07\/070709_Marco_29.jpg\" title=\"Foto: Marco Hellwig\"><img decoding=\"async\" width=\"128\" src=\"http:\/\/www.schoene-nachrichten.de\/wp-content\/uploads\/2007\/07\/070709_Marco_29.thumbnail.jpg\" alt=\"070709_Marco_29.jpg\" \/><\/a> <a rel=\"lightbox[roadtrip]\" target=\"_blank\" href=\"http:\/\/www.schoene-nachrichten.de\/wp-content\/uploads\/2007\/07\/070709_Marco_30.jpg\" title=\"Foto: Marco Hellwig\"><img decoding=\"async\" width=\"128\" src=\"http:\/\/www.schoene-nachrichten.de\/wp-content\/uploads\/2007\/07\/070709_Marco_30.thumbnail.jpg\" alt=\"070709_Marco_30.jpg\" \/><\/a><\/p>\n<p><a rel=\"lightbox[roadtrip]\" target=\"_blank\" href=\"http:\/\/www.schoene-nachrichten.de\/wp-content\/uploads\/2007\/07\/070709_Marco_31.jpg\" title=\"Foto: Marco Hellwig\"><img decoding=\"async\" width=\"128\" src=\"http:\/\/www.schoene-nachrichten.de\/wp-content\/uploads\/2007\/07\/070709_Marco_31.thumbnail.jpg\" alt=\"070709_Marco_31.jpg\" \/><\/a> <a rel=\"lightbox[roadtrip]\" target=\"_blank\" href=\"http:\/\/www.schoene-nachrichten.de\/wp-content\/uploads\/2007\/07\/070709_Marco_32.jpg\" title=\"Foto: Marco Hellwig\"><img decoding=\"async\" width=\"128\" src=\"http:\/\/www.schoene-nachrichten.de\/wp-content\/uploads\/2007\/07\/070709_Marco_32.thumbnail.jpg\" alt=\"070709_Marco_32.jpg\" \/><\/a> <a rel=\"lightbox[roadtrip]\" target=\"_blank\" href=\"http:\/\/www.schoene-nachrichten.de\/wp-content\/uploads\/2007\/07\/070709_Marco_11.jpg\" title=\"Foto: Marco Hellwig\"><img decoding=\"async\" width=\"128\" src=\"http:\/\/www.schoene-nachrichten.de\/wp-content\/uploads\/2007\/07\/070709_Marco_11.thumbnail.jpg\" alt=\"070709_Marco_11.jpg\" \/><\/a>\u00c2\u00a0<\/p>\n<p><a rel=\"lightbox[roadtrip]\" target=\"_blank\" href=\"http:\/\/www.schoene-nachrichten.de\/wp-content\/uploads\/2007\/07\/070709_Marco_34.jpg\" title=\"Foto: Marco Hellwig\"><img decoding=\"async\" width=\"128\" src=\"http:\/\/www.schoene-nachrichten.de\/wp-content\/uploads\/2007\/07\/070709_Marco_34.thumbnail.jpg\" alt=\"070709_Marco_34.jpg\" \/><\/a> <a rel=\"lightbox[roadtrip]\" target=\"_blank\" href=\"http:\/\/www.schoene-nachrichten.de\/wp-content\/uploads\/2007\/07\/070709_Marco_35.jpg\" title=\"Foto: Marco Hellwig\"><img decoding=\"async\" width=\"128\" src=\"http:\/\/www.schoene-nachrichten.de\/wp-content\/uploads\/2007\/07\/070709_Marco_35.thumbnail.jpg\" alt=\"070709_Marco_35.jpg\" \/><\/a> <a rel=\"lightbox[roadtrip]\" target=\"_blank\" href=\"http:\/\/www.schoene-nachrichten.de\/wp-content\/uploads\/2007\/07\/070709_Marco_36.jpg\" title=\"Foto: Marco Hellwig\"><img decoding=\"async\" width=\"128\" src=\"http:\/\/www.schoene-nachrichten.de\/wp-content\/uploads\/2007\/07\/070709_Marco_36.thumbnail.jpg\" alt=\"070709_Marco_36.jpg\" \/><\/a><\/p>\n<p><a rel=\"lightbox[roadtrip]\" target=\"_blank\" href=\"http:\/\/www.schoene-nachrichten.de\/wp-content\/uploads\/2007\/07\/070709_Marco_37.jpg\" title=\"Foto: Marco Hellwig\"><img decoding=\"async\" width=\"128\" src=\"http:\/\/www.schoene-nachrichten.de\/wp-content\/uploads\/2007\/07\/070709_Marco_37.thumbnail.jpg\" alt=\"070709_Marco_37.jpg\" \/><\/a> <a rel=\"lightbox[roadtrip]\" target=\"_blank\" href=\"http:\/\/www.schoene-nachrichten.de\/wp-content\/uploads\/2007\/07\/070709_Marco_38.jpg\" title=\"Foto: Marco Hellwig\"><img decoding=\"async\" width=\"128\" src=\"http:\/\/www.schoene-nachrichten.de\/wp-content\/uploads\/2007\/07\/070709_Marco_38.thumbnail.jpg\" alt=\"070709_Marco_38.jpg\" \/><\/a> <a rel=\"lightbox[roadtrip]\" target=\"_blank\" href=\"http:\/\/www.schoene-nachrichten.de\/wp-content\/uploads\/2007\/07\/070709_Marco_39.jpg\" title=\"Foto: Marco Hellwig\"><img decoding=\"async\" width=\"128\" src=\"http:\/\/www.schoene-nachrichten.de\/wp-content\/uploads\/2007\/07\/070709_Marco_39.thumbnail.jpg\" alt=\"070709_Marco_39.jpg\" \/><\/a><\/p>\n","protected":false},"excerpt":{"rendered":"<div class=\"tmnf_excerpt\"><p>Motorsport in Sulzdorf an der Lederhecke. Fast 175 Teilnehmer konnte der AMC Bad K\u00f6nigshofen am 29. und 30.06.\u00c2\u00a0zur 14. ADAC Grabfeldrallye begr\u00fc\u00dfen. Rallyeteams aus dem gesamten Bundesgebiet fanden den Weg zum Rallyezentrum nach Sulzdorf an der Lederhecke, wo der Veranstalter bereits am Freitag Abend zur freiwilligen Dokumentenabnahme und zu einen italienischen Abend einlud. Fotos (39) &hellip;<\/p>\n<\/div>","protected":false},"author":1,"featured_media":0,"comment_status":"closed","ping_status":"closed","sticky":false,"template":"","format":"standard","meta":{"footnotes":""},"categories":[1,35,54,46],"tags":[],"class_list":["post-4135","post","type-post","status-publish","format-standard","hentry","category-startseite","category-auto","category-bildergalerien","category-sport"],"_links":{"self":[{"href":"https:\/\/www.fuldaernachrichten.de\/index.php?rest_route=\/wp\/v2\/posts\/4135","targetHints":{"allow":["GET"]}}],"collection":[{"href":"https:\/\/www.fuldaernachrichten.de\/index.php?rest_route=\/wp\/v2\/posts"}],"about":[{"href":"https:\/\/www.fuldaernachrichten.de\/index.php?rest_route=\/wp\/v2\/types\/post"}],"author":[{"embeddable":true,"href":"https:\/\/www.fuldaernachrichten.de\/index.php?rest_route=\/wp\/v2\/users\/1"}],"replies":[{"embeddable":true,"href":"https:\/\/www.fuldaernachrichten.de\/index.php?rest_route=%2Fwp%2Fv2%2Fcomments&post=4135"}],"version-history":[{"count":0,"href":"https:\/\/www.fuldaernachrichten.de\/index.php?rest_route=\/wp\/v2\/posts\/4135\/revisions"}],"wp:attachment":[{"href":"https:\/\/www.fuldaernachrichten.de\/index.php?rest_route=%2Fwp%2Fv2%2Fmedia&parent=4135"}],"wp:term":[{"taxonomy":"category","embeddable":true,"href":"https:\/\/www.fuldaernachrichten.de\/index.php?rest_route=%2Fwp%2Fv2%2Fcategories&post=4135"},{"taxonomy":"post_tag","embeddable":true,"href":"https:\/\/www.fuldaernachrichten.de\/index.php?rest_route=%2Fwp%2Fv2%2Ftags&post=4135"}],"curies":[{"name":"wp","href":"https:\/\/api.w.org\/{rel}","templated":true}]}}