{"id":4128,"date":"2007-07-11T01:30:15","date_gmt":"2007-07-10T23:30:15","guid":{"rendered":"http:\/\/www.schoene-nachrichten.de\/?p=4128"},"modified":"2007-07-11T01:45:29","modified_gmt":"2007-07-10T23:45:29","slug":"heute-1-biowerkstatt-das-aussterben-der-dinosaurier","status":"publish","type":"post","link":"https:\/\/www.fuldaernachrichten.de\/?p=4128","title":{"rendered":"Heute 1. Biowerkstatt: &#8220;Das Aussterben der Dinosaurier&#8221;"},"content":{"rendered":"<p><strong><a rel=\"lightbox[roadtrip]\" target=\"_blank\" href=\"http:\/\/www.schoene-nachrichten.de\/wp-content\/uploads\/2007\/07\/070709_mosbrugger1.jpg\" title=\"070709_mosbrugger1.jpg\"><img decoding=\"async\" align=\"left\" src=\"http:\/\/www.schoene-nachrichten.de\/wp-content\/uploads\/2007\/07\/070709_mosbrugger1.thumbnail.jpg\" hspace=\"5\" alt=\"070709_mosbrugger1.jpg\" \/><\/a>Tipp.<\/strong> Im Rahmen der Sommerakademie\u00c2\u00a0der Kinder-Akademie Fulda (KAF) findet heute Nachmittag zwischen 17.00 und 18.00 Uhr die erste begleitende Biowerkstatt in der KAF statt. Prof. Dr. Dr. h. c. Volker Mosbrugger, Direktor des Senckenberg Forschungsinstitut und Naturmuseum Frankfurt\/Main referiert zum Thema &#8220;Das Aussterben der Dinosaurier \u2013 und was wir daraus lernen k\u00f6nnen&#8221;.<!--more--><br \/>\nVolker Mosbrugger wurde 1953 in Konstanz geboren. Er studierte zun\u00e4chst Biologie und Chemie in Freiburg und Montpellier. Studien der Geologie und Pal\u00e4ontologie schloss Mosbrugger 1983 mit der Promotion \u00fcber Pflanzen aus der Kohlezeit (Alter ca. 280 Millionen Jahre) ab. Im Rahmen seiner Habilitation an der Uni Bonn besch\u00e4ftigte sich der Wissenschaftler mit den Konstruktionspl\u00e4nen fossiler und heutiger Bauformen.<\/p>\n<p>1990 wurde Mosbrugger nach T\u00fcbingen an den Lehrstuhl f\u00fcr allgemeine Pal\u00e4ontologie berufen. Damit \u00fcbernahm er auch die Leitung des Museums f\u00fcr Geologie und Pal\u00e4ontologie. 1998 wurde Volker Mosbrugger der Leibnitz-Preis der Deutschen Forschungsgemeinschaft (h\u00f6chstdotierter Wissenschaftspreis) f\u00fcr seine Arbeiten auf dem Gebiet der erdgeschichtlichen Umweltforschung verliehen.<\/p>\n<p>Seit Oktober 2005 hat Mosbrugger eine Professur am Institut f\u00fcr Geowissenschaften bei der Universit\u00e4t Frankfurt\/Main inne und ist Direktor des Senckenberg Forschungsinstitut und Naturmuseum der Senckenbergischen Naturforschenden Gesellschaft.<\/p>\n","protected":false},"excerpt":{"rendered":"<div class=\"tmnf_excerpt\"><p>Tipp. Im Rahmen der Sommerakademie\u00c2\u00a0der Kinder-Akademie Fulda (KAF) findet heute Nachmittag zwischen 17.00 und 18.00 Uhr die erste begleitende Biowerkstatt in der KAF statt. Prof. Dr. Dr. h. c. Volker Mosbrugger, Direktor des Senckenberg Forschungsinstitut und Naturmuseum Frankfurt\/Main referiert zum Thema &#8220;Das Aussterben der Dinosaurier \u2013 und was wir daraus lernen k\u00f6nnen&#8221;.<\/p>\n<\/div>","protected":false},"author":1,"featured_media":0,"comment_status":"closed","ping_status":"closed","sticky":false,"template":"","format":"standard","meta":{"footnotes":""},"categories":[1,53,48],"tags":[],"class_list":["post-4128","post","type-post","status-publish","format-standard","hentry","category-startseite","category-bildung","category-forschung"],"_links":{"self":[{"href":"https:\/\/www.fuldaernachrichten.de\/index.php?rest_route=\/wp\/v2\/posts\/4128","targetHints":{"allow":["GET"]}}],"collection":[{"href":"https:\/\/www.fuldaernachrichten.de\/index.php?rest_route=\/wp\/v2\/posts"}],"about":[{"href":"https:\/\/www.fuldaernachrichten.de\/index.php?rest_route=\/wp\/v2\/types\/post"}],"author":[{"embeddable":true,"href":"https:\/\/www.fuldaernachrichten.de\/index.php?rest_route=\/wp\/v2\/users\/1"}],"replies":[{"embeddable":true,"href":"https:\/\/www.fuldaernachrichten.de\/index.php?rest_route=%2Fwp%2Fv2%2Fcomments&post=4128"}],"version-history":[{"count":0,"href":"https:\/\/www.fuldaernachrichten.de\/index.php?rest_route=\/wp\/v2\/posts\/4128\/revisions"}],"wp:attachment":[{"href":"https:\/\/www.fuldaernachrichten.de\/index.php?rest_route=%2Fwp%2Fv2%2Fmedia&parent=4128"}],"wp:term":[{"taxonomy":"category","embeddable":true,"href":"https:\/\/www.fuldaernachrichten.de\/index.php?rest_route=%2Fwp%2Fv2%2Fcategories&post=4128"},{"taxonomy":"post_tag","embeddable":true,"href":"https:\/\/www.fuldaernachrichten.de\/index.php?rest_route=%2Fwp%2Fv2%2Ftags&post=4128"}],"curies":[{"name":"wp","href":"https:\/\/api.w.org\/{rel}","templated":true}]}}