{"id":4125,"date":"2007-07-09T11:10:10","date_gmt":"2007-07-09T09:10:10","guid":{"rendered":"http:\/\/www.schoene-nachrichten.de\/?p=4125"},"modified":"2007-07-09T11:10:34","modified_gmt":"2007-07-09T09:10:34","slug":"land-hesen-unterstuetzt-deutschen-wandertag-2008-mit-100000-euro","status":"publish","type":"post","link":"https:\/\/www.fuldaernachrichten.de\/?p=4125","title":{"rendered":"Land unterst\u00fctzt &#8220;Deutschen Wandertag 2008&#8221; mit 100.000 Euro"},"content":{"rendered":"<p><strong>Sch\u00f6nes aus Fulda.<\/strong> \u201eDurch den Deutschen Wandertag 2008 in Fulda erwarte ich einen deutlichen Schub f\u00fcr den Tourismus in der Region Rh\u00f6n\u201c, sagte Wirtschaftsminister Alois Rhiel heute in Fulda. Er \u00fcbergab einen Zuwendungsbescheid in H\u00f6he von 100.000 Euro an die Vorsitzende des Rh\u00f6nklub e.V., Regina Rinke, und Schatzmeister Josef Hahn. \u201eDie Landesmittel\u201c, so Rhiel weiter, \u201eleisten einen wichtigen Beitrag f\u00fcr die Vorbereitung und Durchf\u00fchrung dieser deutschlandweit beachteten Veranstaltung\u201c.<!--more--><\/p>\n<p>Rhiel: \u201eMit dem Deutschen Wandertag pr\u00e4sentieren sich die Region Rh\u00f6n und die Stadt Fulda nicht nur als interessantes Wandergebiet, sondern auch als attraktives Urlaubs- und Tagungsziel. Die rund 30.000 G\u00e4ste, die von den Organisatoren erwartet werden, bedeuten nicht nur einen einmaligen wirtschaftlichen Effekt f\u00fcr die Tourismusbetriebe. Viele der Besucherinnen und Besucher werden die Angebote weiter empfehlen und auch wiederkommen, sodass wir von einer l\u00e4ngerfristigen Wirkung ausgehen k\u00f6nnen. Als Wirtschaftsminister interessieren mich vor allem die \u00f6konomischen Effekte des Wanderns \u2013 und diese d\u00fcrften erheblich sein. Zumal Wandern im Trend liegt. Naturgenuss und Bewegung sind wichtige Leitmotive f\u00fcr Freizeitaktivit\u00e4ten und d\u00fcrften es auch zuk\u00fcnftig bleiben.\u201c<\/p>\n<p>Wichtige Voraussetzung, um ein anspruchsvolles Wanderpublikum in die Region zu ziehen, sind Wanderwege mit hoher Erlebnisqualit\u00e4t und ein damit verbundenes Gastgewerbe in hoher Qualit\u00e4t. Der Rh\u00f6nklub erschlie\u00dft im n\u00e4chsten Jahr bereits seit 125 Jahren diese sch\u00f6ne Mittelgebirgs\u00c2\u00adregion. Die Zusammenarbeit \u00fcber Landesgrenzen hinweg ist beispielhaft. Mit der Errichtung des Hochrh\u00f6ners, dem 180 Kilometer langen Premiumwanderweg durch das Herz der Rh\u00f6n, wurde ein neuer H\u00f6hepunkt geschaffen.<\/p>\n","protected":false},"excerpt":{"rendered":"<div class=\"tmnf_excerpt\"><p>Sch\u00f6nes aus Fulda. \u201eDurch den Deutschen Wandertag 2008 in Fulda erwarte ich einen deutlichen Schub f\u00fcr den Tourismus in der Region Rh\u00f6n\u201c, sagte Wirtschaftsminister Alois Rhiel heute in Fulda. Er \u00fcbergab einen Zuwendungsbescheid in H\u00f6he von 100.000 Euro an die Vorsitzende des Rh\u00f6nklub e.V., Regina Rinke, und Schatzmeister Josef Hahn. \u201eDie Landesmittel\u201c, so Rhiel weiter, &hellip;<\/p>\n<\/div>","protected":false},"author":1,"featured_media":0,"comment_status":"closed","ping_status":"closed","sticky":false,"template":"","format":"standard","meta":{"footnotes":""},"categories":[1,52],"tags":[],"class_list":["post-4125","post","type-post","status-publish","format-standard","hentry","category-startseite","category-umwelt"],"_links":{"self":[{"href":"https:\/\/www.fuldaernachrichten.de\/index.php?rest_route=\/wp\/v2\/posts\/4125","targetHints":{"allow":["GET"]}}],"collection":[{"href":"https:\/\/www.fuldaernachrichten.de\/index.php?rest_route=\/wp\/v2\/posts"}],"about":[{"href":"https:\/\/www.fuldaernachrichten.de\/index.php?rest_route=\/wp\/v2\/types\/post"}],"author":[{"embeddable":true,"href":"https:\/\/www.fuldaernachrichten.de\/index.php?rest_route=\/wp\/v2\/users\/1"}],"replies":[{"embeddable":true,"href":"https:\/\/www.fuldaernachrichten.de\/index.php?rest_route=%2Fwp%2Fv2%2Fcomments&post=4125"}],"version-history":[{"count":0,"href":"https:\/\/www.fuldaernachrichten.de\/index.php?rest_route=\/wp\/v2\/posts\/4125\/revisions"}],"wp:attachment":[{"href":"https:\/\/www.fuldaernachrichten.de\/index.php?rest_route=%2Fwp%2Fv2%2Fmedia&parent=4125"}],"wp:term":[{"taxonomy":"category","embeddable":true,"href":"https:\/\/www.fuldaernachrichten.de\/index.php?rest_route=%2Fwp%2Fv2%2Fcategories&post=4125"},{"taxonomy":"post_tag","embeddable":true,"href":"https:\/\/www.fuldaernachrichten.de\/index.php?rest_route=%2Fwp%2Fv2%2Ftags&post=4125"}],"curies":[{"name":"wp","href":"https:\/\/api.w.org\/{rel}","templated":true}]}}