{"id":4117,"date":"2007-07-09T00:25:55","date_gmt":"2007-07-08T22:25:55","guid":{"rendered":"http:\/\/www.schoene-nachrichten.de\/?p=4117"},"modified":"2007-07-09T01:40:30","modified_gmt":"2007-07-08T23:40:30","slug":"sternwanderung-des-sinngaues","status":"publish","type":"post","link":"https:\/\/www.fuldaernachrichten.de\/?p=4117","title":{"rendered":"Sternwanderung des Sinngaues"},"content":{"rendered":"<p><strong><a rel=\"lightbox[roadtrip]\" target=\"_blank\" href=\"http:\/\/www.schoene-nachrichten.de\/wp-content\/uploads\/2007\/07\/070709_sternwanderung.jpg\" title=\"070709_sternwanderung.jpg\"><img decoding=\"async\" align=\"left\" src=\"http:\/\/www.schoene-nachrichten.de\/wp-content\/uploads\/2007\/07\/070709_sternwanderung.thumbnail.jpg\" hspace=\"5\" alt=\"070709_sternwanderung.jpg\" \/><\/a>Sch\u00f6nes aus der Rh\u00f6n.<\/strong> Bei herrlichstem Wetter fanden sich fast 300 Wanderbegeisterte zur Sternwanderung des Sinngaues an der Wildfleckner H\u00fctte ein. Aus allen Himmelsrichtungen waren sie gekommen: aus Hammelburg, aus dem Bergwinkel bei Schl\u00fcchtern, aus W\u00fcrzburg, sogar aus Hanau, und nat\u00fcrlich aus der n\u00e4heren Umgebung wie Bad Br\u00fcckenau, Oberbach und selbstverst\u00e4ndlich auch aus Wildflecken. Gefehlt hat nur der Zweigverein Schondrah\u00f6he.<!--more--><\/p>\n<p>Musikalisch umrahmt wurde der Nachmittag von der Blaskapelle Wildflecken unter der Leitung von Ralf Gundelach. Unerm\u00fcdlich spielten die Musiker auf \u2013 sehr zur Freude aller Anwesenden. Langeweile kam nicht auf, denn auch der Gesangverein Wildflecken gab unter der Leitung von Regina Rinke einige Wanderlieder zum Besten.<\/p>\n<p>Wilfried Donner begr\u00fc\u00dfte die Wanderfreunde und sagte in seinem Gru\u00dfwort, dass der Zweigverein Wildflecken am 11.\/12. August sein 60-j\u00e4hriges Bestehen mit einem Brunnenfest zu feiern gedenkt, weil der Brunnen in der Dorfmitte auch schon 20 Jahre das Dorf schm\u00fccke. Gauvorsitzender G\u00fcnter Dittmar aus Hammelburg freute sich \u00fcber den guten Besuch des Wandertreffens und besonders \u00fcber die Anwesenheit von Hauptwegewart G\u00fcnter Rinke, der nach langer Krankheit erstmals wieder dabei sein konnte.<\/p>\n<p>Pr\u00e4sidentin Regina Rinke berichtete in ihrem Gru\u00dfwort einiges zur Geschichte der Wildfleckner H\u00fctte, welche sie zusammen mit vielen Wanderfreunden unter dem damaligen Vorsitzenden Leopold Mathes vor \u00fcber 30 Jahren herrichtete. Sie sei ein Schmuckst\u00fcck geworden und man habe sehr viele sch\u00f6ne Stunden darin verbracht. B\u00fcrgermeister Alfred Schrenk lie\u00df einige interessante Zahlen und Daten zur Gemeinde Wildflecken in sein Gru\u00dfwort einflie\u00dfen.<\/p>\n<p>Man habe durch den Weggang der Amerikaner eine schwere Zeit durchstehen m\u00fcssen, sei aber bem\u00fcht, f\u00fcr Wildflecken das Beste f\u00fcr die Zukunft zu erreichen. Begeistert waren alle von den T\u00e4nzen der Rh\u00f6nklub-Jugend. Die Tanzgruppen sind das Aush\u00e4ngeschild des Wildfleckner Vereins. Gro\u00dfer Dank geb\u00fchrt daher den Jugendleiterinnen, die Woche f\u00fcr Woche mit den Kindern flei\u00dfig \u00fcben, damit die T\u00e4nze wirklich zu einer Augenweide werden. Das ist ihnen auch bei der Sternwanderung bestens gelungen.<br \/>\n\u00c2\u00a0<\/p>\n","protected":false},"excerpt":{"rendered":"<div class=\"tmnf_excerpt\"><p>Sch\u00f6nes aus der Rh\u00f6n. Bei herrlichstem Wetter fanden sich fast 300 Wanderbegeisterte zur Sternwanderung des Sinngaues an der Wildfleckner H\u00fctte ein. Aus allen Himmelsrichtungen waren sie gekommen: aus Hammelburg, aus dem Bergwinkel bei Schl\u00fcchtern, aus W\u00fcrzburg, sogar aus Hanau, und nat\u00fcrlich aus der n\u00e4heren Umgebung wie Bad Br\u00fcckenau, Oberbach und selbstverst\u00e4ndlich auch aus Wildflecken. Gefehlt &hellip;<\/p>\n<\/div>","protected":false},"author":1,"featured_media":0,"comment_status":"closed","ping_status":"closed","sticky":false,"template":"","format":"standard","meta":{"footnotes":""},"categories":[1,52],"tags":[],"class_list":["post-4117","post","type-post","status-publish","format-standard","hentry","category-startseite","category-umwelt"],"_links":{"self":[{"href":"https:\/\/www.fuldaernachrichten.de\/index.php?rest_route=\/wp\/v2\/posts\/4117","targetHints":{"allow":["GET"]}}],"collection":[{"href":"https:\/\/www.fuldaernachrichten.de\/index.php?rest_route=\/wp\/v2\/posts"}],"about":[{"href":"https:\/\/www.fuldaernachrichten.de\/index.php?rest_route=\/wp\/v2\/types\/post"}],"author":[{"embeddable":true,"href":"https:\/\/www.fuldaernachrichten.de\/index.php?rest_route=\/wp\/v2\/users\/1"}],"replies":[{"embeddable":true,"href":"https:\/\/www.fuldaernachrichten.de\/index.php?rest_route=%2Fwp%2Fv2%2Fcomments&post=4117"}],"version-history":[{"count":0,"href":"https:\/\/www.fuldaernachrichten.de\/index.php?rest_route=\/wp\/v2\/posts\/4117\/revisions"}],"wp:attachment":[{"href":"https:\/\/www.fuldaernachrichten.de\/index.php?rest_route=%2Fwp%2Fv2%2Fmedia&parent=4117"}],"wp:term":[{"taxonomy":"category","embeddable":true,"href":"https:\/\/www.fuldaernachrichten.de\/index.php?rest_route=%2Fwp%2Fv2%2Fcategories&post=4117"},{"taxonomy":"post_tag","embeddable":true,"href":"https:\/\/www.fuldaernachrichten.de\/index.php?rest_route=%2Fwp%2Fv2%2Ftags&post=4117"}],"curies":[{"name":"wp","href":"https:\/\/api.w.org\/{rel}","templated":true}]}}