{"id":4115,"date":"2007-07-09T01:26:58","date_gmt":"2007-07-08T23:26:58","guid":{"rendered":"http:\/\/www.schoene-nachrichten.de\/?p=4115"},"modified":"2007-07-09T01:28:12","modified_gmt":"2007-07-08T23:28:12","slug":"schuetzen-und-volksfest-vom-27-juli-bis-8-august","status":"publish","type":"post","link":"https:\/\/www.fuldaernachrichten.de\/?p=4115","title":{"rendered":"Sch\u00fctzen- und Volksfest vom 27. Juli bis 8. August"},"content":{"rendered":"<p><strong>Sch\u00f6nes aus Fulda.<\/strong> In 18 Tagen beginnt das Sch\u00fctzen- und Volksfest in Fulda. Vom 27. Juli bis zum 8. August erwarten die Veranstalter wieder mehr als 100.000 Besucher auf der Ochsenwiese. Schirmherr der Veranstaltung ist Oberb\u00fcrgermeister Gerhard M\u00f6ller. Generalunternehmer ist die renommierte Schaustellerfamilie Distel aus M\u00fcnchen. Heiner Distel und Mitglieder des Fuldaer Sch\u00fctzenvereins stellten w\u00e4hrend einer Pressekonferenz im &#8220;Felsenkeller&#8221; die Attraktionen 2007 vor.<\/p>\n<p><strong>Fotos (15):<\/strong> Max Colin Heydenreich<\/p>\n<p><a rel=\"lightbox[roadtrip]\" target=\"_blank\" href=\"http:\/\/www.schoene-nachrichten.de\/wp-content\/uploads\/2007\/07\/070709_Fest_09.jpg\" title=\"Foto: Max Colin Heydenreich\"><img decoding=\"async\" width=\"128\" src=\"http:\/\/www.schoene-nachrichten.de\/wp-content\/uploads\/2007\/07\/070709_Fest_09.thumbnail.jpg\" alt=\"070709_Fest_09.jpg\" \/><\/a>\u00c2\u00a0<a rel=\"lightbox[roadtrip]\" target=\"_blank\" href=\"http:\/\/www.schoene-nachrichten.de\/wp-content\/uploads\/2007\/07\/070709_Fest_13.jpg\" title=\"Foto: Max Colin Heydenreich\"><img decoding=\"async\" width=\"128\" src=\"http:\/\/www.schoene-nachrichten.de\/wp-content\/uploads\/2007\/07\/070709_Fest_13.thumbnail.jpg\" alt=\"070709_Fest_13.jpg\" \/><\/a> <a rel=\"lightbox[roadtrip]\" target=\"_blank\" href=\"http:\/\/www.schoene-nachrichten.de\/wp-content\/uploads\/2007\/07\/070709_Fest_10.jpg\" title=\"Foto: Max Colin Heydenreich\"><img decoding=\"async\" width=\"128\" src=\"http:\/\/www.schoene-nachrichten.de\/wp-content\/uploads\/2007\/07\/070709_Fest_10.thumbnail.jpg\" alt=\"070709_Fest_10.jpg\" \/><\/a><\/p>\n<p><a rel=\"lightbox[roadtrip]\" target=\"_blank\" href=\"http:\/\/www.schoene-nachrichten.de\/wp-content\/uploads\/2007\/07\/070709_Fest_05.jpg\" title=\"Foto: Max Colin Heydenreich\"><img decoding=\"async\" width=\"128\" src=\"http:\/\/www.schoene-nachrichten.de\/wp-content\/uploads\/2007\/07\/070709_Fest_05.thumbnail.jpg\" alt=\"070709_Fest_05.jpg\" \/><\/a>\u00c2\u00a0<a rel=\"lightbox[roadtrip]\" target=\"_blank\" href=\"http:\/\/www.schoene-nachrichten.de\/wp-content\/uploads\/2007\/07\/070709_Fest_14.jpg\" title=\"Foto: Max Colin Heydenreich\"><img decoding=\"async\" width=\"128\" src=\"http:\/\/www.schoene-nachrichten.de\/wp-content\/uploads\/2007\/07\/070709_Fest_14.thumbnail.jpg\" alt=\"070709_Fest_14.jpg\" \/><\/a> <a rel=\"lightbox[roadtrip]\" target=\"_blank\" href=\"http:\/\/www.schoene-nachrichten.de\/wp-content\/uploads\/2007\/07\/070709_Fest_08.jpg\" title=\"Foto: Max Colin Heydenreich\"><img decoding=\"async\" width=\"128\" src=\"http:\/\/www.schoene-nachrichten.de\/wp-content\/uploads\/2007\/07\/070709_Fest_08.thumbnail.jpg\" alt=\"070709_Fest_08.jpg\" \/><\/a><\/p>\n<p><!--more--><\/p>\n<p>Neben den Klassikern wie Auto-Scooter, Riesenrad oder Geisterschloss, gibt es in diesem Jahr das Hochfahrgesch\u00e4ft \u201ePoseidons Rache\u201c und die Wildwasserbahn &#8220;Piratenfluss&#8221;. Die Neuheit der Sparte &#8220;Gastronomie&#8221; hei\u00dft D\u00f6lle&#8217;s &#8220;Altes Brathaus&#8221;. Seit langer Zeit gibt es wieder mal einen Chinaimbiss.<\/p>\n<p><a rel=\"lightbox[roadtrip]\" target=\"_blank\" href=\"http:\/\/www.schoene-nachrichten.de\/wp-content\/uploads\/2007\/07\/070709_Fest_01.jpg\" title=\"Foto: Max Colin Heydenreich\"><img decoding=\"async\" width=\"128\" src=\"http:\/\/www.schoene-nachrichten.de\/wp-content\/uploads\/2007\/07\/070709_Fest_01.thumbnail.jpg\" alt=\"070709_Fest_01.jpg\" \/><\/a> <a rel=\"lightbox[roadtrip]\" target=\"_blank\" href=\"http:\/\/www.schoene-nachrichten.de\/wp-content\/uploads\/2007\/07\/070709_Fest_02.jpg\" title=\"Foto: Max Colin Heydenreich\"><img decoding=\"async\" width=\"128\" src=\"http:\/\/www.schoene-nachrichten.de\/wp-content\/uploads\/2007\/07\/070709_Fest_02.thumbnail.jpg\" alt=\"070709_Fest_02.jpg\" \/><\/a> <a rel=\"lightbox[roadtrip]\" target=\"_blank\" href=\"http:\/\/www.schoene-nachrichten.de\/wp-content\/uploads\/2007\/07\/070709_Fest_03.jpg\" title=\"Foto: Max Colin Heydenreich\"><img decoding=\"async\" width=\"128\" src=\"http:\/\/www.schoene-nachrichten.de\/wp-content\/uploads\/2007\/07\/070709_Fest_03.thumbnail.jpg\" alt=\"070709_Fest_03.jpg\" \/><\/a><\/p>\n<p><a rel=\"lightbox[roadtrip]\" target=\"_blank\" href=\"http:\/\/www.schoene-nachrichten.de\/wp-content\/uploads\/2007\/07\/070709_Fest_04.jpg\" title=\"Foto: Max Colin Heydenreich\"><img decoding=\"async\" width=\"128\" src=\"http:\/\/www.schoene-nachrichten.de\/wp-content\/uploads\/2007\/07\/070709_Fest_04.thumbnail.jpg\" alt=\"070709_Fest_04.jpg\" \/><\/a>\u00c2\u00a0<a rel=\"lightbox[roadtrip]\" target=\"_blank\" href=\"http:\/\/www.schoene-nachrichten.de\/wp-content\/uploads\/2007\/07\/070709_Fest_06.jpg\" title=\"Foto: Max Colin Heydenreich\"><img decoding=\"async\" width=\"128\" src=\"http:\/\/www.schoene-nachrichten.de\/wp-content\/uploads\/2007\/07\/070709_Fest_06.thumbnail.jpg\" alt=\"070709_Fest_06.jpg\" \/><\/a> <a rel=\"lightbox[roadtrip]\" target=\"_blank\" href=\"http:\/\/www.schoene-nachrichten.de\/wp-content\/uploads\/2007\/07\/070709_Fest_07.jpg\" title=\"Foto: Max Colin Heydenreich\"><img decoding=\"async\" width=\"128\" src=\"http:\/\/www.schoene-nachrichten.de\/wp-content\/uploads\/2007\/07\/070709_Fest_07.thumbnail.jpg\" alt=\"070709_Fest_07.jpg\" \/><\/a>\u00c2\u00a0<\/p>\n<p>Am Freitag, 27.07. wird\u00c2\u00a0\u00c2\u00a0 Schirmherr Oberb\u00fcrgermeister Gerhard M\u00f6ller um 20.00 Uhr das Sch\u00fctzen- und Volksfest mit dem offiziellen Fassanstich im Biergarten &#8220;Altes Brathaus&#8221; er\u00f6ffnen. Um 22.15 Uhr ist das Er\u00f6ffnungsfeuerwerk geplant.\u00c2\u00a0 Am Samstag, dem 28.07., findet um 18.30 Uhr die Proklamation der Sch\u00fctzenk\u00f6nigin im Ehrenhof des Stadtschlosses statt mit anschlie\u00dfendem Festzug zum Festplatz. Am Montag steht ab 19.00 Uhr \u201eLadies Night\u201c auf dem Programm. Damen zahlen an allen Fahr- und Laufgesch\u00e4ften nur 1\u00e2\u201a\u00ac Eintritt.<\/p>\n<p><a rel=\"lightbox[roadtrip]\" target=\"_blank\" href=\"http:\/\/www.schoene-nachrichten.de\/wp-content\/uploads\/2007\/07\/070709_Fest_11.jpg\" title=\"Foto: Max Colin Heydenreich\"><img decoding=\"async\" width=\"128\" src=\"http:\/\/www.schoene-nachrichten.de\/wp-content\/uploads\/2007\/07\/070709_Fest_11.thumbnail.jpg\" alt=\"070709_Fest_11.jpg\" \/><\/a> <a rel=\"lightbox[roadtrip]\" target=\"_blank\" href=\"http:\/\/www.schoene-nachrichten.de\/wp-content\/uploads\/2007\/07\/070709_Fest_12.jpg\" title=\"Foto: Max Colin Heydenreich\"><img decoding=\"async\" width=\"128\" src=\"http:\/\/www.schoene-nachrichten.de\/wp-content\/uploads\/2007\/07\/070709_Fest_12.thumbnail.jpg\" alt=\"070709_Fest_12.jpg\" \/><\/a> <a rel=\"lightbox[roadtrip]\" target=\"_blank\" href=\"http:\/\/www.schoene-nachrichten.de\/wp-content\/uploads\/2007\/07\/070709_Fest_15.jpg\" title=\"Foto: Max Colin Heydenreich\"><img decoding=\"async\" width=\"128\" src=\"http:\/\/www.schoene-nachrichten.de\/wp-content\/uploads\/2007\/07\/070709_Fest_15.thumbnail.jpg\" alt=\"070709_Fest_15.jpg\" \/><\/a><\/p>\n<p>Am Donnerstag, 02.08., 14.00 Uhr findet ab 15.00 Uhr der Seniorennachmittag im Biergarten &#8220;Altes Brathaus&#8221; statt. Und am Freitag, 03.08. gibt es um 22.15 Uhr ein gro\u00dfes Brilliant-H\u00f6hen-Feuerwerkmit musikalischer Untermalung. Mehr Infos unter <a target=\"_blank\" href=\"http:\/\/www.schuetzenfest-fulda.de\/\">http:\/\/www.schuetzenfest-fulda.de\/<\/a><\/p>\n","protected":false},"excerpt":{"rendered":"<div class=\"tmnf_excerpt\"><p>Sch\u00f6nes aus Fulda. In 18 Tagen beginnt das Sch\u00fctzen- und Volksfest in Fulda. Vom 27. Juli bis zum 8. August erwarten die Veranstalter wieder mehr als 100.000 Besucher auf der Ochsenwiese. Schirmherr der Veranstaltung ist Oberb\u00fcrgermeister Gerhard M\u00f6ller. Generalunternehmer ist die renommierte Schaustellerfamilie Distel aus M\u00fcnchen. Heiner Distel und Mitglieder des Fuldaer Sch\u00fctzenvereins stellten w\u00e4hrend &hellip;<\/p>\n<\/div>","protected":false},"author":1,"featured_media":0,"comment_status":"closed","ping_status":"closed","sticky":false,"template":"","format":"standard","meta":{"footnotes":""},"categories":[1,37,44],"tags":[],"class_list":["post-4115","post","type-post","status-publish","format-standard","hentry","category-startseite","category-essen-und-trinken","category-kultur"],"_links":{"self":[{"href":"https:\/\/www.fuldaernachrichten.de\/index.php?rest_route=\/wp\/v2\/posts\/4115","targetHints":{"allow":["GET"]}}],"collection":[{"href":"https:\/\/www.fuldaernachrichten.de\/index.php?rest_route=\/wp\/v2\/posts"}],"about":[{"href":"https:\/\/www.fuldaernachrichten.de\/index.php?rest_route=\/wp\/v2\/types\/post"}],"author":[{"embeddable":true,"href":"https:\/\/www.fuldaernachrichten.de\/index.php?rest_route=\/wp\/v2\/users\/1"}],"replies":[{"embeddable":true,"href":"https:\/\/www.fuldaernachrichten.de\/index.php?rest_route=%2Fwp%2Fv2%2Fcomments&post=4115"}],"version-history":[{"count":0,"href":"https:\/\/www.fuldaernachrichten.de\/index.php?rest_route=\/wp\/v2\/posts\/4115\/revisions"}],"wp:attachment":[{"href":"https:\/\/www.fuldaernachrichten.de\/index.php?rest_route=%2Fwp%2Fv2%2Fmedia&parent=4115"}],"wp:term":[{"taxonomy":"category","embeddable":true,"href":"https:\/\/www.fuldaernachrichten.de\/index.php?rest_route=%2Fwp%2Fv2%2Fcategories&post=4115"},{"taxonomy":"post_tag","embeddable":true,"href":"https:\/\/www.fuldaernachrichten.de\/index.php?rest_route=%2Fwp%2Fv2%2Ftags&post=4115"}],"curies":[{"name":"wp","href":"https:\/\/api.w.org\/{rel}","templated":true}]}}