{"id":41117,"date":"2009-10-07T06:02:03","date_gmt":"2009-10-07T04:02:03","guid":{"rendered":"http:\/\/www.schoene-nachrichten.de\/?p=41117"},"modified":"2009-10-07T09:03:13","modified_gmt":"2009-10-07T07:03:13","slug":"verbandstag-des-hessischen-behinderten-und-rehabilitations-sportverbands-gesicht-zeigen-und-menschen-begeistern","status":"publish","type":"post","link":"https:\/\/www.fuldaernachrichten.de\/?p=41117","title":{"rendered":"Verbandstag des Hessischen Behinderten- und Rehabilitations-Sportverbands &#8211; \u201eGesicht zeigen und Menschen begeistern\u201c"},"content":{"rendered":"<p><strong>Fulda. <\/strong>Der Sport f\u00fcr Menschen mit Behinderung wird eine rot-blaue Zukunft haben. Das legt zumindest das neue Logo des Hessischen Behinderten- und Rehabilitations-Sportverbands (HBRS) nahe. Es zeigt zwischen drei senkrechten blauen Strichen ein rotes, leicht schr\u00e4g gestelltes Ausrufezeichen. \u201eDas Rot symbolisiert nicht nur f\u00fcr die Landesfarbe, sondern auch Bewegung, Dynamik, Aktion\u201c, sagte Gerhard Knapp. Blau stehe f\u00fcr den rationalen Aspekt. \u201eDieses Logo soll symbolisieren, dass jeder Mensch ein wertvoller Teil unserer Gesellschaft ist.\u201c Der Pr\u00e4sident des HBRS erl\u00e4uterte das neue Signet am Wochenende auf dem 19. Ordentlichen Verbandstag &#8211; und stand den Delegierten Rede und Antwort \u00fcber die Arbeit der vergangenen vier Jahre. <!--more--><\/p>\n<p>Weil gemeinsamer Sport auch das Leben von Menschen ohne Behinderung bereichere, seien alle in die Sportfamilie des HBRS eingeladen, sagte Gerhard Knapp. Der Verband biete ein breites Angebot vom Reha- \u00fcber den Jugend- und Breitensport bis hin zum Spitzensport. \u201eWir m\u00f6chten Menschen begeistern: Sportinteressierte, Talente, ehrenamtliche Helfer, Trainer, \u00c4rzte, Freunde, Partner, F\u00f6rderer.\u201c Er betonte aber auch, dass sich der Verband noch weiter \u00f6ffnen wolle. \u201eWir m\u00fcssen ein Gesicht zeigen und den Sport und die Leistung der Sportler noch mehr in die \u00d6ffentlichkeit bringen.\u201c<\/p>\n<p>Dass man auf diesem Weg bereits beachtliche Fortschritte erzielt habe, zeige schon die G\u00e4steliste: Neben zahlreichen Vertretern anderer Organisationen begr\u00fc\u00dfte Gerhard Knapp den Referatsleiter aus dem Ministerium des Innern und f\u00fcr Sport, Lothar R\u00e4cke. Mit dem Ministerium habe man den gr\u00f6\u00dften F\u00f6rderer f\u00fcr Sport f\u00fcr Menschen mit Behinderung in Hessen. \u201eOhne die tatkr\u00e4ftige Unterst\u00fctzung der Landesregierung seien viele Projekte nicht realisierbar\u201c, so Knapp.<\/p>\n<p>Der diesj\u00e4hrige Verbandstag des HBRS stand unter dem Motto \u201eZeichen setzen. Demografischer Wandel als Herausforderung und Chance\u201c. Zu diesem Thema hielt Prof. Dr. Edgar Beckers den Fachvortrag. Seine These: Die Tatsache, dass der Anteil \u00e4lterer Menschen in den kommenden Jahrzehnten deutlich steigen wird, ist ein weiterer Grund, kompetente Netzwerke zu kn\u00fcpfen. Mit ihnen k\u00f6nne der Sport f\u00fcr Menschen mit Behinderung in Zukunft die Angebote schaffen, die gefragt seien. Sport und Bewegung biete dann einer \u00e4lter werdenden Gesellschaft die M\u00f6glichkeit einer sinnerf\u00fcllten Lebensf\u00fchrung, bei der es nicht nur um Leistung gehe, sondern auch um Ausgleich, Gesundheit, Geselligkeit.<\/p>\n<p>Dem stimmte Gerhard Knapp zu. Anliegen des HBRS sei es deshalb, sich gut zu vernetzen, sinnvolle Kooperationen zu suchen. \u201eWir m\u00f6chten verst\u00e4rkt mit Partnern zusammenarbeiten, die uns in unserer Arbeit unterst\u00fctzen.\u201c \u00dcberdies sprach sich der Verbandspr\u00e4sident f\u00fcr ein neues Wir-Gef\u00fchl aus. Eine besondere Rolle spielten dabei die ehrenamtlichen Mitarbeiter und Mitarbeiterinnen. Ihnen dankte der Pr\u00e4sident ausdr\u00fccklich f\u00fcr ihren Einsatz.<\/p>\n<p>Die Delegierten wiederum zeigten sich mit der Verbandsarbeit durchweg zufrieden. Sie best\u00e4tigten ihren Pr\u00e4sidenten auch f\u00fcr die kommenden vier Jahre in seinem Amt. Ins Pr\u00e4sidium wurde \u00fcberdies Heinrich-Heinz Wagner als Vizepr\u00e4sident gew\u00e4hlt. Hans-J\u00f6rg Klaudy ist Landesschatzmeister, Harry Apelt Landessportwart, William Sonnenberg Landeslehrwart. Reinhard K\u00fcper wird als Landessportarzt f\u00fcr den Breiten- und Leistungssport fungieren, Dr. Klaus Edel als Landessportarzt f\u00fcr Pr\u00e4ventions- und Rehabilitationssport. Annegret M\u00fcller ist Landesfrauenbeauftragte. Anita Maier wurde als Landesjugendwartin in ihrem Amt best\u00e4tigt.<\/p>\n","protected":false},"excerpt":{"rendered":"<div class=\"tmnf_excerpt\"><p>Fulda. Der Sport f\u00fcr Menschen mit Behinderung wird eine rot-blaue Zukunft haben. Das legt zumindest das neue Logo des Hessischen Behinderten- und Rehabilitations-Sportverbands (HBRS) nahe. Es zeigt zwischen drei senkrechten blauen Strichen ein rotes, leicht schr\u00e4g gestelltes Ausrufezeichen. \u201eDas Rot symbolisiert nicht nur f\u00fcr die Landesfarbe, sondern auch Bewegung, Dynamik, Aktion\u201c, sagte Gerhard Knapp. Blau &hellip;<\/p>\n<\/div>","protected":false},"author":1,"featured_media":0,"comment_status":"closed","ping_status":"closed","sticky":false,"template":"","format":"standard","meta":{"footnotes":""},"categories":[1,44,29,46],"tags":[],"class_list":["post-41117","post","type-post","status-publish","format-standard","hentry","category-startseite","category-kultur","category-politik","category-sport"],"_links":{"self":[{"href":"https:\/\/www.fuldaernachrichten.de\/index.php?rest_route=\/wp\/v2\/posts\/41117","targetHints":{"allow":["GET"]}}],"collection":[{"href":"https:\/\/www.fuldaernachrichten.de\/index.php?rest_route=\/wp\/v2\/posts"}],"about":[{"href":"https:\/\/www.fuldaernachrichten.de\/index.php?rest_route=\/wp\/v2\/types\/post"}],"author":[{"embeddable":true,"href":"https:\/\/www.fuldaernachrichten.de\/index.php?rest_route=\/wp\/v2\/users\/1"}],"replies":[{"embeddable":true,"href":"https:\/\/www.fuldaernachrichten.de\/index.php?rest_route=%2Fwp%2Fv2%2Fcomments&post=41117"}],"version-history":[{"count":3,"href":"https:\/\/www.fuldaernachrichten.de\/index.php?rest_route=\/wp\/v2\/posts\/41117\/revisions"}],"predecessor-version":[{"id":41120,"href":"https:\/\/www.fuldaernachrichten.de\/index.php?rest_route=\/wp\/v2\/posts\/41117\/revisions\/41120"}],"wp:attachment":[{"href":"https:\/\/www.fuldaernachrichten.de\/index.php?rest_route=%2Fwp%2Fv2%2Fmedia&parent=41117"}],"wp:term":[{"taxonomy":"category","embeddable":true,"href":"https:\/\/www.fuldaernachrichten.de\/index.php?rest_route=%2Fwp%2Fv2%2Fcategories&post=41117"},{"taxonomy":"post_tag","embeddable":true,"href":"https:\/\/www.fuldaernachrichten.de\/index.php?rest_route=%2Fwp%2Fv2%2Ftags&post=41117"}],"curies":[{"name":"wp","href":"https:\/\/api.w.org\/{rel}","templated":true}]}}