{"id":41045,"date":"2009-10-07T05:17:29","date_gmt":"2009-10-07T03:17:29","guid":{"rendered":"http:\/\/www.schoene-nachrichten.de\/?p=41045"},"modified":"2009-10-07T09:17:44","modified_gmt":"2009-10-07T07:17:44","slug":"aus-und-weiterbildungskonzept-der-aenne-und-konrad-geisel-schule-bietet-viele-moeglichkeiten","status":"publish","type":"post","link":"https:\/\/www.fuldaernachrichten.de\/?p=41045","title":{"rendered":"Aus- und Weiterbildungskonzept der Aenne-und-Konrad-Geisel-Schule bietet viele M\u00f6glichkeiten"},"content":{"rendered":"<p><strong>Vogelsbergkreis.<\/strong> 17 Altenpflegerinnen und Altenpfleger haben vor Kurzem ihre Pr\u00fcfung bestanden und damit ihre dreij\u00e4hrige Ausbildung beendet. Landrat Rudolf Marx gratulierte den neuen Pflegefachkr\u00e4ften herzlich. Der nun beendete Kurs war der 33. in der Geschichte der Aenne-und-Konrad-Geisel-Schule und der vierte Kurs, der nach dem bundeseinheitlichen Altenpflegegesetz ausgebildet und unter ver\u00e4nderten Pr\u00fcfungsmodalit\u00e4ten gepr\u00fcft wurde.<\/p>\n<p><a href=\"http:\/\/www.schoene-nachrichten.de\/wp-content\/uploads\/2009\/10\/33_1.jpg\"><img decoding=\"async\" class=\"alignnone size-thumbnail wp-image-41046\" title=\"Foto: Pressestelle Vogelsbergkreis\" src=\"http:\/\/www.schoene-nachrichten.de\/wp-content\/uploads\/2009\/10\/33_1-265x141.jpg\" alt=\"Foto: Pressestelle Vogelsbergkreis\" width=\"265\" height=\"141\" srcset=\"https:\/\/www.fuldaernachrichten.de\/wp-content\/uploads\/2009\/10\/33_1-265x141.jpg 265w, https:\/\/www.fuldaernachrichten.de\/wp-content\/uploads\/2009\/10\/33_1-1024x545.jpg 1024w, https:\/\/www.fuldaernachrichten.de\/wp-content\/uploads\/2009\/10\/33_1.jpg 1126w\" sizes=\"(max-width: 265px) 100vw, 265px\" \/><\/a> <a href=\"http:\/\/www.schoene-nachrichten.de\/wp-content\/uploads\/2009\/10\/33_2.jpg\"><img decoding=\"async\" class=\"alignnone size-thumbnail wp-image-41047\" title=\"Foto: Pressestelle Vogelsbergkreis\" src=\"http:\/\/www.schoene-nachrichten.de\/wp-content\/uploads\/2009\/10\/33_2-265x176.jpg\" alt=\"Foto: Pressestelle Vogelsbergkreis\" width=\"265\" height=\"176\" srcset=\"https:\/\/www.fuldaernachrichten.de\/wp-content\/uploads\/2009\/10\/33_2-265x176.jpg 265w, https:\/\/www.fuldaernachrichten.de\/wp-content\/uploads\/2009\/10\/33_2.jpg 899w\" sizes=\"(max-width: 265px) 100vw, 265px\" \/><\/a><!--more--><\/p>\n<p><strong>Erfolgreiche Ausbildung<\/strong><\/p>\n<p>Bereits zum sechsten Mal wurde dar\u00fcber hinaus auch ein einj\u00e4hriger Kurs &#8220;Altenpflegerhelfer\/in&#8221; abgeschlossen. Hier waren weitere f\u00fcnf M\u00e4nner und Frauen erfolgreich. Sie haben nun die Chance, die dreij\u00e4hrige Fachausbildung zu absolvieren, die ansonsten einen mittleren Bildungsabschluss voraussetzt.<\/p>\n<p>Landrat Marx ermutigte die jungen Leute, sich stets ihrer hohen Verantwortung gegen\u00fcber den ihnen anvertrauten alten Mitmenschen bewusst zu sein. Der Landrat, der auch Vorsitzender des Vereins f\u00fcr Berufsausbildung ist, lobte die hohe Qualit\u00e4t der Ausbildung in der Altenpflegeschule, die eine gute Grundlage f\u00fcr einen erfolgreich ausge\u00fcbten Beruf darstelle.<br \/>\n<strong><br \/>\nFolgende Teilnehmerinnen und Teilnehmer des 33. Kurses haben die Pr\u00fcfung zur\/zum staatlich anerkannten Altenpflegerin\/-pfleger bestanden:<\/strong><\/p>\n<p>Stefanie Bender (Lauterbach), Christian Manfred Bieger (Schotten), Elena Grin (Alsfeld), Sonja Maria G\u00fcnther (Grebenhain), Katja Libmann (Wartenberg), Shanna Meier (Nieder-Ohmen), Kathrin Nink (Schwalmstadt), Krystyna Maria Poletek (Alsfeld), Sandra Katharina Retzlaff (Lauterbach), Dennis Sendatzki (Eichenzell), Stefanie Schenk (Eifa), Karolina Schmidt (Erksdorf), Urike Tomaschewski (Gem\u00fcnden), Nicole Ulrich (M\u00fccke), Sywia Krystyna Urbanczyk (Grebenau), Valeriya Yaroshevich (Alsfeld), Malwina Katharina Zurek (Alsfeld).<\/p>\n<p>Die einj\u00e4hrige Ausbildung zum\/zur Altenpflegerhelfer\/in haben erfolgreich absolviert:<\/p>\n<p>Sarah Becker (Schlitz), Thomas Baldauf (Lauterbach), Silke Sydne Heilmann (Schlitz), Tatjana Rinke (Lauterbach), Kanjana Yeram-Stoppel (Gr\u00fcnberg).<\/p>\n<p>Wer sich f\u00fcr die Angebote der Altenpflegeschule interessiert, kann anrufen unter Telefon 06631 \/ 1320 oder sich im Internet informieren:<a href=\"http:\/\/www.pflege-schule.de\" target=\"_blank\"> www.pflege-schule.de<\/a>.<\/p>\n","protected":false},"excerpt":{"rendered":"<div class=\"tmnf_excerpt\"><p>Vogelsbergkreis. 17 Altenpflegerinnen und Altenpfleger haben vor Kurzem ihre Pr\u00fcfung bestanden und damit ihre dreij\u00e4hrige Ausbildung beendet. Landrat Rudolf Marx gratulierte den neuen Pflegefachkr\u00e4ften herzlich. Der nun beendete Kurs war der 33. in der Geschichte der Aenne-und-Konrad-Geisel-Schule und der vierte Kurs, der nach dem bundeseinheitlichen Altenpflegegesetz ausgebildet und unter ver\u00e4nderten Pr\u00fcfungsmodalit\u00e4ten gepr\u00fcft wurde.<\/p>\n<\/div>","protected":false},"author":1,"featured_media":0,"comment_status":"closed","ping_status":"closed","sticky":false,"template":"","format":"standard","meta":{"footnotes":""},"categories":[1,53,51,29],"tags":[],"class_list":["post-41045","post","type-post","status-publish","format-standard","hentry","category-startseite","category-bildung","category-medizin","category-politik"],"_links":{"self":[{"href":"https:\/\/www.fuldaernachrichten.de\/index.php?rest_route=\/wp\/v2\/posts\/41045","targetHints":{"allow":["GET"]}}],"collection":[{"href":"https:\/\/www.fuldaernachrichten.de\/index.php?rest_route=\/wp\/v2\/posts"}],"about":[{"href":"https:\/\/www.fuldaernachrichten.de\/index.php?rest_route=\/wp\/v2\/types\/post"}],"author":[{"embeddable":true,"href":"https:\/\/www.fuldaernachrichten.de\/index.php?rest_route=\/wp\/v2\/users\/1"}],"replies":[{"embeddable":true,"href":"https:\/\/www.fuldaernachrichten.de\/index.php?rest_route=%2Fwp%2Fv2%2Fcomments&post=41045"}],"version-history":[{"count":3,"href":"https:\/\/www.fuldaernachrichten.de\/index.php?rest_route=\/wp\/v2\/posts\/41045\/revisions"}],"predecessor-version":[{"id":41141,"href":"https:\/\/www.fuldaernachrichten.de\/index.php?rest_route=\/wp\/v2\/posts\/41045\/revisions\/41141"}],"wp:attachment":[{"href":"https:\/\/www.fuldaernachrichten.de\/index.php?rest_route=%2Fwp%2Fv2%2Fmedia&parent=41045"}],"wp:term":[{"taxonomy":"category","embeddable":true,"href":"https:\/\/www.fuldaernachrichten.de\/index.php?rest_route=%2Fwp%2Fv2%2Fcategories&post=41045"},{"taxonomy":"post_tag","embeddable":true,"href":"https:\/\/www.fuldaernachrichten.de\/index.php?rest_route=%2Fwp%2Fv2%2Ftags&post=41045"}],"curies":[{"name":"wp","href":"https:\/\/api.w.org\/{rel}","templated":true}]}}