{"id":40982,"date":"2009-10-06T05:45:56","date_gmt":"2009-10-06T03:45:56","guid":{"rendered":"http:\/\/www.schoene-nachrichten.de\/?p=40982"},"modified":"2009-10-06T08:31:18","modified_gmt":"2009-10-06T06:31:18","slug":"klares-ja-zu-europa-barbara-weiler-irland-hat-den-starken-partner-gewaehlt","status":"publish","type":"post","link":"https:\/\/www.fuldaernachrichten.de\/?p=40982","title":{"rendered":"Klares \u201eJa\u201c zu Europa &#8211; BARBARA WEILER: \u201eIrland hat den starken Partner gew\u00e4hlt\u201c"},"content":{"rendered":"<p><a href=\"http:\/\/www.schoene-nachrichten.de\/wp-content\/uploads\/2009\/10\/Foto-Barbara-Weiler.jpg\"><img fetchpriority=\"high\" decoding=\"async\" class=\"alignnone size-thumbnail wp-image-40983\" title=\"Foto-Barbara-Weiler\" src=\"http:\/\/www.schoene-nachrichten.de\/wp-content\/uploads\/2009\/10\/Foto-Barbara-Weiler-265x375.jpg\" alt=\"Foto-Barbara-Weiler\" hspace=\"5\" width=\"265\" height=\"375\" align=\"left\" srcset=\"https:\/\/www.fuldaernachrichten.de\/wp-content\/uploads\/2009\/10\/Foto-Barbara-Weiler-265x375.jpg 265w, https:\/\/www.fuldaernachrichten.de\/wp-content\/uploads\/2009\/10\/Foto-Barbara-Weiler.jpg 424w\" sizes=\"(max-width: 265px) 100vw, 265px\" \/><\/a><strong>Br\u00fcssel\/Kassel. <\/strong>Das Ergebnis ist eindeutig. \u201eDie Iren haben eingesehen, dass in schwierigen Zeiten die Solidarit\u00e4t einer starken Gemeinschaft hilfreich und sinnvoll ist\u201c, freut sich die SPD-Europaabgeordnete BARBARA WEILER \u00fcber das eindeutige \u201eJa\u201c Irlands zum Vertrag von Lissabon.<!--more--><\/p>\n<p><strong>Europa-Bef\u00fcrworter<\/strong><\/p>\n<p>Dass die pro-europ\u00e4ischen Kr\u00e4fte sich in Irland durchgesetzt haben, erf\u00fclle sie mit Zuversicht, so die nord- und osthessische Abgeordnete. Die Wirt-schafts- und Finanzkrise habe schlie\u00dflich sogar den Skeptikern in Irland den Wert einer solidarischen EU aufgezeigt. Die notwendige Reform der Europ\u00e4i-schen Union sei mit diesem Votum ein entscheidendes St\u00fcck n\u00e4her ger\u00fcckt. Nun gelte es f\u00fcr alle Europa-Bef\u00fcrworter, Irlands Beispiel zu folgen und f\u00fcr ihre \u00dcberzeugung einzustehen. \u201eMit ihrer Entscheidung haben die Iren den Weg frei gemacht f\u00fcr ein starkes Europa, das sich den Herausforderungen des 21. Jahrhunderts stellen kann\u201c, betont die Parlamentarierin<\/p>\n<p>Die Zustimmung der Iren erh\u00f6ht den Druck auf den europaskeptischen, kon-servativen Staatspr\u00e4sidenten Tschechiens, Vaclav Klaus. Obwohl beide par-lamentarische Kammern in Tschechien l\u00e4ngst \u201eJa\u201c zum Reformvertrag gesagt haben, verweigert das Staatsoberhaupt immer noch seine Unterschrift und legt damit ein unparlamentarisches und undemokratisches Verhalten an den Tag. \u201eDamit \u2013 nach zehn Jahren der Debatten \u2013 der Vertrag endlich in Kraft treten kann, muss Vaclav Klaus sofort von seiner Blockadehaltung abr\u00fccken\u201c, fordert BARBARA WEILER.<\/p>\n","protected":false},"excerpt":{"rendered":"<div class=\"tmnf_excerpt\"><p>Br\u00fcssel\/Kassel. Das Ergebnis ist eindeutig. \u201eDie Iren haben eingesehen, dass in schwierigen Zeiten die Solidarit\u00e4t einer starken Gemeinschaft hilfreich und sinnvoll ist\u201c, freut sich die SPD-Europaabgeordnete BARBARA WEILER \u00fcber das eindeutige \u201eJa\u201c Irlands zum Vertrag von Lissabon.<\/p>\n<\/div>","protected":false},"author":1,"featured_media":0,"comment_status":"closed","ping_status":"closed","sticky":false,"template":"","format":"standard","meta":{"footnotes":""},"categories":[1,29],"tags":[],"class_list":["post-40982","post","type-post","status-publish","format-standard","hentry","category-startseite","category-politik"],"_links":{"self":[{"href":"https:\/\/www.fuldaernachrichten.de\/index.php?rest_route=\/wp\/v2\/posts\/40982","targetHints":{"allow":["GET"]}}],"collection":[{"href":"https:\/\/www.fuldaernachrichten.de\/index.php?rest_route=\/wp\/v2\/posts"}],"about":[{"href":"https:\/\/www.fuldaernachrichten.de\/index.php?rest_route=\/wp\/v2\/types\/post"}],"author":[{"embeddable":true,"href":"https:\/\/www.fuldaernachrichten.de\/index.php?rest_route=\/wp\/v2\/users\/1"}],"replies":[{"embeddable":true,"href":"https:\/\/www.fuldaernachrichten.de\/index.php?rest_route=%2Fwp%2Fv2%2Fcomments&post=40982"}],"version-history":[{"count":3,"href":"https:\/\/www.fuldaernachrichten.de\/index.php?rest_route=\/wp\/v2\/posts\/40982\/revisions"}],"predecessor-version":[{"id":41007,"href":"https:\/\/www.fuldaernachrichten.de\/index.php?rest_route=\/wp\/v2\/posts\/40982\/revisions\/41007"}],"wp:attachment":[{"href":"https:\/\/www.fuldaernachrichten.de\/index.php?rest_route=%2Fwp%2Fv2%2Fmedia&parent=40982"}],"wp:term":[{"taxonomy":"category","embeddable":true,"href":"https:\/\/www.fuldaernachrichten.de\/index.php?rest_route=%2Fwp%2Fv2%2Fcategories&post=40982"},{"taxonomy":"post_tag","embeddable":true,"href":"https:\/\/www.fuldaernachrichten.de\/index.php?rest_route=%2Fwp%2Fv2%2Ftags&post=40982"}],"curies":[{"name":"wp","href":"https:\/\/api.w.org\/{rel}","templated":true}]}}