{"id":40924,"date":"2009-10-06T04:38:12","date_gmt":"2009-10-06T02:38:12","guid":{"rendered":"http:\/\/www.schoene-nachrichten.de\/?p=40924"},"modified":"2009-10-06T08:38:28","modified_gmt":"2009-10-06T06:38:28","slug":"jusos-huenfeld-stimmen-fuer-initiativantrag-spd-erneuern","status":"publish","type":"post","link":"https:\/\/www.fuldaernachrichten.de\/?p=40924","title":{"rendered":"Jusos H\u00fcnfeld stimmen f\u00fcr Initiativantrag &#8220;SPD erneuern&#8221;"},"content":{"rendered":"<p><strong>H\u00fcnfeld. <\/strong>Am 04. Oktober 2009 stimmten die Jusos H\u00fcnfeld auf ihrer Mitgliederversammlung einstimmig f\u00fcr den Initiativantrag \u201eSPD erneuern\u201c, der auf dem Bundesparteitag der SPD eingebracht wird. Die Jugendorganisation der SPD in H\u00fcnfeld m\u00f6chte mit ihrer Zustimmung deutlich machen, dass sie mit der konsequenten und \u00fcberzeugenden Abkehr von der Politik der Agenda 2010 einverstanden ist. Beschl\u00fcsse der letzten Jahre h\u00e4tten massive W\u00e4hlerabg\u00e4nge verursacht. Die Jusos sind sich bewusst, dass man verlorenes Vertrauen nicht von heute auf morgen zur\u00fcckgewinnen k\u00f6nne. Deshalb unterstreichen die Forderungen des Antrages nicht nur eine R\u00fcckkehr zu einem Programm der sozialenGerechtigkeit, sondern auch eine personelle und strukturelle Erneuerung. <!--more--><\/p>\n<p>Fehler wie die Rente mit 67 und Hartz VI m\u00fcssten genauso korrigiert werden, wie die Einf\u00fchrung von Netzsperren und ein Vorantreiben der Privatisierung der Deutschen Bahn AG. Ebenso fordern sie mehr innerparteiliche Demokratie, damit Entscheidungen in Zukunft auch an der Basis und nicht nur an der Spitze stattfinden. Die SPD m\u00fcsse ihre Rolle als Oppositionspartei nutzen, um sich programmatisch gegen\u00fcber den Gr\u00fcnen und der Partei &#8220;Die Linke&#8221; zu profilieren. In Zukunft m\u00fcsse sich die SPD auch gegen\u00fcber Koalitionen mit der Partei &#8220;Die Linke&#8221; auf einem vern\u00fcnftigen Wege auseinandersetzen, damit linke Themen in einer Regierung \u00fcberhaupt Tr\u00e4ger finden. Den gesamten Text im Wortlaut findet man auf der Internetpr\u00e4senz der Jusos H\u00fcnfeld.<\/p>\n<p><a href=\"http:\/\/www.jusos-huenfeld.de\" target=\"_blank\">www.jusos-huenfeld.de<\/a><\/p>\n","protected":false},"excerpt":{"rendered":"<div class=\"tmnf_excerpt\"><p>H\u00fcnfeld. Am 04. Oktober 2009 stimmten die Jusos H\u00fcnfeld auf ihrer Mitgliederversammlung einstimmig f\u00fcr den Initiativantrag \u201eSPD erneuern\u201c, der auf dem Bundesparteitag der SPD eingebracht wird. Die Jugendorganisation der SPD in H\u00fcnfeld m\u00f6chte mit ihrer Zustimmung deutlich machen, dass sie mit der konsequenten und \u00fcberzeugenden Abkehr von der Politik der Agenda 2010 einverstanden ist. Beschl\u00fcsse &hellip;<\/p>\n<\/div>","protected":false},"author":1,"featured_media":0,"comment_status":"closed","ping_status":"closed","sticky":false,"template":"","format":"standard","meta":{"footnotes":""},"categories":[1,29],"tags":[],"class_list":["post-40924","post","type-post","status-publish","format-standard","hentry","category-startseite","category-politik"],"_links":{"self":[{"href":"https:\/\/www.fuldaernachrichten.de\/index.php?rest_route=\/wp\/v2\/posts\/40924","targetHints":{"allow":["GET"]}}],"collection":[{"href":"https:\/\/www.fuldaernachrichten.de\/index.php?rest_route=\/wp\/v2\/posts"}],"about":[{"href":"https:\/\/www.fuldaernachrichten.de\/index.php?rest_route=\/wp\/v2\/types\/post"}],"author":[{"embeddable":true,"href":"https:\/\/www.fuldaernachrichten.de\/index.php?rest_route=\/wp\/v2\/users\/1"}],"replies":[{"embeddable":true,"href":"https:\/\/www.fuldaernachrichten.de\/index.php?rest_route=%2Fwp%2Fv2%2Fcomments&post=40924"}],"version-history":[{"count":3,"href":"https:\/\/www.fuldaernachrichten.de\/index.php?rest_route=\/wp\/v2\/posts\/40924\/revisions"}],"predecessor-version":[{"id":41017,"href":"https:\/\/www.fuldaernachrichten.de\/index.php?rest_route=\/wp\/v2\/posts\/40924\/revisions\/41017"}],"wp:attachment":[{"href":"https:\/\/www.fuldaernachrichten.de\/index.php?rest_route=%2Fwp%2Fv2%2Fmedia&parent=40924"}],"wp:term":[{"taxonomy":"category","embeddable":true,"href":"https:\/\/www.fuldaernachrichten.de\/index.php?rest_route=%2Fwp%2Fv2%2Fcategories&post=40924"},{"taxonomy":"post_tag","embeddable":true,"href":"https:\/\/www.fuldaernachrichten.de\/index.php?rest_route=%2Fwp%2Fv2%2Ftags&post=40924"}],"curies":[{"name":"wp","href":"https:\/\/api.w.org\/{rel}","templated":true}]}}