{"id":4091,"date":"2007-07-07T04:30:30","date_gmt":"2007-07-07T02:30:30","guid":{"rendered":"http:\/\/www.schoene-nachrichten.de\/?p=4091"},"modified":"2008-12-15T13:14:17","modified_gmt":"2008-12-15T12:14:17","slug":"jugendkathedralchor-gab-kostprobe-des-neuen-elisabeth-liedes","status":"publish","type":"post","link":"https:\/\/www.fuldaernachrichten.de\/?p=4091","title":{"rendered":"JugendKathedralchor gab &#8220;exklusive Kostprobe&#8221; des neuen &#8220;Elisabeth-Liedes&#8221;"},"content":{"rendered":"<p><strong>Sch\u00f6nes aus Fulda.<\/strong>\u00c2\u00a0Zum Gedenken an den 800. Geburtstag der Heiligen Elisabeth haben Ehrendomkapitular Hermann M\u00fchl und Domkapellmeister Franz-Peter Huber ein \u201eElisabeth-Lied\u201c kreiert. Der Text stammt von dem 81-j\u00e4hrigen M\u00fchl. F\u00fcr die Musik war Huber verantwortlich. Wer neugierig auf\u00c2\u00a0das Lied ist,\u00c2\u00a0bekommt hier eine Kostprobe. Der A-Chor des JugendKathedralchors hat exklusiv f\u00fcr &#8220;Sch\u00f6ne Nachrichten&#8221; gesungen. Der erste \u00f6ffentliche\u00c2\u00a0Auftritt\u00c2\u00a0ist anl\u00e4sslich\u00c2\u00a0eines Jubil\u00e4umsgottes-dienstes zum Geburtstag der Heiligen Elisabeth\u00c2\u00a0im\u00c2\u00a0August in Blankenau geplant.<\/p>\n<p><strong>Fotos (6) und Video:<\/strong> Max Colin Heydenreich<\/p>\n<p><strong>Video ansehen mit:<\/strong> <a target=\"_blank\" href=\"http:\/\/www.schoene-nachrichten.de\/wp-content\/uploads\/2007\/07\/070706_Huber.wmv\">Windows Media Player<\/a> oder <a target=\"_blank\" href=\"http:\/\/www.schoene-nachrichten.de\/Video\/070706_Huber.rmvb\">Real Media Player<\/a><\/p>\n<p><a rel=\"lightbox[roadtrip]\" target=\"_blank\" href=\"http:\/\/www.schoene-nachrichten.de\/wp-content\/uploads\/2007\/06\/070623_Lied_05.jpg\" title=\"Foto: Max Colin Heydenreich\"><img decoding=\"async\" width=\"128\" src=\"http:\/\/www.schoene-nachrichten.de\/wp-content\/uploads\/2007\/06\/070623_Lied_05.thumbnail.jpg\" alt=\"070623_Lied_05.jpg\" \/><\/a> <a rel=\"lightbox[roadtrip]\" target=\"_blank\" href=\"http:\/\/www.schoene-nachrichten.de\/wp-content\/uploads\/2007\/06\/070623_Lied_02.jpg\" title=\"Foto: Max Colin Heydenreich\"><img decoding=\"async\" width=\"128\" src=\"http:\/\/www.schoene-nachrichten.de\/wp-content\/uploads\/2007\/06\/070623_Lied_02.thumbnail.jpg\" alt=\"070623_Lied_02.jpg\" \/><\/a> <a rel=\"lightbox[roadtrip]\" target=\"_blank\" href=\"http:\/\/www.schoene-nachrichten.de\/wp-content\/uploads\/2007\/06\/070602_Chor_01.jpg\" title=\"Foto: Max Colin Heydenreich\"><img decoding=\"async\" width=\"128\" src=\"http:\/\/www.schoene-nachrichten.de\/wp-content\/uploads\/2007\/06\/070602_Chor_01.thumbnail.jpg\" alt=\"070602_Chor_01.jpg\" \/><\/a>\u00c2\u00a0<\/p>\n<p><a rel=\"lightbox[roadtrip]\" target=\"_blank\" href=\"http:\/\/www.schoene-nachrichten.de\/wp-content\/uploads\/2007\/06\/070602_Chor_09.jpg\" title=\"Foto: Max Colin Heydenreich\"><img decoding=\"async\" width=\"128\" src=\"http:\/\/www.schoene-nachrichten.de\/wp-content\/uploads\/2007\/06\/070602_Chor_09.thumbnail.jpg\" alt=\"070602_Chor_09.jpg\" \/><\/a>\u00c2\u00a0<a rel=\"lightbox[roadtrip]\" target=\"_blank\" href=\"http:\/\/www.schoene-nachrichten.de\/wp-content\/uploads\/2007\/06\/070623_Lied_06.jpg\" title=\"Foto: Max Colin Heydenreich\"><img decoding=\"async\" width=\"128\" src=\"http:\/\/www.schoene-nachrichten.de\/wp-content\/uploads\/2007\/06\/070623_Lied_06.thumbnail.jpg\" alt=\"070623_Lied_06.jpg\" \/><\/a>\u00c2\u00a0<a rel=\"lightbox[roadtrip]\" target=\"_blank\" href=\"http:\/\/www.schoene-nachrichten.de\/wp-content\/uploads\/2007\/06\/070602_Chor_18.jpg\" title=\"Foto: Max Colin Heydenreich\"><img decoding=\"async\" width=\"128\" src=\"http:\/\/www.schoene-nachrichten.de\/wp-content\/uploads\/2007\/06\/070602_Chor_18.thumbnail.jpg\" alt=\"070602_Chor_18.jpg\" \/><\/a><\/p>\n<p><!--more--><img decoding=\"async\" src=\"http:\/\/www.schoene-nachrichten.de\/wp-content\/uploads\/2007\/02\/x_sponsor.gif\" alt=\"x_sponsor.gif\" \/>[local \/wp-content\/uploads\/2007\/07\/070706_Huber.wmv]<\/p>\n","protected":false},"excerpt":{"rendered":"<div class=\"tmnf_excerpt\"><p>Sch\u00f6nes aus Fulda.\u00c2\u00a0Zum Gedenken an den 800. Geburtstag der Heiligen Elisabeth haben Ehrendomkapitular Hermann M\u00fchl und Domkapellmeister Franz-Peter Huber ein \u201eElisabeth-Lied\u201c kreiert. Der Text stammt von dem 81-j\u00e4hrigen M\u00fchl. F\u00fcr die Musik war Huber verantwortlich. Wer neugierig auf\u00c2\u00a0das Lied ist,\u00c2\u00a0bekommt hier eine Kostprobe. Der A-Chor des JugendKathedralchors hat exklusiv f\u00fcr &#8220;Sch\u00f6ne Nachrichten&#8221; gesungen. Der erste &hellip;<\/p>\n<\/div>","protected":false},"author":1,"featured_media":0,"comment_status":"closed","ping_status":"closed","sticky":false,"template":"","format":"standard","meta":{"footnotes":""},"categories":[1,79,50],"tags":[],"class_list":["post-4091","post","type-post","status-publish","format-standard","hentry","category-startseite","category-kino","category-kirche"],"_links":{"self":[{"href":"https:\/\/www.fuldaernachrichten.de\/index.php?rest_route=\/wp\/v2\/posts\/4091","targetHints":{"allow":["GET"]}}],"collection":[{"href":"https:\/\/www.fuldaernachrichten.de\/index.php?rest_route=\/wp\/v2\/posts"}],"about":[{"href":"https:\/\/www.fuldaernachrichten.de\/index.php?rest_route=\/wp\/v2\/types\/post"}],"author":[{"embeddable":true,"href":"https:\/\/www.fuldaernachrichten.de\/index.php?rest_route=\/wp\/v2\/users\/1"}],"replies":[{"embeddable":true,"href":"https:\/\/www.fuldaernachrichten.de\/index.php?rest_route=%2Fwp%2Fv2%2Fcomments&post=4091"}],"version-history":[{"count":1,"href":"https:\/\/www.fuldaernachrichten.de\/index.php?rest_route=\/wp\/v2\/posts\/4091\/revisions"}],"predecessor-version":[{"id":17437,"href":"https:\/\/www.fuldaernachrichten.de\/index.php?rest_route=\/wp\/v2\/posts\/4091\/revisions\/17437"}],"wp:attachment":[{"href":"https:\/\/www.fuldaernachrichten.de\/index.php?rest_route=%2Fwp%2Fv2%2Fmedia&parent=4091"}],"wp:term":[{"taxonomy":"category","embeddable":true,"href":"https:\/\/www.fuldaernachrichten.de\/index.php?rest_route=%2Fwp%2Fv2%2Fcategories&post=4091"},{"taxonomy":"post_tag","embeddable":true,"href":"https:\/\/www.fuldaernachrichten.de\/index.php?rest_route=%2Fwp%2Fv2%2Ftags&post=4091"}],"curies":[{"name":"wp","href":"https:\/\/api.w.org\/{rel}","templated":true}]}}