{"id":4084,"date":"2007-07-07T00:40:19","date_gmt":"2007-07-06T22:40:19","guid":{"rendered":"http:\/\/www.schoene-nachrichten.de\/?p=4084"},"modified":"2007-07-07T00:40:29","modified_gmt":"2007-07-06T22:40:29","slug":"bischof-algermissen-ernennt-dechanten","status":"publish","type":"post","link":"https:\/\/www.fuldaernachrichten.de\/?p=4084","title":{"rendered":"Bischof Algermissen ernennt Dechanten"},"content":{"rendered":"<p><strong>Sch\u00f6nes aus Fulda\/Hanau\/Kassel\/Marburg.<\/strong> Bischof Heinz Josef Algermissen hat unter W\u00fcrdigung der Wahlvorschl\u00e4ge der Priester und Diakone sowie der Pastoral- und Gemeindereferenten mit Wirkung zum 13. Juli die Dechanten der zehn neuen Dekanate und deren Stellvertreter ernannt. Die Amtszeit betr\u00e4gt sechs Jahre. Zum gleichen Zeitpunkt wurden die kommissarischen Dechanten, die seit dem 1. April im Amt waren, entpflichtet.<!--more--><\/p>\n<p>\u00c2\u00a0Zum Dechanten des <strong>Dekanats Eschwege-Bad Hersfeld<\/strong> wurde Pfarrer Mario Kawollek (Zu den Heiligen Aposteln, Eschwege\/Heuberg) ernannt, das Amt des Stellvertreters wird Pfarrer Christian Sack (St. Bonifatius, Bad Hersfeld) wahrnehmen.<\/p>\n<p>Zum Dechanten des <strong>Dekanats Fritzlar<\/strong> wurde Pfarrer Stefan Bott (Mariae Himmelfahrt, Melsungen) ernannt, das Amt des Stellvertreters wird Pfarrer Winfried Hahner (Christus-Epheta, Homberg) wahrnehmen.<\/p>\n<p>Zum Dechanten des <strong>Dekanats Fulda<\/strong> wurde Pfarrer Dr. Dagobert Vonderau (St. Lukas, Fulda) ernannt, das Amt des Stellvertreters wird Pfarrer Elmar Gurk (St. Elisabeth, Fulda) wahrnehmen.<\/p>\n<p>Zum Dechanten des <strong>Dekanats Hanau<\/strong> wurde Pfarrer Hans Dehm (St. Jakobus, Gro\u00dfauheim) ernannt, das Amt des Stellvertreters wird Pfarrer Andreas Weber (St. Elisabeth, Hanau) wahrnehmen.<\/p>\n<p>Zum Dechanten des <strong>Dekanats H\u00fcnfeld-Geisa<\/strong> wurde Pfarrer Markus Bl\u00fcmel (St. Georg, Eiterfeld) ernannt, das Amt des Stellvertreters wird Pfarrer Winfried Vogel (St. Matth\u00e4us, Steinbach) wahrnehmen.<\/p>\n<p>Zum Dechanten des <strong>Dekanats Kassel-Hofgeismar<\/strong> wurde Pfarrer Harald Fischer (St. Familia, Kassel) ernannt, das Amt des Stellvertreters wird Pfarrer Martin Sch\u00f6ppe (St. Peter, Hofgeismar) wahrnehmen.<\/p>\n<p>Zum Dechanten des <strong>Dekanats Kinzigtal<\/strong> wurde Pfarrer Stefan Bu\u00df (St. Bartholom\u00e4us, Freigericht-Bernbach) ernannt, das Amt des Stellvertreters wird Pfarrer Manfred Kopka (St. Paulus, Steinau) wahrnehmen.<\/p>\n<p>Zum Dechanten des <strong>Dekanats Marburg-Am\u00f6neburg<\/strong> wurde Pfarrer Franz Langstein (St. Johannes Ev., Marburg) ernannt, das Amt des Stellvertreters wird Pfarrer Monsignore Bernhard Klatt (St. Johannes der T\u00e4ufer, Am\u00f6neburg) wahrnehmen.<\/p>\n<p>Zum Dechanten des <strong>Dekanats Neuhof-Gro\u00dfenl\u00fcder<\/strong> wurde Pfarrer Markus G\u00fcnther (St. Georg, Gro\u00dfenl\u00fcder) ernannt, das Amt des Stellvertreters wird Pfarrer Thomas Maleja (St. Goar, Flieden) wahrnehmen.<\/p>\n<p>Zum Dechanten des <strong>Dekanats Rh\u00f6n<\/strong> wurde Pfarrer J\u00f6rg-Stefan Sch\u00fctz (St. Bonifatius, Weyhers) ernannt, das Amt des Stellvertreters wird Pfarrer Michael M\u00f6ller (St. Margareta, Margretenhaun) wahrnehmen. (bpf)<br \/>\n\u00c2\u00a0<\/p>\n","protected":false},"excerpt":{"rendered":"<div class=\"tmnf_excerpt\"><p>Sch\u00f6nes aus Fulda\/Hanau\/Kassel\/Marburg. Bischof Heinz Josef Algermissen hat unter W\u00fcrdigung der Wahlvorschl\u00e4ge der Priester und Diakone sowie der Pastoral- und Gemeindereferenten mit Wirkung zum 13. Juli die Dechanten der zehn neuen Dekanate und deren Stellvertreter ernannt. Die Amtszeit betr\u00e4gt sechs Jahre. Zum gleichen Zeitpunkt wurden die kommissarischen Dechanten, die seit dem 1. April im Amt &hellip;<\/p>\n<\/div>","protected":false},"author":1,"featured_media":0,"comment_status":"closed","ping_status":"closed","sticky":false,"template":"","format":"standard","meta":{"footnotes":""},"categories":[1,50],"tags":[],"class_list":["post-4084","post","type-post","status-publish","format-standard","hentry","category-startseite","category-kirche"],"_links":{"self":[{"href":"https:\/\/www.fuldaernachrichten.de\/index.php?rest_route=\/wp\/v2\/posts\/4084","targetHints":{"allow":["GET"]}}],"collection":[{"href":"https:\/\/www.fuldaernachrichten.de\/index.php?rest_route=\/wp\/v2\/posts"}],"about":[{"href":"https:\/\/www.fuldaernachrichten.de\/index.php?rest_route=\/wp\/v2\/types\/post"}],"author":[{"embeddable":true,"href":"https:\/\/www.fuldaernachrichten.de\/index.php?rest_route=\/wp\/v2\/users\/1"}],"replies":[{"embeddable":true,"href":"https:\/\/www.fuldaernachrichten.de\/index.php?rest_route=%2Fwp%2Fv2%2Fcomments&post=4084"}],"version-history":[{"count":0,"href":"https:\/\/www.fuldaernachrichten.de\/index.php?rest_route=\/wp\/v2\/posts\/4084\/revisions"}],"wp:attachment":[{"href":"https:\/\/www.fuldaernachrichten.de\/index.php?rest_route=%2Fwp%2Fv2%2Fmedia&parent=4084"}],"wp:term":[{"taxonomy":"category","embeddable":true,"href":"https:\/\/www.fuldaernachrichten.de\/index.php?rest_route=%2Fwp%2Fv2%2Fcategories&post=4084"},{"taxonomy":"post_tag","embeddable":true,"href":"https:\/\/www.fuldaernachrichten.de\/index.php?rest_route=%2Fwp%2Fv2%2Ftags&post=4084"}],"curies":[{"name":"wp","href":"https:\/\/api.w.org\/{rel}","templated":true}]}}