{"id":40799,"date":"2009-10-02T08:02:56","date_gmt":"2009-10-02T07:02:56","guid":{"rendered":"http:\/\/www.schoene-nachrichten.de\/?p=40799"},"modified":"2009-11-08T08:03:16","modified_gmt":"2009-11-08T07:03:16","slug":"dreijaehrige-modulreihe-fuer-pflegeltern-mit-zertifikatuebergabe-erfolgreich-beendet","status":"publish","type":"post","link":"https:\/\/www.fuldaernachrichten.de\/?p=40799","title":{"rendered":"Dreij\u00e4hrige Modulreihe f\u00fcr Pflegeltern mit Zertifikat\u00fcbergabe erfolgreich beendet"},"content":{"rendered":"<p><strong><a href=\"http:\/\/www.schoene-nachrichten.de\/wp-content\/uploads\/2009\/10\/090102_Pflegekinder.jpg\"><img decoding=\"async\" class=\"alignleft size-thumbnail wp-image-40800\" title=\"090102_Pflegekinder\" src=\"http:\/\/www.schoene-nachrichten.de\/wp-content\/uploads\/2009\/10\/090102_Pflegekinder-265x175.jpg\" alt=\"090102_Pflegekinder\" width=\"265\" height=\"175\" srcset=\"https:\/\/www.fuldaernachrichten.de\/wp-content\/uploads\/2009\/10\/090102_Pflegekinder-265x175.jpg 265w, https:\/\/www.fuldaernachrichten.de\/wp-content\/uploads\/2009\/10\/090102_Pflegekinder.jpg 592w\" sizes=\"(max-width: 265px) 100vw, 265px\" \/><\/a>Hofbieber &#8211; Mahlerts.<\/strong> Wissensvermittlung, fachlicher Austausch und pers\u00f6nliche Begegnungen standen im Mittelpunkt einer Fortbildungsreihe f\u00fcr Pflegeeltern, die am letzten Septemberwochenende mit einer Zertifikat\u00fcbergabe endete. Ziel der Fortbildung war es, den Pflegeltern fachliches Know how zu vermitteln, ihnen Unterst\u00fctzung und Hilfestellung bei der Alltagsbew\u00e4ltigung zu geben sowie den Entwicklungsprozess von Pflegeltern und Pflegekindern professionell zu begleiten.<!--more--><\/p>\n<p>Die von Monika Klenk-Bickel, systemische Familientherapeutin\/Supervisorin, und Eckard Budde, Gestaltpsychotherapeut\/Supervisor, in Zusammenarbeit mit dem Pflegekinderdienst des Landkreises Fulda konzipierte dreij\u00e4hrige modulartige Fortbildungsreihe startete im Jahr 2007 und wurde in dieser Form erstmalig vom Pflegekinderdienst und der Volkshochschule des Landkreises angeboten. Zum Teilnehmerkreis geh\u00f6rten elf Erwachsene und 14 (Pflege)Kinder.<\/p>\n<p>Die Teilnehmer trafen sich zweimal j\u00e4hrlich zu Fortbildungswochenenden in der Jugendbildungsst\u00e4tte \u201eRh\u00f6nhaus\u201c in Mahlerts. Unter der fachlichen Anleitung der Referenten wurden unter anderem die Themen Kommunikation, Gef\u00fchle, Ressourcen, Konfliktl\u00f6sungsstrategien, Trauma, Biografiearbeit und Abschied nehmen bearbeitet. Die Kinder, die von geschulten Teamern des Landkreises betreut wurden, setzten sich auf spielerische Weise mit den jeweiligen Themen auseinander.<\/p>\n<p>Referenten, Teilnehmer und Organisatoren waren mit der Modulreihe sehr zufrieden. Neben den aufeinander abgestimmten Inhalten hat aus Sicht der Experten vor allem die gemeinsam verbrachte Zeit zum Erfolg der Weiterbildung beigetragen. Die gemeinsamen Mahlzeiten, die \u00dcbernachtungen in der Jugendbildungsst\u00e4tte, der Austausch mit Gleichgesinnten habe die Gruppe schnell zusammenwachsen lassen und so ein vertrauensvolles Arbeiten erm\u00f6glicht.<\/p>\n<p>\u201eWir haben festgestellt, dass es sich lohnt, eine l\u00e4ngere Modulreihe anzubieten. Es entsteht viel Verbundenheit, das gemeinsame Erfahren und Erleben ist Basis f\u00fcr die intensive Weiterbildung\u201c, lautete das Res\u00fcmee der Referenten. F\u00fcr Gudrun N\u00fcchter und Matthias von Keitz vom Pflegekinderdienst des Landkreises war es besonders sch\u00f6n, die Entwicklung der Kinder mitzuerleben. \u201eDie Fortbildung war f\u00fcr uns alle eine inhaltliche und pers\u00f6nliche Bereicherung\u201c, unterstreicht Gudrun N\u00fcchter.<\/p>\n<p><a href=\"http:\/\/www.schoene-nachrichten.de\/wp-content\/uploads\/2009\/10\/091002_Pflegekinder1.jpg\"><img decoding=\"async\" class=\"alignnone size-thumbnail wp-image-40801\" title=\"091002_Pflegekinder1\" src=\"http:\/\/www.schoene-nachrichten.de\/wp-content\/uploads\/2009\/10\/091002_Pflegekinder1-265x175.jpg\" alt=\"091002_Pflegekinder1\" width=\"265\" height=\"175\" srcset=\"https:\/\/www.fuldaernachrichten.de\/wp-content\/uploads\/2009\/10\/091002_Pflegekinder1-265x175.jpg 265w, https:\/\/www.fuldaernachrichten.de\/wp-content\/uploads\/2009\/10\/091002_Pflegekinder1.jpg 592w\" sizes=\"(max-width: 265px) 100vw, 265px\" \/><\/a> <a href=\"http:\/\/www.schoene-nachrichten.de\/wp-content\/uploads\/2009\/10\/091002_Pflegekinder3.jpg\"><img decoding=\"async\" class=\"alignnone size-thumbnail wp-image-40802\" title=\"091002_Pflegekinder3\" src=\"http:\/\/www.schoene-nachrichten.de\/wp-content\/uploads\/2009\/10\/091002_Pflegekinder3-265x175.jpg\" alt=\"091002_Pflegekinder3\" width=\"265\" height=\"175\" srcset=\"https:\/\/www.fuldaernachrichten.de\/wp-content\/uploads\/2009\/10\/091002_Pflegekinder3-265x175.jpg 265w, https:\/\/www.fuldaernachrichten.de\/wp-content\/uploads\/2009\/10\/091002_Pflegekinder3.jpg 592w\" sizes=\"(max-width: 265px) 100vw, 265px\" \/><\/a>Diese Art der Fortbildung f\u00fcr Pflegeeltern ist laut Matthias von Keitz etwas Besonderes und nicht selbstverst\u00e4ndlich. Durch die Kosten\u00fcbernahme durch den Landkreis Fulda solle zun\u00e4chst einmal die bedeutungsvolle und wichtige Arbeit der Pflegeeltern gew\u00fcrdigt werden. Weiterhin sollten die Pflegeeltern durch diese thematisch abgestimmte Modulreihe eine wesentliche Unterst\u00fctzung f\u00fcr ihren erzieherischen und famili\u00e4ren Alltag erhalten.<\/p>\n<p>Fortbildungsangebote des Pflegekinderdienstes sind nur jedoch ein Instrument, um Pflegeeltern bei der Bew\u00e4ltigung des Alltags zu unterst\u00fctzen. Neben verschiedenen Seminarangeboten, der Begleitung durch Supervisionsgruppen und das st\u00e4ndige Beratungsangebot gibt es auch individuell abgestimmte Hilfsangebote.<\/p>\n<p>Interessierte, die sich \u00fcber die Herausforderung als Pflegeeltern und die Aufnahme eines Kindes informieren wollen, k\u00f6nnen sich beim Pflegekinderdienst des Landkreises Fulda melden. Ansprechpartner sind Matthias von Keitz und Gudrun N\u00fcchter unter den Telefonnummern 0661\/6006-372 und -445 beziehungsweise per E-Mail: pflegekinderdienst@landkreis-fulda.de .<\/p>\n","protected":false},"excerpt":{"rendered":"<div class=\"tmnf_excerpt\"><p>Hofbieber &#8211; Mahlerts. Wissensvermittlung, fachlicher Austausch und pers\u00f6nliche Begegnungen standen im Mittelpunkt einer Fortbildungsreihe f\u00fcr Pflegeeltern, die am letzten Septemberwochenende mit einer Zertifikat\u00fcbergabe endete. Ziel der Fortbildung war es, den Pflegeltern fachliches Know how zu vermitteln, ihnen Unterst\u00fctzung und Hilfestellung bei der Alltagsbew\u00e4ltigung zu geben sowie den Entwicklungsprozess von Pflegeltern und Pflegekindern professionell zu begleiten.<\/p>\n<\/div>","protected":false},"author":1,"featured_media":0,"comment_status":"closed","ping_status":"closed","sticky":false,"template":"","format":"standard","meta":{"footnotes":""},"categories":[1,51],"tags":[],"class_list":["post-40799","post","type-post","status-publish","format-standard","hentry","category-startseite","category-medizin"],"_links":{"self":[{"href":"https:\/\/www.fuldaernachrichten.de\/index.php?rest_route=\/wp\/v2\/posts\/40799","targetHints":{"allow":["GET"]}}],"collection":[{"href":"https:\/\/www.fuldaernachrichten.de\/index.php?rest_route=\/wp\/v2\/posts"}],"about":[{"href":"https:\/\/www.fuldaernachrichten.de\/index.php?rest_route=\/wp\/v2\/types\/post"}],"author":[{"embeddable":true,"href":"https:\/\/www.fuldaernachrichten.de\/index.php?rest_route=\/wp\/v2\/users\/1"}],"replies":[{"embeddable":true,"href":"https:\/\/www.fuldaernachrichten.de\/index.php?rest_route=%2Fwp%2Fv2%2Fcomments&post=40799"}],"version-history":[{"count":5,"href":"https:\/\/www.fuldaernachrichten.de\/index.php?rest_route=\/wp\/v2\/posts\/40799\/revisions"}],"predecessor-version":[{"id":44481,"href":"https:\/\/www.fuldaernachrichten.de\/index.php?rest_route=\/wp\/v2\/posts\/40799\/revisions\/44481"}],"wp:attachment":[{"href":"https:\/\/www.fuldaernachrichten.de\/index.php?rest_route=%2Fwp%2Fv2%2Fmedia&parent=40799"}],"wp:term":[{"taxonomy":"category","embeddable":true,"href":"https:\/\/www.fuldaernachrichten.de\/index.php?rest_route=%2Fwp%2Fv2%2Fcategories&post=40799"},{"taxonomy":"post_tag","embeddable":true,"href":"https:\/\/www.fuldaernachrichten.de\/index.php?rest_route=%2Fwp%2Fv2%2Ftags&post=40799"}],"curies":[{"name":"wp","href":"https:\/\/api.w.org\/{rel}","templated":true}]}}