{"id":40796,"date":"2009-10-04T07:10:36","date_gmt":"2009-10-04T05:10:36","guid":{"rendered":"http:\/\/www.schoene-nachrichten.de\/?p=40796"},"modified":"2009-10-04T13:38:44","modified_gmt":"2009-10-04T11:38:44","slug":"bischof-algermissen-ueberreichte-fuldaer-novene-bei-papstaudienz","status":"publish","type":"post","link":"https:\/\/www.fuldaernachrichten.de\/?p=40796","title":{"rendered":"Bischof Algermissen \u00fcberreichte Fuldaer Novene bei Papstaudienz"},"content":{"rendered":"<p><strong><a href=\"http:\/\/www.schoene-nachrichten.de\/wp-content\/uploads\/2009\/10\/091002_Papst.jpg\"><img decoding=\"async\" class=\"alignleft size-thumbnail wp-image-40797\" title=\"091002_Papst\" src=\"http:\/\/www.schoene-nachrichten.de\/wp-content\/uploads\/2009\/10\/091002_Papst-265x175.jpg\" alt=\"091002_Papst\" width=\"265\" height=\"175\" srcset=\"https:\/\/www.fuldaernachrichten.de\/wp-content\/uploads\/2009\/10\/091002_Papst-265x175.jpg 265w, https:\/\/www.fuldaernachrichten.de\/wp-content\/uploads\/2009\/10\/091002_Papst.jpg 592w\" sizes=\"(max-width: 265px) 100vw, 265px\" \/><\/a>Fulda\/Rom.<\/strong> Bischof Heinz Josef Algermissen war dieser Tage zu verschiedenen dienstlichen Gespr\u00e4chen und Besuchen in Rom. Am Mittwoch, 30. September, \u00fcberreichte er im Rahmen einer Audienz Papst Benedikt XVI. die von der Fuldaer Di\u00f6zesanstelle \u201eBerufe der Kirche\u201c ausgearbeitete \u201eNovene um Priesterberufungen\u201c. Der Heilige Vater nahm diesen geistlichen Impuls zum Priesterjahr hocherfreut entgegen und dankte dem Bischof f\u00fcr die Initiative. Zugleich gr\u00fc\u00dfte er die Gl\u00e4ubigen im Bistum Fulda herzlich.<\/p>\n<p>Foto: Osservatore Romano<\/p>\n","protected":false},"excerpt":{"rendered":"<div class=\"tmnf_excerpt\"><p>Fulda\/Rom. Bischof Heinz Josef Algermissen war dieser Tage zu verschiedenen dienstlichen Gespr\u00e4chen und Besuchen in Rom. Am Mittwoch, 30. September, \u00fcberreichte er im Rahmen einer Audienz Papst Benedikt XVI. die von der Fuldaer Di\u00f6zesanstelle \u201eBerufe der Kirche\u201c ausgearbeitete \u201eNovene um Priesterberufungen\u201c. Der Heilige Vater nahm diesen geistlichen Impuls zum Priesterjahr hocherfreut entgegen und dankte dem &hellip;<\/p>\n<\/div>","protected":false},"author":1,"featured_media":0,"comment_status":"closed","ping_status":"closed","sticky":false,"template":"","format":"standard","meta":{"footnotes":""},"categories":[1,50],"tags":[],"class_list":["post-40796","post","type-post","status-publish","format-standard","hentry","category-startseite","category-kirche"],"_links":{"self":[{"href":"https:\/\/www.fuldaernachrichten.de\/index.php?rest_route=\/wp\/v2\/posts\/40796","targetHints":{"allow":["GET"]}}],"collection":[{"href":"https:\/\/www.fuldaernachrichten.de\/index.php?rest_route=\/wp\/v2\/posts"}],"about":[{"href":"https:\/\/www.fuldaernachrichten.de\/index.php?rest_route=\/wp\/v2\/types\/post"}],"author":[{"embeddable":true,"href":"https:\/\/www.fuldaernachrichten.de\/index.php?rest_route=\/wp\/v2\/users\/1"}],"replies":[{"embeddable":true,"href":"https:\/\/www.fuldaernachrichten.de\/index.php?rest_route=%2Fwp%2Fv2%2Fcomments&post=40796"}],"version-history":[{"count":2,"href":"https:\/\/www.fuldaernachrichten.de\/index.php?rest_route=\/wp\/v2\/posts\/40796\/revisions"}],"predecessor-version":[{"id":40876,"href":"https:\/\/www.fuldaernachrichten.de\/index.php?rest_route=\/wp\/v2\/posts\/40796\/revisions\/40876"}],"wp:attachment":[{"href":"https:\/\/www.fuldaernachrichten.de\/index.php?rest_route=%2Fwp%2Fv2%2Fmedia&parent=40796"}],"wp:term":[{"taxonomy":"category","embeddable":true,"href":"https:\/\/www.fuldaernachrichten.de\/index.php?rest_route=%2Fwp%2Fv2%2Fcategories&post=40796"},{"taxonomy":"post_tag","embeddable":true,"href":"https:\/\/www.fuldaernachrichten.de\/index.php?rest_route=%2Fwp%2Fv2%2Ftags&post=40796"}],"curies":[{"name":"wp","href":"https:\/\/api.w.org\/{rel}","templated":true}]}}