{"id":40794,"date":"2009-10-03T07:20:04","date_gmt":"2009-10-03T05:20:04","guid":{"rendered":"http:\/\/www.schoene-nachrichten.de\/?p=40794"},"modified":"2009-10-03T09:00:51","modified_gmt":"2009-10-03T07:00:51","slug":"vielfaeltige-einheit-mauerfall-durch-den-oberbuergermeister","status":"publish","type":"post","link":"https:\/\/www.fuldaernachrichten.de\/?p=40794","title":{"rendered":"Vielf\u00e4ltige Einheit  \u201eMauerfall\u201c durch den Oberb\u00fcrgermeister"},"content":{"rendered":"<p><strong>Fulda.<\/strong> Unter dem Motto \u201eVielf\u00e4ltige Einheit\u201c veranstaltet die Kinder- und Jugendf\u00f6rderung der Stadt Fulda am heutigen Samstag, 03. Oktober 2009 auf dem Buttermarkt in der Zeit von 14.00 Uhr bis 19.00 Uhr ein Fest f\u00fcr Kinder, Jugendliche und Erwachsene. Jugendliche aus verschiedenen Fuldaer Stadtteilen und Mitarbeiter von Jugendeinrichtungen haben gemeinsam ein buntes Programm mit Musik, Spiel und Spa\u00df zusammengestellt. Um 15.00 Uhr findet mit Unterst\u00fctzung durch Oberb\u00fcrgermeister Gerhard M\u00f6ller ein symbolischer Mauerfall statt.<\/p>\n","protected":false},"excerpt":{"rendered":"<div class=\"tmnf_excerpt\"><p>Fulda. Unter dem Motto \u201eVielf\u00e4ltige Einheit\u201c veranstaltet die Kinder- und Jugendf\u00f6rderung der Stadt Fulda am heutigen Samstag, 03. Oktober 2009 auf dem Buttermarkt in der Zeit von 14.00 Uhr bis 19.00 Uhr ein Fest f\u00fcr Kinder, Jugendliche und Erwachsene. Jugendliche aus verschiedenen Fuldaer Stadtteilen und Mitarbeiter von Jugendeinrichtungen haben gemeinsam ein buntes Programm mit Musik, &hellip;<\/p>\n<\/div>","protected":false},"author":1,"featured_media":0,"comment_status":"closed","ping_status":"closed","sticky":false,"template":"","format":"standard","meta":{"footnotes":""},"categories":[1,44],"tags":[],"class_list":["post-40794","post","type-post","status-publish","format-standard","hentry","category-startseite","category-kultur"],"_links":{"self":[{"href":"https:\/\/www.fuldaernachrichten.de\/index.php?rest_route=\/wp\/v2\/posts\/40794","targetHints":{"allow":["GET"]}}],"collection":[{"href":"https:\/\/www.fuldaernachrichten.de\/index.php?rest_route=\/wp\/v2\/posts"}],"about":[{"href":"https:\/\/www.fuldaernachrichten.de\/index.php?rest_route=\/wp\/v2\/types\/post"}],"author":[{"embeddable":true,"href":"https:\/\/www.fuldaernachrichten.de\/index.php?rest_route=\/wp\/v2\/users\/1"}],"replies":[{"embeddable":true,"href":"https:\/\/www.fuldaernachrichten.de\/index.php?rest_route=%2Fwp%2Fv2%2Fcomments&post=40794"}],"version-history":[{"count":2,"href":"https:\/\/www.fuldaernachrichten.de\/index.php?rest_route=\/wp\/v2\/posts\/40794\/revisions"}],"predecessor-version":[{"id":40865,"href":"https:\/\/www.fuldaernachrichten.de\/index.php?rest_route=\/wp\/v2\/posts\/40794\/revisions\/40865"}],"wp:attachment":[{"href":"https:\/\/www.fuldaernachrichten.de\/index.php?rest_route=%2Fwp%2Fv2%2Fmedia&parent=40794"}],"wp:term":[{"taxonomy":"category","embeddable":true,"href":"https:\/\/www.fuldaernachrichten.de\/index.php?rest_route=%2Fwp%2Fv2%2Fcategories&post=40794"},{"taxonomy":"post_tag","embeddable":true,"href":"https:\/\/www.fuldaernachrichten.de\/index.php?rest_route=%2Fwp%2Fv2%2Ftags&post=40794"}],"curies":[{"name":"wp","href":"https:\/\/api.w.org\/{rel}","templated":true}]}}