{"id":40745,"date":"2009-10-04T07:25:10","date_gmt":"2009-10-04T05:25:10","guid":{"rendered":"http:\/\/www.schoene-nachrichten.de\/?p=40745"},"modified":"2009-10-04T13:39:18","modified_gmt":"2009-10-04T11:39:18","slug":"eichenzeller-loeschgruppe-erwirbt-die-hoechste-auszeichnung-der-deutschen-jugendfeuerwehr","status":"publish","type":"post","link":"https:\/\/www.fuldaernachrichten.de\/?p=40745","title":{"rendered":"Eichenzeller L\u00f6schgruppe erwirbt die h\u00f6chste Auszeichnung der Deutschen Jugendfeuerwehr"},"content":{"rendered":"<p><strong><a href=\"http:\/\/www.schoene-nachrichten.de\/wp-content\/uploads\/2009\/10\/091002_Feuerwehr.jpg\"><img fetchpriority=\"high\" decoding=\"async\" class=\"alignleft size-thumbnail wp-image-40746\" title=\"091002_Feuerwehr\" src=\"http:\/\/www.schoene-nachrichten.de\/wp-content\/uploads\/2009\/10\/091002_Feuerwehr-265x198.jpg\" alt=\"091002_Feuerwehr\" width=\"265\" height=\"198\" srcset=\"https:\/\/www.fuldaernachrichten.de\/wp-content\/uploads\/2009\/10\/091002_Feuerwehr-265x198.jpg 265w, https:\/\/www.fuldaernachrichten.de\/wp-content\/uploads\/2009\/10\/091002_Feuerwehr.jpg 592w\" sizes=\"(max-width: 265px) 100vw, 265px\" \/><\/a>Eichenzell. <\/strong>Nach sechsw\u00f6chiger Vorbereitung war es soweit. Neun M\u00e4dchen und Jungen aus den Jugendfeuerwehren Eichenzell, Kerzell, L\u00f6schenrod und Welkers fuhren am Sonntag, den 20. September mit ihren Betreuern zur Leistungsspangenabnahme nach Hettenhausen. Dort waren 17 Mannschaften aus dem gesamten Landkreis zusammen gekommen um ihr K\u00f6nnen zu beweisen. Jede L\u00f6schgruppe hatte f\u00fcnf Aufgaben zu erf\u00fcllen. Der Aufbau eines L\u00f6schangriffs nach Feuerwehrdienstvorschrift 3, eine Schnelligkeits\u00fcbung und die Beantwortung eines Fragebogens umfassten den Bereich um das feuerwehrtechnische K\u00f6nnen.<!--more--><\/p>\n<p>Bei der Schnelligkeits\u00fcbung mussten die neun Jugendlichen eine Schlauchleitung verlegen. Eine Zeit von 75 Sekunden durfte hier nicht \u00fcberschritten werden. Mit Kugelsto\u00dfen und einem 1500-Meter-Lauf wurde auch die Fitness \u00fcberpr\u00fcft. W\u00e4hrend beim Kugelsto\u00dfen 55 Meter erreicht werden mussten, galt f\u00fcr den 1500-Meter-Lauf ein Zeitlimit von 4 Minuten und 10 Sekunden. Um die Leistungsspange der Deutschen Jugendfeuerwehr erwerben zu k\u00f6nnen musste eine Gruppe mindestens 10 Punkte erreichen. Neben den Ergebnissen der einzelnen Disziplinen floss auch eine Bewertung des Verhaltens der Gruppe in das Ergebnis ein. Nachdem alle Pr\u00fcfungen durchlaufen wurden konnten sich die Teilnehmer aus Eichenzell am Nachmittag sichtlich Stolz die Leistungsspange an ihre Uniform stecken lassen.<\/p>\n","protected":false},"excerpt":{"rendered":"<div class=\"tmnf_excerpt\"><p>Eichenzell. Nach sechsw\u00f6chiger Vorbereitung war es soweit. Neun M\u00e4dchen und Jungen aus den Jugendfeuerwehren Eichenzell, Kerzell, L\u00f6schenrod und Welkers fuhren am Sonntag, den 20. September mit ihren Betreuern zur Leistungsspangenabnahme nach Hettenhausen. Dort waren 17 Mannschaften aus dem gesamten Landkreis zusammen gekommen um ihr K\u00f6nnen zu beweisen. Jede L\u00f6schgruppe hatte f\u00fcnf Aufgaben zu erf\u00fcllen. Der &hellip;<\/p>\n<\/div>","protected":false},"author":1,"featured_media":0,"comment_status":"closed","ping_status":"closed","sticky":false,"template":"","format":"standard","meta":{"footnotes":""},"categories":[1,71],"tags":[],"class_list":["post-40745","post","type-post","status-publish","format-standard","hentry","category-startseite","category-feuerwehr"],"_links":{"self":[{"href":"https:\/\/www.fuldaernachrichten.de\/index.php?rest_route=\/wp\/v2\/posts\/40745","targetHints":{"allow":["GET"]}}],"collection":[{"href":"https:\/\/www.fuldaernachrichten.de\/index.php?rest_route=\/wp\/v2\/posts"}],"about":[{"href":"https:\/\/www.fuldaernachrichten.de\/index.php?rest_route=\/wp\/v2\/types\/post"}],"author":[{"embeddable":true,"href":"https:\/\/www.fuldaernachrichten.de\/index.php?rest_route=\/wp\/v2\/users\/1"}],"replies":[{"embeddable":true,"href":"https:\/\/www.fuldaernachrichten.de\/index.php?rest_route=%2Fwp%2Fv2%2Fcomments&post=40745"}],"version-history":[{"count":2,"href":"https:\/\/www.fuldaernachrichten.de\/index.php?rest_route=\/wp\/v2\/posts\/40745\/revisions"}],"predecessor-version":[{"id":40877,"href":"https:\/\/www.fuldaernachrichten.de\/index.php?rest_route=\/wp\/v2\/posts\/40745\/revisions\/40877"}],"wp:attachment":[{"href":"https:\/\/www.fuldaernachrichten.de\/index.php?rest_route=%2Fwp%2Fv2%2Fmedia&parent=40745"}],"wp:term":[{"taxonomy":"category","embeddable":true,"href":"https:\/\/www.fuldaernachrichten.de\/index.php?rest_route=%2Fwp%2Fv2%2Fcategories&post=40745"},{"taxonomy":"post_tag","embeddable":true,"href":"https:\/\/www.fuldaernachrichten.de\/index.php?rest_route=%2Fwp%2Fv2%2Ftags&post=40745"}],"curies":[{"name":"wp","href":"https:\/\/api.w.org\/{rel}","templated":true}]}}