{"id":40715,"date":"2009-10-02T05:55:00","date_gmt":"2009-10-02T03:55:00","guid":{"rendered":"http:\/\/www.schoene-nachrichten.de\/?p=40715"},"modified":"2009-10-02T07:55:22","modified_gmt":"2009-10-02T05:55:22","slug":"schwenninger-bkk-fusioniert-mit-bkk-ost-hessen","status":"publish","type":"post","link":"https:\/\/www.fuldaernachrichten.de\/?p=40715","title":{"rendered":"Schwenninger BKK fusioniert mit BKK Ost-Hessen"},"content":{"rendered":"<p><strong>Villingen-Schwenningen\/W\u00e4chtersbach.<\/strong> Die Schwenninger BKK und die BKK Ost-Hessen fusionieren zum 1. Januar 2010. Die Verwaltungsr\u00e4te beider Unternehmen haben dem Zusammenschluss bereits zugestimmt. Der Name der Krankenversicherung ist \u201eSchwenninger BKK\u201c. Nach der Fusion z\u00e4hlt die Schwenninger BKK mit mehr als 320.000 Kunden und ungef\u00e4hr 750 Mitarbeitern zu den 40 gr\u00f6\u00dften Gesetzlichen Krankenkassen Deutschlands. Die Kasse ist bundesweit ge\u00f6ffnet, die BKK Ost-Hessen stand bisher nur Kunden aus Hessen offen. Zu den 13 Gesch\u00e4ftsstellen der Schwenninger BKK kommt mit W\u00e4chtersbach (Main-Kinzig-Kreis, Hessen) der Standort der BKK Ost-Hessen dazu. Sitz der Hauptverwaltung ist Villingen-Schwenningen (Schwarzwald-Baar-Kreis, Baden-W\u00fcrttemberg). <!--more--><\/p>\n<p><strong>Strategie bleibt gleich<\/strong><\/p>\n<p>Beide Kassen blicken auf eine lange Tradition zur\u00fcck. \u201eEin effizientes Prozessmanagement, eine sehr gute Kundenorientierung und passgenaue Angebote sind drei wichtige S\u00e4ulen, die \u00fcber den Erfolg einer Gesetzlichen Kasse entscheiden\u201c, sagt Siegfried G\u00e4nsler, Vorsitzender des Vorstandes der Schwenninger BKK. \u201eBei allen Punkten verfolgen die Schwenninger BKK und die BKK Ost-Hessen eine \u00e4hnliche Strategie\u201c, erg\u00e4nzt Lars Wendt, Vorstand der BKK Ost-Hessen. Der Verwaltungskostenanteil beider Kassen liegt unter dem Bundesdurchschnitt Gesetzlicher Krankenversicherer. Die Schwenninger BKK und die BKK Ost-Hessen wurden sowohl von Kunden als auch von externen Experten mehrfach f\u00fcr ihren Service ausgezeichnet. Auch nach der Fusion haben die Verantwortlichen beider Kassen das Ziel, jedem Kunden eine optimale Gesundheitsversorgung zu bieten. So sollen die Programme zur besseren Versorgung chronisch Kranker, beispielsweise f\u00fcr Diabetiker, weiter ausgebaut werden.<\/p>\n<p>Das kumulierte Haushaltsvolumen betrug im Jahr 2008 mehr als 900 Millionen Euro. \u201eDie jetzige Gr\u00f6\u00dfe erm\u00f6glicht der Schwenninger BKK eine noch st\u00e4rkere Verhandlungsposition, beispielsweise bei der Aushandlung neuer Rabattvertr\u00e4ge\u201c, sagt Thorsten Br\u00f6ske, Vorstand der Schwenninger BKK. \u201eGleichzeitig sind wir flexibel genug, um in einem dynamischen Markt schnell auf Ver\u00e4nderungen reagieren zu k\u00f6nnen.\u201c<\/p>\n<p>Alle Arbeitspl\u00e4tze bleiben erhalten. Die Fusion muss noch vom Bundesversicherungsamt genehmigt werden.<\/p>\n","protected":false},"excerpt":{"rendered":"<div class=\"tmnf_excerpt\"><p>Villingen-Schwenningen\/W\u00e4chtersbach. Die Schwenninger BKK und die BKK Ost-Hessen fusionieren zum 1. Januar 2010. Die Verwaltungsr\u00e4te beider Unternehmen haben dem Zusammenschluss bereits zugestimmt. Der Name der Krankenversicherung ist \u201eSchwenninger BKK\u201c. Nach der Fusion z\u00e4hlt die Schwenninger BKK mit mehr als 320.000 Kunden und ungef\u00e4hr 750 Mitarbeitern zu den 40 gr\u00f6\u00dften Gesetzlichen Krankenkassen Deutschlands. Die Kasse ist &hellip;<\/p>\n<\/div>","protected":false},"author":1,"featured_media":0,"comment_status":"closed","ping_status":"closed","sticky":false,"template":"","format":"standard","meta":{"footnotes":""},"categories":[1,51,29],"tags":[],"class_list":["post-40715","post","type-post","status-publish","format-standard","hentry","category-startseite","category-medizin","category-politik"],"_links":{"self":[{"href":"https:\/\/www.fuldaernachrichten.de\/index.php?rest_route=\/wp\/v2\/posts\/40715","targetHints":{"allow":["GET"]}}],"collection":[{"href":"https:\/\/www.fuldaernachrichten.de\/index.php?rest_route=\/wp\/v2\/posts"}],"about":[{"href":"https:\/\/www.fuldaernachrichten.de\/index.php?rest_route=\/wp\/v2\/types\/post"}],"author":[{"embeddable":true,"href":"https:\/\/www.fuldaernachrichten.de\/index.php?rest_route=\/wp\/v2\/users\/1"}],"replies":[{"embeddable":true,"href":"https:\/\/www.fuldaernachrichten.de\/index.php?rest_route=%2Fwp%2Fv2%2Fcomments&post=40715"}],"version-history":[{"count":3,"href":"https:\/\/www.fuldaernachrichten.de\/index.php?rest_route=\/wp\/v2\/posts\/40715\/revisions"}],"predecessor-version":[{"id":40718,"href":"https:\/\/www.fuldaernachrichten.de\/index.php?rest_route=\/wp\/v2\/posts\/40715\/revisions\/40718"}],"wp:attachment":[{"href":"https:\/\/www.fuldaernachrichten.de\/index.php?rest_route=%2Fwp%2Fv2%2Fmedia&parent=40715"}],"wp:term":[{"taxonomy":"category","embeddable":true,"href":"https:\/\/www.fuldaernachrichten.de\/index.php?rest_route=%2Fwp%2Fv2%2Fcategories&post=40715"},{"taxonomy":"post_tag","embeddable":true,"href":"https:\/\/www.fuldaernachrichten.de\/index.php?rest_route=%2Fwp%2Fv2%2Ftags&post=40715"}],"curies":[{"name":"wp","href":"https:\/\/api.w.org\/{rel}","templated":true}]}}