{"id":40711,"date":"2009-10-02T06:00:33","date_gmt":"2009-10-02T04:00:33","guid":{"rendered":"http:\/\/www.schoene-nachrichten.de\/?p=40711"},"modified":"2009-10-02T07:55:45","modified_gmt":"2009-10-02T05:55:45","slug":"42-tonnen-gespendete-textilien-und-schuhe-familien-in-not-werden-von-kab-unterstuetzt","status":"publish","type":"post","link":"https:\/\/www.fuldaernachrichten.de\/?p=40711","title":{"rendered":"42 Tonnen gespendete Textilien und Schuhe &#8211; Familien in Not werden von KAB unterst\u00fctzt"},"content":{"rendered":"<p><a href=\"http:\/\/www.schoene-nachrichten.de\/wp-content\/uploads\/2009\/10\/17_Foto-Beate-Benzing.jpg\"><img fetchpriority=\"high\" decoding=\"async\" class=\"alignnone size-thumbnail wp-image-40712\" title=\"Foto-Beate-Benzing\" src=\"http:\/\/www.schoene-nachrichten.de\/wp-content\/uploads\/2009\/10\/17_Foto-Beate-Benzing-265x198.jpg\" alt=\"Foto-Beate-Benzing\" hspace=\"5\" width=\"265\" height=\"198\" align=\"left\" srcset=\"https:\/\/www.fuldaernachrichten.de\/wp-content\/uploads\/2009\/10\/17_Foto-Beate-Benzing-265x198.jpg 265w, https:\/\/www.fuldaernachrichten.de\/wp-content\/uploads\/2009\/10\/17_Foto-Beate-Benzing.jpg 799w\" sizes=\"(max-width: 265px) 100vw, 265px\" \/><\/a><strong>Hanau\/Freigericht\/W\u00e4chtersbach\/Salm\u00fcnster.<\/strong> 42 Tonnen Kleider und Schuhe sammelten KAB Vereine, Kolpingfamilien und Jugendliche aus vielen Pfarreien des Main-Kinzig-Kreises. Die Aktion der Katholischen Arbeitnehmer-Bewegung (KAB) Main-Kinzig \u201eSch\u00fctzt mein Leben e.V.\u201c stellt den Erl\u00f6s der Kleidersammlung Familien in Not zur Verf\u00fcgung.<!--more--><\/p>\n<p><strong>Erfolgreiche Sammlung<\/strong><\/p>\n<p>Seit Beginn der 90-er Jahre hat die KAB Aktion \u201eSch\u00fctzt mein Leben\u201c durch die Kleidersammlungen eine Gesamtsumme von ann\u00e4hernd 200.000 \u00e2\u201a\u00ac Familien in Not zur Verf\u00fcgung stellen k\u00f6nnen. Verl\u00e4sslicher Partner bei der Unterst\u00fctzung von hilfsbed\u00fcrftigen Alleinerziehenden, Familien und Kindern sind die Ortsgruppen Hanau des Sozialdienstes Katholischer Frauen (skf) Hanau und Bad Soden-Salm\u00fcnster. \u201eDankbar sind wir nicht nur den zahlreichen Helfern, Spendern und Unterst\u00fctzern, sondern insbesondere auch daf\u00fcr, dass die Sammlung einmal mehr unfallfrei verlaufen ist\u201c freut sich die Vorsitzende der KAB Aktion \u201eSch\u00fctzt mein Leben e.V.\u201c Brigitte Sinsel, Hanau, zum Abschluss der j\u00e4hrlichen Sammlung.<\/p>\n<p>F\u00fcr eine sinnvolle und sozialvertr\u00e4gliche Verwendung des Sammelguts sorgt der Vertragspartner Fa. Striebel unter dem Dach von FairWertung. \u201eNur absolut nicht mehr verwendbare Teile landen im Rei\u00dfwolf\u201c versichert Heike Brenzel-Auth, f\u00fcr die Organisation verantwortliche Mitarbeiterin der KAB. Gut erhaltene Ware wird zum gr\u00f6\u00dften Teil als Second-Hand-Ware in Schwellenl\u00e4ndern verkauft, ein anderer Teil wird f\u00fcr Katastrophenhilfe zur Verf\u00fcgung gestellt. \u201eBeim Export wird besonders darauf geachtet, dass Textilproduzenten in den Ziell\u00e4ndern nicht beeintr\u00e4chtigt werden\u201c best\u00e4tigt sie\u00c2\u00a0 und f\u00fcgt an, dass f\u00fcr viele Menschen in Entwicklungsl\u00e4nder einheimische Neuwaren oft unerschwinglich teuer sind.<\/p>\n","protected":false},"excerpt":{"rendered":"<div class=\"tmnf_excerpt\"><p>Hanau\/Freigericht\/W\u00e4chtersbach\/Salm\u00fcnster. 42 Tonnen Kleider und Schuhe sammelten KAB Vereine, Kolpingfamilien und Jugendliche aus vielen Pfarreien des Main-Kinzig-Kreises. Die Aktion der Katholischen Arbeitnehmer-Bewegung (KAB) Main-Kinzig \u201eSch\u00fctzt mein Leben e.V.\u201c stellt den Erl\u00f6s der Kleidersammlung Familien in Not zur Verf\u00fcgung.<\/p>\n<\/div>","protected":false},"author":1,"featured_media":0,"comment_status":"closed","ping_status":"closed","sticky":false,"template":"","format":"standard","meta":{"footnotes":""},"categories":[1,50,29],"tags":[],"class_list":["post-40711","post","type-post","status-publish","format-standard","hentry","category-startseite","category-kirche","category-politik"],"_links":{"self":[{"href":"https:\/\/www.fuldaernachrichten.de\/index.php?rest_route=\/wp\/v2\/posts\/40711","targetHints":{"allow":["GET"]}}],"collection":[{"href":"https:\/\/www.fuldaernachrichten.de\/index.php?rest_route=\/wp\/v2\/posts"}],"about":[{"href":"https:\/\/www.fuldaernachrichten.de\/index.php?rest_route=\/wp\/v2\/types\/post"}],"author":[{"embeddable":true,"href":"https:\/\/www.fuldaernachrichten.de\/index.php?rest_route=\/wp\/v2\/users\/1"}],"replies":[{"embeddable":true,"href":"https:\/\/www.fuldaernachrichten.de\/index.php?rest_route=%2Fwp%2Fv2%2Fcomments&post=40711"}],"version-history":[{"count":3,"href":"https:\/\/www.fuldaernachrichten.de\/index.php?rest_route=\/wp\/v2\/posts\/40711\/revisions"}],"predecessor-version":[{"id":40719,"href":"https:\/\/www.fuldaernachrichten.de\/index.php?rest_route=\/wp\/v2\/posts\/40711\/revisions\/40719"}],"wp:attachment":[{"href":"https:\/\/www.fuldaernachrichten.de\/index.php?rest_route=%2Fwp%2Fv2%2Fmedia&parent=40711"}],"wp:term":[{"taxonomy":"category","embeddable":true,"href":"https:\/\/www.fuldaernachrichten.de\/index.php?rest_route=%2Fwp%2Fv2%2Fcategories&post=40711"},{"taxonomy":"post_tag","embeddable":true,"href":"https:\/\/www.fuldaernachrichten.de\/index.php?rest_route=%2Fwp%2Fv2%2Ftags&post=40711"}],"curies":[{"name":"wp","href":"https:\/\/api.w.org\/{rel}","templated":true}]}}