{"id":40706,"date":"2009-10-02T06:25:40","date_gmt":"2009-10-02T04:25:40","guid":{"rendered":"http:\/\/www.schoene-nachrichten.de\/?p=40706"},"modified":"2009-10-02T07:56:49","modified_gmt":"2009-10-02T05:56:49","slug":"nacht-der-jungen-choere-am-8-oktober-in-fulda","status":"publish","type":"post","link":"https:\/\/www.fuldaernachrichten.de\/?p=40706","title":{"rendered":"&#8220;Nacht der jungen Ch\u00f6re&#8221; am 8. Oktober in Fulda"},"content":{"rendered":"<p><strong>Fulda. <\/strong>Singet dem Herrn ein neues Lied! \u2013 dieser Vers aus Psalm 98 steht \u00fcber der \u201eNacht der jungen Ch\u00f6re\u201c, die im Rahmen der di\u00f6zesanen Kirchenmusiktage in der Stadtpfarrkirche Fulda stattfindet. Am Donnerstag, 8. Oktober, um 20:30 Uhr kommen \u00fcber 200 junge S\u00e4ngerinnen und S\u00e4nger aus Jugend- und Schulch\u00f6ren in Fulda zusammen, um teils in Begleitung einer Band geistliche Ges\u00e4nge und Gebete zu gestalten. Zu Geh\u00f6r kommen modernes geistliches Liedgut aus aller Welt, aber auch Ges\u00e4nge aus Taize, bei denen alle Besucher zum Mitsingen eingeladen sind.<\/p>\n<p><a href=\"http:\/\/www.schoene-nachrichten.de\/wp-content\/uploads\/2009\/10\/16_Nuedling_1.jpg\"><img fetchpriority=\"high\" decoding=\"async\" class=\"alignnone size-thumbnail wp-image-40707\" title=\"Nuedling\" src=\"http:\/\/www.schoene-nachrichten.de\/wp-content\/uploads\/2009\/10\/16_Nuedling_1-265x198.jpg\" alt=\"Nuedling\" width=\"265\" height=\"198\" srcset=\"https:\/\/www.fuldaernachrichten.de\/wp-content\/uploads\/2009\/10\/16_Nuedling_1-265x198.jpg 265w, https:\/\/www.fuldaernachrichten.de\/wp-content\/uploads\/2009\/10\/16_Nuedling_1.jpg 800w\" sizes=\"(max-width: 265px) 100vw, 265px\" \/><\/a> <a href=\"http:\/\/www.schoene-nachrichten.de\/wp-content\/uploads\/2009\/10\/16_Nuedling_2.jpg\"><img decoding=\"async\" class=\"alignnone size-thumbnail wp-image-40708\" title=\"Nuedling\" src=\"http:\/\/www.schoene-nachrichten.de\/wp-content\/uploads\/2009\/10\/16_Nuedling_2-265x198.jpg\" alt=\"Nuedling\" width=\"265\" height=\"198\" srcset=\"https:\/\/www.fuldaernachrichten.de\/wp-content\/uploads\/2009\/10\/16_Nuedling_2-265x198.jpg 265w, https:\/\/www.fuldaernachrichten.de\/wp-content\/uploads\/2009\/10\/16_Nuedling_2.jpg 800w\" sizes=\"(max-width: 265px) 100vw, 265px\" \/><\/a><!--more--><\/p>\n<p><strong>4 Ch\u00f6re<\/strong><\/p>\n<p>Unter der Gesamtleitung von Ulrich Moormann singen der gro\u00dfe Schulchor der Winfriedschule Fulda (Leitung: Katja M\u00f6ller), der Schulchor \u201eVoice Garden\u201c der Wigbertschule H\u00fcnfeld (Leitung: Thomas N\u00fcdling), der Chor \u201eSt. Johannes der T\u00e4ufer\u201c Momberg (Leitung: Wilfried Tschuppik) sowie die Kinder- und Jugendch\u00f6re der Dompfarrei und St. Pius Fulda (Leitung: Johannes Haubs) sowohl einzeln als auch gemeinsam.<\/p>\n<p>Der Eintritt zu diesem Konzert ist frei. Eine Kollekte am Ausgang dient zur Deckung der Kosten.<\/p>\n","protected":false},"excerpt":{"rendered":"<div class=\"tmnf_excerpt\"><p>Fulda. Singet dem Herrn ein neues Lied! \u2013 dieser Vers aus Psalm 98 steht \u00fcber der \u201eNacht der jungen Ch\u00f6re\u201c, die im Rahmen der di\u00f6zesanen Kirchenmusiktage in der Stadtpfarrkirche Fulda stattfindet. Am Donnerstag, 8. Oktober, um 20:30 Uhr kommen \u00fcber 200 junge S\u00e4ngerinnen und S\u00e4nger aus Jugend- und Schulch\u00f6ren in Fulda zusammen, um teils in &hellip;<\/p>\n<\/div>","protected":false},"author":1,"featured_media":0,"comment_status":"closed","ping_status":"closed","sticky":false,"template":"","format":"standard","meta":{"footnotes":""},"categories":[1,72,44],"tags":[],"class_list":["post-40706","post","type-post","status-publish","format-standard","hentry","category-startseite","category-jugend","category-kultur"],"_links":{"self":[{"href":"https:\/\/www.fuldaernachrichten.de\/index.php?rest_route=\/wp\/v2\/posts\/40706","targetHints":{"allow":["GET"]}}],"collection":[{"href":"https:\/\/www.fuldaernachrichten.de\/index.php?rest_route=\/wp\/v2\/posts"}],"about":[{"href":"https:\/\/www.fuldaernachrichten.de\/index.php?rest_route=\/wp\/v2\/types\/post"}],"author":[{"embeddable":true,"href":"https:\/\/www.fuldaernachrichten.de\/index.php?rest_route=\/wp\/v2\/users\/1"}],"replies":[{"embeddable":true,"href":"https:\/\/www.fuldaernachrichten.de\/index.php?rest_route=%2Fwp%2Fv2%2Fcomments&post=40706"}],"version-history":[{"count":3,"href":"https:\/\/www.fuldaernachrichten.de\/index.php?rest_route=\/wp\/v2\/posts\/40706\/revisions"}],"predecessor-version":[{"id":40722,"href":"https:\/\/www.fuldaernachrichten.de\/index.php?rest_route=\/wp\/v2\/posts\/40706\/revisions\/40722"}],"wp:attachment":[{"href":"https:\/\/www.fuldaernachrichten.de\/index.php?rest_route=%2Fwp%2Fv2%2Fmedia&parent=40706"}],"wp:term":[{"taxonomy":"category","embeddable":true,"href":"https:\/\/www.fuldaernachrichten.de\/index.php?rest_route=%2Fwp%2Fv2%2Fcategories&post=40706"},{"taxonomy":"post_tag","embeddable":true,"href":"https:\/\/www.fuldaernachrichten.de\/index.php?rest_route=%2Fwp%2Fv2%2Ftags&post=40706"}],"curies":[{"name":"wp","href":"https:\/\/api.w.org\/{rel}","templated":true}]}}