{"id":40681,"date":"2009-10-02T06:35:22","date_gmt":"2009-10-02T04:35:22","guid":{"rendered":"http:\/\/www.schoene-nachrichten.de\/?p=40681"},"modified":"2009-10-02T07:57:31","modified_gmt":"2009-10-02T05:57:31","slug":"noch-plaetze-frei-kinderbetreuung-in-den-herbstferien-im-hort-von-loheland","status":"publish","type":"post","link":"https:\/\/www.fuldaernachrichten.de\/?p=40681","title":{"rendered":"Noch Pl\u00e4tze frei: Kinderbetreuung in den Herbstferien im Hort von Loheland"},"content":{"rendered":"<p><a href=\"http:\/\/www.schoene-nachrichten.de\/wp-content\/uploads\/2009\/10\/10_textstudio-poppenhausen.jpg\"><img fetchpriority=\"high\" decoding=\"async\" class=\"alignnone size-thumbnail wp-image-40684\" title=\"1textstudio-poppenhausen\" src=\"http:\/\/www.schoene-nachrichten.de\/wp-content\/uploads\/2009\/10\/10_textstudio-poppenhausen-265x198.jpg\" alt=\"1textstudio-poppenhausen\" hspace=\"5\" width=\"265\" height=\"198\" align=\"left\" srcset=\"https:\/\/www.fuldaernachrichten.de\/wp-content\/uploads\/2009\/10\/10_textstudio-poppenhausen-265x198.jpg 265w, https:\/\/www.fuldaernachrichten.de\/wp-content\/uploads\/2009\/10\/10_textstudio-poppenhausen.jpg 800w\" sizes=\"(max-width: 265px) 100vw, 265px\" \/><\/a><strong>K\u00fcnzell. <\/strong>F\u00fcr Kinder von 4 bis 10 Jahren bietet der Kinderhort in Loheland w\u00e4hrend der Herbstferien jeweils zwei einw\u00f6chige Ferienbetreuungen mit jeweils unterschiedlichen Rahmenprogrammen an. Vom 12. bis 16. Oktober werden die Kinder vieles \u201eRund um den Apfel\u201c erleben k\u00f6nnen und vom 19. \u2013 23. Oktober hei\u00dft das Thema \u201eWer wohnt denn da im Wurzelwerk\u00e2\u20ac\u00a6?\u201c. Inmitten der weitl\u00e4ufigen Natur von Loheland, weitab vom Stra\u00dfenverkehr, warten auf die Kinder bei Spiel und Bewegung, beim Basteln und Werken sowie bei Naturerkundungen viele \u00dcberraschungen. Die Betreuung steht auch Kindern offen, die nicht in Loheland zur Schule oder in den Kindergarten gehen. Jedoch ist die Teilnehmerzahl begrenzt. Die Betreuungszeiten sind jeweils ab 7.30 Uhr bis 17.00. Anmeldungen und weitere Informationen im Hort der Loheland-Stiftung unter Telefon: 0661 392 26<\/p>\n","protected":false},"excerpt":{"rendered":"<div class=\"tmnf_excerpt\"><p>K\u00fcnzell. F\u00fcr Kinder von 4 bis 10 Jahren bietet der Kinderhort in Loheland w\u00e4hrend der Herbstferien jeweils zwei einw\u00f6chige Ferienbetreuungen mit jeweils unterschiedlichen Rahmenprogrammen an. Vom 12. bis 16. Oktober werden die Kinder vieles \u201eRund um den Apfel\u201c erleben k\u00f6nnen und vom 19. \u2013 23. Oktober hei\u00dft das Thema \u201eWer wohnt denn da im Wurzelwerk\u00e2\u20ac\u00a6?\u201c. &hellip;<\/p>\n<\/div>","protected":false},"author":1,"featured_media":0,"comment_status":"closed","ping_status":"closed","sticky":false,"template":"","format":"standard","meta":{"footnotes":""},"categories":[1,72,44,46],"tags":[],"class_list":["post-40681","post","type-post","status-publish","format-standard","hentry","category-startseite","category-jugend","category-kultur","category-sport"],"_links":{"self":[{"href":"https:\/\/www.fuldaernachrichten.de\/index.php?rest_route=\/wp\/v2\/posts\/40681","targetHints":{"allow":["GET"]}}],"collection":[{"href":"https:\/\/www.fuldaernachrichten.de\/index.php?rest_route=\/wp\/v2\/posts"}],"about":[{"href":"https:\/\/www.fuldaernachrichten.de\/index.php?rest_route=\/wp\/v2\/types\/post"}],"author":[{"embeddable":true,"href":"https:\/\/www.fuldaernachrichten.de\/index.php?rest_route=\/wp\/v2\/users\/1"}],"replies":[{"embeddable":true,"href":"https:\/\/www.fuldaernachrichten.de\/index.php?rest_route=%2Fwp%2Fv2%2Fcomments&post=40681"}],"version-history":[{"count":5,"href":"https:\/\/www.fuldaernachrichten.de\/index.php?rest_route=\/wp\/v2\/posts\/40681\/revisions"}],"predecessor-version":[{"id":40724,"href":"https:\/\/www.fuldaernachrichten.de\/index.php?rest_route=\/wp\/v2\/posts\/40681\/revisions\/40724"}],"wp:attachment":[{"href":"https:\/\/www.fuldaernachrichten.de\/index.php?rest_route=%2Fwp%2Fv2%2Fmedia&parent=40681"}],"wp:term":[{"taxonomy":"category","embeddable":true,"href":"https:\/\/www.fuldaernachrichten.de\/index.php?rest_route=%2Fwp%2Fv2%2Fcategories&post=40681"},{"taxonomy":"post_tag","embeddable":true,"href":"https:\/\/www.fuldaernachrichten.de\/index.php?rest_route=%2Fwp%2Fv2%2Ftags&post=40681"}],"curies":[{"name":"wp","href":"https:\/\/api.w.org\/{rel}","templated":true}]}}