{"id":40671,"date":"2009-10-05T07:08:11","date_gmt":"2009-10-05T05:08:11","guid":{"rendered":"http:\/\/www.schoene-nachrichten.de\/?p=40671"},"modified":"2009-10-05T08:08:23","modified_gmt":"2009-10-05T06:08:23","slug":"kab-einsatz-fuer-die-eine-welt-35-tonnen-kleider-fuer-soziale-projekte","status":"publish","type":"post","link":"https:\/\/www.fuldaernachrichten.de\/?p=40671","title":{"rendered":"KAB: Einsatz f\u00fcr die Eine Welt &#8211; 35 Tonnen Kleider f\u00fcr soziale Projekte"},"content":{"rendered":"<p><strong>Fulda.<\/strong> 35 Tonnen wogen die wiederverwendbaren Textilien und Schuhe, die die \u00fcber 100 Helfer der Katholischen Arbeitnehmer-Bewegung (KAB) Rh\u00f6n\/Vogelsberg bei der diesj\u00e4hrigen Herbstkleidersammlung zusammengetragen hatten. Zusammen mit befreundeten Verb\u00e4nden und Vereinen wurde die diesj\u00e4hrige Sammlung wieder in weiten Teilen des Landkreises Fulda durchgef\u00fchrt. Mit dem Erl\u00f6s werden \u00fcberwiegend soziale Projekte im Ausland unterst\u00fctzt.<\/p>\n<p><a href=\"http:\/\/www.schoene-nachrichten.de\/wp-content\/uploads\/2009\/10\/8_Fotos-Michael-Schmitt_1.jpg\"><img fetchpriority=\"high\" decoding=\"async\" class=\"alignnone size-thumbnail wp-image-40673\" title=\"Fotos-Michael-Schmitt\" src=\"http:\/\/www.schoene-nachrichten.de\/wp-content\/uploads\/2009\/10\/8_Fotos-Michael-Schmitt_1-265x198.jpg\" alt=\"Fotos-Michael-Schmitt\" width=\"265\" height=\"198\" srcset=\"https:\/\/www.fuldaernachrichten.de\/wp-content\/uploads\/2009\/10\/8_Fotos-Michael-Schmitt_1-265x198.jpg 265w, https:\/\/www.fuldaernachrichten.de\/wp-content\/uploads\/2009\/10\/8_Fotos-Michael-Schmitt_1.jpg 800w\" sizes=\"(max-width: 265px) 100vw, 265px\" \/><\/a> <a href=\"http:\/\/www.schoene-nachrichten.de\/wp-content\/uploads\/2009\/10\/8_Fotos-Michael-Schmitt_2.jpg\"><img decoding=\"async\" class=\"alignnone size-thumbnail wp-image-40674\" title=\"Fotos-Michael-Schmitt\" src=\"http:\/\/www.schoene-nachrichten.de\/wp-content\/uploads\/2009\/10\/8_Fotos-Michael-Schmitt_2-265x198.jpg\" alt=\"Fotos-Michael-Schmitt\" width=\"265\" height=\"198\" srcset=\"https:\/\/www.fuldaernachrichten.de\/wp-content\/uploads\/2009\/10\/8_Fotos-Michael-Schmitt_2-265x198.jpg 265w, https:\/\/www.fuldaernachrichten.de\/wp-content\/uploads\/2009\/10\/8_Fotos-Michael-Schmitt_2.jpg 800w\" sizes=\"(max-width: 265px) 100vw, 265px\" \/><\/a><!--more--><\/p>\n<p><strong>Schwerpunkt in Guatemala<\/strong><\/p>\n<p>\u201eDank der gro\u00dfartigen Unterst\u00fctzung durch Helfer, Spender und insbesondere denjenigen, die wieder eine gro\u00dfe Anzahl von Fahrzeugen zur Verf\u00fcgung gestellt haben, k\u00f6nnen wir auch in diesem Jahr wieder zahlreiche soziale Projekte f\u00f6rdern\u201c so der f\u00fcr die Sammlung verantwortliche KAB Di\u00f6zesansekret\u00e4r Michael Schmitt. Schwerpunkt der Hilfe liegt im mittelamerikanischen Guatemala. Dort versucht die KAB mit mehreren Projekten in Zusammenarbeit mit der Movimiento de Trabajadores Campesinos (MTC) San Marcos in Guatemala die Lebenssituation der Landarbeiterfamilien zu verbessern. Gerade im Hinblick auf die aktuelle Ern\u00e4hrungssituation sind Schulungsma\u00dfnahmen f\u00fcr Alternativen zum traditionellen Kaffeeanbau in der Landwirtschaft notwendig. Dazu geh\u00f6ren Gem\u00fcse- und Obstanbau, Kleintierhaltung und z. b. auch die Imkerei. Weitere Projekte die durch den Erl\u00f6s aus der Kleidersammlung gef\u00f6rdert werden, liegen u. a. in Omsk (Sibirien), Zimbabwe (Afrika), Bolivien und Indien.<\/p>\n<p>Gut genutzt wurde auch die Kleiderbox, welche die M\u00f6glichkeit bot, rund um die Uhr Kleider- und Schuhspenden bei der KAB in der Fuldaer Agnes-Huenninger-Stra\u00dfe abzugeben. Auch k\u00fcnftig nimmt dort die KAB entsprechende Spenden entgegen.<\/p>\n","protected":false},"excerpt":{"rendered":"<div class=\"tmnf_excerpt\"><p>Fulda. 35 Tonnen wogen die wiederverwendbaren Textilien und Schuhe, die die \u00fcber 100 Helfer der Katholischen Arbeitnehmer-Bewegung (KAB) Rh\u00f6n\/Vogelsberg bei der diesj\u00e4hrigen Herbstkleidersammlung zusammengetragen hatten. Zusammen mit befreundeten Verb\u00e4nden und Vereinen wurde die diesj\u00e4hrige Sammlung wieder in weiten Teilen des Landkreises Fulda durchgef\u00fchrt. Mit dem Erl\u00f6s werden \u00fcberwiegend soziale Projekte im Ausland unterst\u00fctzt.<\/p>\n<\/div>","protected":false},"author":1,"featured_media":0,"comment_status":"closed","ping_status":"closed","sticky":false,"template":"","format":"standard","meta":{"footnotes":""},"categories":[1,51,29],"tags":[],"class_list":["post-40671","post","type-post","status-publish","format-standard","hentry","category-startseite","category-medizin","category-politik"],"_links":{"self":[{"href":"https:\/\/www.fuldaernachrichten.de\/index.php?rest_route=\/wp\/v2\/posts\/40671","targetHints":{"allow":["GET"]}}],"collection":[{"href":"https:\/\/www.fuldaernachrichten.de\/index.php?rest_route=\/wp\/v2\/posts"}],"about":[{"href":"https:\/\/www.fuldaernachrichten.de\/index.php?rest_route=\/wp\/v2\/types\/post"}],"author":[{"embeddable":true,"href":"https:\/\/www.fuldaernachrichten.de\/index.php?rest_route=\/wp\/v2\/users\/1"}],"replies":[{"embeddable":true,"href":"https:\/\/www.fuldaernachrichten.de\/index.php?rest_route=%2Fwp%2Fv2%2Fcomments&post=40671"}],"version-history":[{"count":4,"href":"https:\/\/www.fuldaernachrichten.de\/index.php?rest_route=\/wp\/v2\/posts\/40671\/revisions"}],"predecessor-version":[{"id":40890,"href":"https:\/\/www.fuldaernachrichten.de\/index.php?rest_route=\/wp\/v2\/posts\/40671\/revisions\/40890"}],"wp:attachment":[{"href":"https:\/\/www.fuldaernachrichten.de\/index.php?rest_route=%2Fwp%2Fv2%2Fmedia&parent=40671"}],"wp:term":[{"taxonomy":"category","embeddable":true,"href":"https:\/\/www.fuldaernachrichten.de\/index.php?rest_route=%2Fwp%2Fv2%2Fcategories&post=40671"},{"taxonomy":"post_tag","embeddable":true,"href":"https:\/\/www.fuldaernachrichten.de\/index.php?rest_route=%2Fwp%2Fv2%2Ftags&post=40671"}],"curies":[{"name":"wp","href":"https:\/\/api.w.org\/{rel}","templated":true}]}}