{"id":40655,"date":"2009-10-06T04:45:46","date_gmt":"2009-10-06T02:45:46","guid":{"rendered":"http:\/\/www.schoene-nachrichten.de\/?p=40655"},"modified":"2009-10-06T08:47:16","modified_gmt":"2009-10-06T06:47:16","slug":"meistertitel-fuer-den-rk-marbach","status":"publish","type":"post","link":"https:\/\/www.fuldaernachrichten.de\/?p=40655","title":{"rendered":"Meistertitel f\u00fcr den RK Marbach"},"content":{"rendered":"<p><strong>Marbach\/Torgelow.<\/strong> Die Deutschen Reservistenmeisterschaften sind der H\u00f6hepunkt im Leistungsvergleich der Reservisten der Bundeswehr. In Torgelow, ganz im Nordosten Deutschlands in Mecklenburg-Vorpommern, traten die 35 besten deutschen Reservistenmannschaften zum Leistungsvergleich an.<\/p>\n<p><a href=\"http:\/\/www.schoene-nachrichten.de\/wp-content\/uploads\/2009\/10\/4_Stefan-Mahr_1.jpg\"><img fetchpriority=\"high\" decoding=\"async\" class=\"alignnone size-thumbnail wp-image-40656\" title=\"Stefan-Mahr\" src=\"http:\/\/www.schoene-nachrichten.de\/wp-content\/uploads\/2009\/10\/4_Stefan-Mahr_1-265x198.jpg\" alt=\"Stefan-Mahr\" width=\"265\" height=\"198\" srcset=\"https:\/\/www.fuldaernachrichten.de\/wp-content\/uploads\/2009\/10\/4_Stefan-Mahr_1-265x198.jpg 265w, https:\/\/www.fuldaernachrichten.de\/wp-content\/uploads\/2009\/10\/4_Stefan-Mahr_1.jpg 800w\" sizes=\"(max-width: 265px) 100vw, 265px\" \/><\/a> <a href=\"http:\/\/www.schoene-nachrichten.de\/wp-content\/uploads\/2009\/10\/4_Stefan-Mahr_2.jpg\"><img decoding=\"async\" class=\"alignnone size-thumbnail wp-image-40657\" title=\"Stefan-Mahr\" src=\"http:\/\/www.schoene-nachrichten.de\/wp-content\/uploads\/2009\/10\/4_Stefan-Mahr_2-265x176.jpg\" alt=\"Stefan-Mahr\" width=\"265\" height=\"176\" srcset=\"https:\/\/www.fuldaernachrichten.de\/wp-content\/uploads\/2009\/10\/4_Stefan-Mahr_2-265x176.jpg 265w, https:\/\/www.fuldaernachrichten.de\/wp-content\/uploads\/2009\/10\/4_Stefan-Mahr_2.jpg 900w\" sizes=\"(max-width: 265px) 100vw, 265px\" \/><\/a><!--more--><\/p>\n<p><strong>Verdienter Sieg<\/strong><\/p>\n<p>In Teams von 5 Soldaten treten die Mannschaften an, um eine Vielzahl von Aufgaben aus dem aktuellen Einsatzszenario der Bundeswehr zu l\u00f6sen. Das hier nur Top-Mannschaften am Start waren, zeigte sich u.a. auch darin, dass die Punktedifferenz von Platz 1 zu Platz 10 bei insgesamt 1315 erreichbaren Punkten bei nur 81 Punkten lag. Jeder einzelne Soldat im Team wird extrem gefordert. Jeder einzelne muss in der Lage sein, unter extremer k\u00f6rperlicher und psychischer Belastung, seine Spezialaufgaben zu l\u00f6sen und gegebenenfalls die Aufgabe eines anderen Mannschaftsmitgliedes \u00fcbernehmen zu k\u00f6nnen, ohne dabei den \u00dcberblick bzw. die Kontrolle \u00fcber die Situation zu verlieren.<\/p>\n<p><a href=\"http:\/\/www.schoene-nachrichten.de\/wp-content\/uploads\/2009\/10\/4_Stefan-Mahr_3.jpg\"><img decoding=\"async\" class=\"alignnone size-thumbnail wp-image-40658\" title=\"Stefan-Mahr\" src=\"http:\/\/www.schoene-nachrichten.de\/wp-content\/uploads\/2009\/10\/4_Stefan-Mahr_3-265x176.jpg\" alt=\"Stefan-Mahr\" width=\"265\" height=\"176\" srcset=\"https:\/\/www.fuldaernachrichten.de\/wp-content\/uploads\/2009\/10\/4_Stefan-Mahr_3-265x176.jpg 265w, https:\/\/www.fuldaernachrichten.de\/wp-content\/uploads\/2009\/10\/4_Stefan-Mahr_3.jpg 900w\" sizes=\"(max-width: 265px) 100vw, 265px\" \/><\/a> <a href=\"http:\/\/www.schoene-nachrichten.de\/wp-content\/uploads\/2009\/10\/4_Stefan-Mahr_4.jpg\"><img loading=\"lazy\" decoding=\"async\" class=\"alignnone size-thumbnail wp-image-40659\" title=\"Stefan-Mahr\" src=\"http:\/\/www.schoene-nachrichten.de\/wp-content\/uploads\/2009\/10\/4_Stefan-Mahr_4-265x198.jpg\" alt=\"Stefan-Mahr\" width=\"265\" height=\"198\" srcset=\"https:\/\/www.fuldaernachrichten.de\/wp-content\/uploads\/2009\/10\/4_Stefan-Mahr_4-265x198.jpg 265w, https:\/\/www.fuldaernachrichten.de\/wp-content\/uploads\/2009\/10\/4_Stefan-Mahr_4.jpg 800w\" sizes=\"(max-width: 265px) 100vw, 265px\" \/><\/a><\/p>\n<p>Die Mannschaft der RK Marbach 2 (Hessen 2) mit Johannes Diegelmann, Johannes F\u00f6rster, Lukas Heil, Torsten Trabert und Florian Link den 1. Platz und holte zum ersten Mal die Meisterschaft nach Osthessen!<br \/>\nDas Team Marbach 1 (Hessen 1) mit Volker Auel, Reinhold G\u00f6bel, Christian G\u00fcnther, Markus Jahn und Torsten Kiefer belegte den 10. Platz.<\/p>\n<p>Den Einstieg in den Wettkampf bildete am Freitagabend ein Nachtorientierungslauf \u00fcber ca. 10 km. Auf der unwegsamen Strecke, Sandboden, Wald, Erdl\u00f6cher, mussten anhand einer Karte 11, zu Teil sehr versteckte Postenschirme gefunden werden. Die Zeitvorgabe zum L\u00f6sen der Aufgabe lag bei 120 Minuten. Beide Marbacher Mannschaften konnten alle Postenschirme finden und die vorgegebene Zeit sogar noch unterbieten und so schon den Grundstein f\u00fcr den sp\u00e4teren Erfolg legen.<\/p>\n<p>Nach sehr kurzer Nachtruhe bereiteten sich die Mannschaften ab 04:30 Uhr bereits wieder auf die Tages-Patrouille vor. Nach dem Waffenempfang, Fr\u00fchst\u00fcck und kurzem Antreten wurde auf die Stationen verlegt und der Wettkampf fortgef\u00fchrt.<br \/>\nDie Mannschaften bewegten sich w\u00e4hrend des Wettkampfes auf einem Patrouillenweg, auf dem sie immer wieder auf verschiedene Stationen und Szenarien trafen. Bei der Personenkontrolle traf man auf 2 verd\u00e4chtige Einheimische, die sich an einem Trafo-H\u00e4uschen zu schaffen gemacht hatten. Hier war konsequentes Auftreten und Umsetzung der ROE (Rules of Engagement) gefragt.<\/p>\n<p><strong>Realit\u00e4tsnahe Szenarios<\/strong><\/p>\n<p>Direkt im Anschluss traf man auf ein Szenario, bei dem der Hubschrauber mit dem Verteidigungsminister direkt neben einem Minenfeld abgest\u00fcrzt war. Rauch, Explosionen, Schreie von Verletzten und verwirrten Personen lie\u00dfen den Adrenalinspiegel extrem ansteigen. Mit nur 5 Wettk\u00e4mpfern musste eine Vielzahl von Verletzten versorgt aber auch die Situation unter Kontrolle gehalten werden. Hinzu kam noch, dass durch den Absturz zahlreiche Einheimische angelockt wurden, die versuchten, weitere Verwirrung unter den Wettk\u00e4mpfern zu stiften. Beim anschlie\u00dfenden Verwundetentransport galt es eine der verletzten Personen so schnell wie m\u00f6glich zum Verwundetennest zu transportieren.<\/p>\n<p>Im weiteren Verlauf der Patrouille traf man auf ein teilweise eingest\u00fcrztes Geb\u00e4ude, aus dem 2 Personen geborgen werden mussten, allerdings erst, nachdem man den unter Bauschutt verborgenen Zugang zum Geb\u00e4ude freigelegt hatte. Da hier, wie auch bei allen anderen Stationen, eine Zeitbegrenzung vorgegeben war, konnten nicht alle Mannschaften die versch\u00fctteten Personen bergen.<\/p>\n<p>Nach kurzem Durchatmen traf man unmittelbar im Anschluss auf ein Szenario, bei dem nach einen Autounfall brennende, verwirrte und verletzte Personen geborgen und versorgt werden mussten. Auch hier waren wiederum die Teamarbeit und die Vielseitigkeit jedes einzelnen Wettk\u00e4mpfers gefragt.<\/p>\n<p>Als Vorauskommando hie\u00df es bei der n\u00e4chsten Station eine Stra\u00dfe zu erkunden, die als Checkpoint genutzt werden soll. Dort befanden sich unterschiedliche Kampfmittel wie Panzerabwehrminen und M\u00f6rsergeschosse, teilweise mit Dr\u00e4hten zu einer Sprengfalle umfunktioniert. Diese mussten erkannt, klassifiziert und richtig gemeldet werden. Kurz darauf traf man in einem Dorf auf einheimische Personen, die uns zwar freundliche gesinnt aber auch sehr fordernd und bestimmt auftraten. Mitten im Gespr\u00e4ch mit den lokalen Entscheidungstr\u00e4gern unterbrach MG-Feuer das Szenario, was den sofortigen Schutz der Zivilisten und die Aufnahme des Feuerkampfes bedeutete. Hier konnten beide Marbacher Mannschaften gute Trefferergebnisse vorlegen.<\/p>\n<p><strong>Es ging rasant zur Sache<\/strong><\/p>\n<p>Auch bei der n\u00e4chsten Station, dem doppelten Seilsteg konnte eine hervorragende Zeit vorgelegt werden. Kurz darauf traf man bei einem Tempor\u00e4ren Checkpoint auf einen lokalen Gem\u00fcseh\u00e4ndler, dessen Fahrzeug \u00fcberpr\u00fcft werden musste. Zwar gab er an, nur mit Gem\u00fcse zu handeln und keine b\u00f6sen Absichten zu haben, allerdings \u00e4nderte sich die Lage rapide, nachdem eine Waffe im PKW gefunden wurde.<\/p>\n<p>Nach einem weiteren Fu\u00dfmarsch traf man bei einer der forderndsten Stationen, der \u00dcberwindung der Hindernisbahn, ein. Mit dem Nachtmarsch und dem Patrouillenweg in den Knochen keine leichte Aufgabe. Dennoch schaffte es die Mannschaft Marbach 2 die Bestzeit vorzulegen und verfehlte den Bahnrekord von 1 Minute und 28 Sekunden um nur 1 Sekunde!<\/p>\n<p>Intensives Training, die Teilnahme an vielen nationalen und internationalen milit\u00e4rischen Vielseitigkeitswettk\u00e4mpfen in den vergangenen 18 Monaten waren sicherlich eine Grundlage des Erfolgs. Junge Kameraden wurden in die Mannschaften integriert, gefordert und in die Verantwortung genommen, so das die RK Marbach, so wie auch bei den vergangenen Meisterschaften (\u00fcbrigens einmalig in Deutschland) mit 2 Teams an den Start gehen konnte.<\/p>\n<p>Zusammenfassend bildet der Erfolg bei den Deutschen Reservistenmeisterschaften 2009 die Kr\u00f6nung der Arbeit der RK Marbach der letzten Jahre.<\/p>\n","protected":false},"excerpt":{"rendered":"<div class=\"tmnf_excerpt\"><p>Marbach\/Torgelow. Die Deutschen Reservistenmeisterschaften sind der H\u00f6hepunkt im Leistungsvergleich der Reservisten der Bundeswehr. In Torgelow, ganz im Nordosten Deutschlands in Mecklenburg-Vorpommern, traten die 35 besten deutschen Reservistenmannschaften zum Leistungsvergleich an.<\/p>\n<\/div>","protected":false},"author":1,"featured_media":0,"comment_status":"closed","ping_status":"closed","sticky":false,"template":"","format":"standard","meta":{"footnotes":""},"categories":[1,29,46],"tags":[],"class_list":["post-40655","post","type-post","status-publish","format-standard","hentry","category-startseite","category-politik","category-sport"],"_links":{"self":[{"href":"https:\/\/www.fuldaernachrichten.de\/index.php?rest_route=\/wp\/v2\/posts\/40655","targetHints":{"allow":["GET"]}}],"collection":[{"href":"https:\/\/www.fuldaernachrichten.de\/index.php?rest_route=\/wp\/v2\/posts"}],"about":[{"href":"https:\/\/www.fuldaernachrichten.de\/index.php?rest_route=\/wp\/v2\/types\/post"}],"author":[{"embeddable":true,"href":"https:\/\/www.fuldaernachrichten.de\/index.php?rest_route=\/wp\/v2\/users\/1"}],"replies":[{"embeddable":true,"href":"https:\/\/www.fuldaernachrichten.de\/index.php?rest_route=%2Fwp%2Fv2%2Fcomments&post=40655"}],"version-history":[{"count":3,"href":"https:\/\/www.fuldaernachrichten.de\/index.php?rest_route=\/wp\/v2\/posts\/40655\/revisions"}],"predecessor-version":[{"id":41026,"href":"https:\/\/www.fuldaernachrichten.de\/index.php?rest_route=\/wp\/v2\/posts\/40655\/revisions\/41026"}],"wp:attachment":[{"href":"https:\/\/www.fuldaernachrichten.de\/index.php?rest_route=%2Fwp%2Fv2%2Fmedia&parent=40655"}],"wp:term":[{"taxonomy":"category","embeddable":true,"href":"https:\/\/www.fuldaernachrichten.de\/index.php?rest_route=%2Fwp%2Fv2%2Fcategories&post=40655"},{"taxonomy":"post_tag","embeddable":true,"href":"https:\/\/www.fuldaernachrichten.de\/index.php?rest_route=%2Fwp%2Fv2%2Ftags&post=40655"}],"curies":[{"name":"wp","href":"https:\/\/api.w.org\/{rel}","templated":true}]}}