{"id":40642,"date":"2009-10-02T06:50:23","date_gmt":"2009-10-02T04:50:23","guid":{"rendered":"http:\/\/www.schoene-nachrichten.de\/?p=40642"},"modified":"2009-10-02T07:58:35","modified_gmt":"2009-10-02T05:58:35","slug":"circus-baldoni-in-der-cuno-raabe-schule","status":"publish","type":"post","link":"https:\/\/www.fuldaernachrichten.de\/?p=40642","title":{"rendered":"Circus Baldoni in der Cuno-Raabe-Schule"},"content":{"rendered":"<p><strong>Fulda.<\/strong> Eine Projektwoche der besonderen Art konnten die Kinder der Cuno-Raabe-Schule in der letzten Woche erleben. Bereits am Montag erwartete sie ein ungewohntes Bild auf dem Schulhof. Hier hatte die Familie Heilig ihr Zirkuszelt aufgebaut. Die Tiere waren auf der angrenzenden Wiese untergebracht.<\/p>\n<p><a href=\"http:\/\/www.schoene-nachrichten.de\/wp-content\/uploads\/2009\/10\/3_Christine-Langer_1.jpg\"><img fetchpriority=\"high\" decoding=\"async\" class=\"alignnone size-thumbnail wp-image-40643\" title=\"Christine-Langer\" src=\"http:\/\/www.schoene-nachrichten.de\/wp-content\/uploads\/2009\/10\/3_Christine-Langer_1-265x398.jpg\" alt=\"Christine-Langer\" width=\"265\" height=\"398\" srcset=\"https:\/\/www.fuldaernachrichten.de\/wp-content\/uploads\/2009\/10\/3_Christine-Langer_1-265x398.jpg 265w, https:\/\/www.fuldaernachrichten.de\/wp-content\/uploads\/2009\/10\/3_Christine-Langer_1.jpg 399w\" sizes=\"(max-width: 265px) 100vw, 265px\" \/><\/a> <a href=\"http:\/\/www.schoene-nachrichten.de\/wp-content\/uploads\/2009\/10\/3_Christine-Langer_2.jpg\"><img decoding=\"async\" class=\"alignnone size-thumbnail wp-image-40644\" title=\"Christine-Langer\" src=\"http:\/\/www.schoene-nachrichten.de\/wp-content\/uploads\/2009\/10\/3_Christine-Langer_2-265x176.jpg\" alt=\"Christine-Langer\" width=\"265\" height=\"176\" srcset=\"https:\/\/www.fuldaernachrichten.de\/wp-content\/uploads\/2009\/10\/3_Christine-Langer_2-265x176.jpg 265w, https:\/\/www.fuldaernachrichten.de\/wp-content\/uploads\/2009\/10\/3_Christine-Langer_2.jpg 903w\" sizes=\"(max-width: 265px) 100vw, 265px\" \/><\/a><!--more--><br \/>\n<strong><br \/>\nTierdressur, Clownerie, Akrobatik, Seiltanz und Jonglage<\/strong><\/p>\n<p>Nat\u00fcrlich waren alle in heller Aufregung, als sich die Sch\u00fclerinnen und Sch\u00fcler im Zirkuszelt rund um die Manege versammelten. Familie Heilig pr\u00e4sentierte zun\u00e4chst eine kurzweilige und abwechslungsreiche eineinhalbst\u00fcndige Auff\u00fchrung. Dadurch wurden die Kinder auf die kommenden Tage eingestimmt: Tierdressur, Clownerie, Akrobatik, Seiltanz und Jonglage. Alle Zuschauer hielten die Luft an, als Herr Rektor Liebig Model f\u00fcr den Messerwerfer Alfons Heilig stand, der gekonnt seine Messer platzierte. Nach einer Pause durften die Kinder die unterschiedlichen Workshopangebote ausprobieren.<\/p>\n<p><a href=\"http:\/\/www.schoene-nachrichten.de\/wp-content\/uploads\/2009\/10\/3_Christine-Langer_3.jpg\"><img decoding=\"async\" class=\"alignnone size-thumbnail wp-image-40645\" title=\"Christine-Langer\" src=\"http:\/\/www.schoene-nachrichten.de\/wp-content\/uploads\/2009\/10\/3_Christine-Langer_3-265x176.jpg\" alt=\"Christine-Langer\" width=\"265\" height=\"176\" srcset=\"https:\/\/www.fuldaernachrichten.de\/wp-content\/uploads\/2009\/10\/3_Christine-Langer_3-265x176.jpg 265w, https:\/\/www.fuldaernachrichten.de\/wp-content\/uploads\/2009\/10\/3_Christine-Langer_3.jpg 901w\" sizes=\"(max-width: 265px) 100vw, 265px\" \/><\/a> <a href=\"http:\/\/www.schoene-nachrichten.de\/wp-content\/uploads\/2009\/10\/3_Christine-Langer_4.jpg\"><img loading=\"lazy\" decoding=\"async\" class=\"alignnone size-thumbnail wp-image-40646\" title=\"Christine-Langer\" src=\"http:\/\/www.schoene-nachrichten.de\/wp-content\/uploads\/2009\/10\/3_Christine-Langer_4-265x176.jpg\" alt=\"Christine-Langer\" width=\"265\" height=\"176\" srcset=\"https:\/\/www.fuldaernachrichten.de\/wp-content\/uploads\/2009\/10\/3_Christine-Langer_4-265x176.jpg 265w, https:\/\/www.fuldaernachrichten.de\/wp-content\/uploads\/2009\/10\/3_Christine-Langer_4.jpg 902w\" sizes=\"(max-width: 265px) 100vw, 265px\" \/><\/a><\/p>\n<p>Am Dienstag und Mittwoch wurden mit engagierter Hilfe der Lehrkr\u00e4fte in den unterschiedlichen Gruppen intensiv f\u00fcr die beiden Auff\u00fchrungen am Freitag ge\u00fcbt. Wenn man \u00fcber den Schulhof ging oder in der Turnhalle schaute, konnte man \u00fcberall Kinder sehen, die begeistert das Balancieren auf dem Seil, das Drehen von Tellern, das Jonglieren oder den Bau von mehrst\u00f6ckigen Pyramiden lernen. Die erste Generalprobe am Donnerstag versprach bereits eine gro\u00dfartige Vorstellung, zu der alle Familienangeh\u00f6rigen herzlich eingeladen waren.<\/p>\n<p><a href=\"http:\/\/www.schoene-nachrichten.de\/wp-content\/uploads\/2009\/10\/3_Christine-Langer_5.jpg\"><img loading=\"lazy\" decoding=\"async\" class=\"alignnone size-thumbnail wp-image-40647\" title=\"Christine-Langer\" src=\"http:\/\/www.schoene-nachrichten.de\/wp-content\/uploads\/2009\/10\/3_Christine-Langer_5-265x176.jpg\" alt=\"Christine-Langer\" width=\"265\" height=\"176\" srcset=\"https:\/\/www.fuldaernachrichten.de\/wp-content\/uploads\/2009\/10\/3_Christine-Langer_5-265x176.jpg 265w, https:\/\/www.fuldaernachrichten.de\/wp-content\/uploads\/2009\/10\/3_Christine-Langer_5.jpg 902w\" sizes=\"(max-width: 265px) 100vw, 265px\" \/><\/a> <a href=\"http:\/\/www.schoene-nachrichten.de\/wp-content\/uploads\/2009\/10\/3_Christine-Langer_6.jpg\"><img loading=\"lazy\" decoding=\"async\" class=\"alignnone size-thumbnail wp-image-40648\" title=\"Christine-Langer\" src=\"http:\/\/www.schoene-nachrichten.de\/wp-content\/uploads\/2009\/10\/3_Christine-Langer_6-265x176.jpg\" alt=\"Christine-Langer\" width=\"265\" height=\"176\" srcset=\"https:\/\/www.fuldaernachrichten.de\/wp-content\/uploads\/2009\/10\/3_Christine-Langer_6-265x176.jpg 265w, https:\/\/www.fuldaernachrichten.de\/wp-content\/uploads\/2009\/10\/3_Christine-Langer_6.jpg 902w\" sizes=\"(max-width: 265px) 100vw, 265px\" \/><\/a><\/p>\n<p><strong>Das macht Lust auf mehr<\/strong><\/p>\n<p>Am Freitagnachmittag pr\u00e4sentierten dann die Kinder zusammen mit den Artistinnnen und Artisten der Familie Heilig ihr K\u00f6nnen in einem zweist\u00fcndigen Programm. Schulleitung und Kollegium sind sich mit den Kindern und Eltern einig: \u201eDas war eine tolle Projektwoche.\u201c Verst\u00e4ndlich, wenn da am Montag Kinder fragen: \u201eIst heute wieder Zirkus?\u201c<\/p>\n<p><a href=\"http:\/\/www.schoene-nachrichten.de\/wp-content\/uploads\/2009\/10\/3_Christine-Langer_7.jpg\"><\/a><a href=\"http:\/\/www.schoene-nachrichten.de\/wp-content\/uploads\/2009\/10\/3_Christine-Langer_9.jpg\"><img loading=\"lazy\" decoding=\"async\" class=\"alignnone size-thumbnail wp-image-40651\" title=\"Christine-Langer\" src=\"http:\/\/www.schoene-nachrichten.de\/wp-content\/uploads\/2009\/10\/3_Christine-Langer_9-265x176.jpg\" alt=\"Christine-Langer\" width=\"265\" height=\"176\" srcset=\"https:\/\/www.fuldaernachrichten.de\/wp-content\/uploads\/2009\/10\/3_Christine-Langer_9-265x176.jpg 265w, https:\/\/www.fuldaernachrichten.de\/wp-content\/uploads\/2009\/10\/3_Christine-Langer_9.jpg 902w\" sizes=\"(max-width: 265px) 100vw, 265px\" \/><\/a> <img loading=\"lazy\" decoding=\"async\" class=\"alignnone size-thumbnail wp-image-40649\" title=\"Christine-Langer\" src=\"http:\/\/www.schoene-nachrichten.de\/wp-content\/uploads\/2009\/10\/3_Christine-Langer_7-265x175.jpg\" alt=\"Christine-Langer\" width=\"265\" height=\"175\" srcset=\"https:\/\/www.fuldaernachrichten.de\/wp-content\/uploads\/2009\/10\/3_Christine-Langer_7-265x175.jpg 265w, https:\/\/www.fuldaernachrichten.de\/wp-content\/uploads\/2009\/10\/3_Christine-Langer_7.jpg 906w\" sizes=\"(max-width: 265px) 100vw, 265px\" \/> <a href=\"http:\/\/www.schoene-nachrichten.de\/wp-content\/uploads\/2009\/10\/3_Christine-Langer_8.jpg\"><img loading=\"lazy\" decoding=\"async\" class=\"alignnone size-thumbnail wp-image-40650\" title=\"Christine-Langer\" src=\"http:\/\/www.schoene-nachrichten.de\/wp-content\/uploads\/2009\/10\/3_Christine-Langer_8-265x175.jpg\" alt=\"Christine-Langer\" width=\"265\" height=\"175\" srcset=\"https:\/\/www.fuldaernachrichten.de\/wp-content\/uploads\/2009\/10\/3_Christine-Langer_8-265x175.jpg 265w, https:\/\/www.fuldaernachrichten.de\/wp-content\/uploads\/2009\/10\/3_Christine-Langer_8.jpg 904w\" sizes=\"(max-width: 265px) 100vw, 265px\" \/><\/a> <a href=\"http:\/\/www.schoene-nachrichten.de\/wp-content\/uploads\/2009\/10\/3_Christine-Langer_10.jpg\"><img loading=\"lazy\" decoding=\"async\" class=\"alignnone size-thumbnail wp-image-40652\" title=\"Christine-Langer\" src=\"http:\/\/www.schoene-nachrichten.de\/wp-content\/uploads\/2009\/10\/3_Christine-Langer_10-265x175.jpg\" alt=\"Christine-Langer\" width=\"265\" height=\"175\" srcset=\"https:\/\/www.fuldaernachrichten.de\/wp-content\/uploads\/2009\/10\/3_Christine-Langer_10-265x175.jpg 265w, https:\/\/www.fuldaernachrichten.de\/wp-content\/uploads\/2009\/10\/3_Christine-Langer_10.jpg 905w\" sizes=\"(max-width: 265px) 100vw, 265px\" \/><\/a><\/p>\n","protected":false},"excerpt":{"rendered":"<div class=\"tmnf_excerpt\"><p>Fulda. Eine Projektwoche der besonderen Art konnten die Kinder der Cuno-Raabe-Schule in der letzten Woche erleben. Bereits am Montag erwartete sie ein ungewohntes Bild auf dem Schulhof. Hier hatte die Familie Heilig ihr Zirkuszelt aufgebaut. Die Tiere waren auf der angrenzenden Wiese untergebracht.<\/p>\n<\/div>","protected":false},"author":1,"featured_media":0,"comment_status":"closed","ping_status":"closed","sticky":false,"template":"","format":"standard","meta":{"footnotes":""},"categories":[1,72,44],"tags":[],"class_list":["post-40642","post","type-post","status-publish","format-standard","hentry","category-startseite","category-jugend","category-kultur"],"_links":{"self":[{"href":"https:\/\/www.fuldaernachrichten.de\/index.php?rest_route=\/wp\/v2\/posts\/40642","targetHints":{"allow":["GET"]}}],"collection":[{"href":"https:\/\/www.fuldaernachrichten.de\/index.php?rest_route=\/wp\/v2\/posts"}],"about":[{"href":"https:\/\/www.fuldaernachrichten.de\/index.php?rest_route=\/wp\/v2\/types\/post"}],"author":[{"embeddable":true,"href":"https:\/\/www.fuldaernachrichten.de\/index.php?rest_route=\/wp\/v2\/users\/1"}],"replies":[{"embeddable":true,"href":"https:\/\/www.fuldaernachrichten.de\/index.php?rest_route=%2Fwp%2Fv2%2Fcomments&post=40642"}],"version-history":[{"count":3,"href":"https:\/\/www.fuldaernachrichten.de\/index.php?rest_route=\/wp\/v2\/posts\/40642\/revisions"}],"predecessor-version":[{"id":40727,"href":"https:\/\/www.fuldaernachrichten.de\/index.php?rest_route=\/wp\/v2\/posts\/40642\/revisions\/40727"}],"wp:attachment":[{"href":"https:\/\/www.fuldaernachrichten.de\/index.php?rest_route=%2Fwp%2Fv2%2Fmedia&parent=40642"}],"wp:term":[{"taxonomy":"category","embeddable":true,"href":"https:\/\/www.fuldaernachrichten.de\/index.php?rest_route=%2Fwp%2Fv2%2Fcategories&post=40642"},{"taxonomy":"post_tag","embeddable":true,"href":"https:\/\/www.fuldaernachrichten.de\/index.php?rest_route=%2Fwp%2Fv2%2Ftags&post=40642"}],"curies":[{"name":"wp","href":"https:\/\/api.w.org\/{rel}","templated":true}]}}